{"id":35774,"date":"2025-04-02T12:49:25","date_gmt":"2025-04-02T09:49:25","guid":{"rendered":"https:\/\/mnlr.ro\/?p=35774"},"modified":"2025-04-02T12:49:25","modified_gmt":"2025-04-02T09:49:25","slug":"colocviul-national-lucian-blaga-130","status":"publish","type":"post","link":"https:\/\/mnlr.ro\/en\/colocviul-national-lucian-blaga-130\/","title":{"rendered":"COLOCVIUL NA\u021aIONAL \u201eLUCIAN BLAGA \u2013 130\u201d"},"content":{"rendered":"<p>Muzeul Na\u021bional al Literaturii Rom\u00e2ne din Bucure\u0219ti, \u00een parteneriat cu Academia Rom\u00e2n\u0103 \u0219i cu Facultatea de Litere a Universit\u0103\u021bii din Bucure\u0219ti, organizeaz\u0103, la <strong>15 mai 2025<\/strong>, Colocviul Na\u021bional \u201eLucian Blaga \u2013 130\u201d. Av\u00e2nd \u00een patrimoniu un bogat fond de documente blagiene valorificate de-a lungul timpului de cercet\u0103tori, M.N.L.R. \u00ee\u0219i propune, la 130 de ani de la na\u0219terea autorului <em>Poemelor luminii<\/em>, s\u0103 dep\u0103\u0219easc\u0103 inerentele grani\u021be arhivistice \u0219i s\u0103 devin\u0103 un spa\u021biu al dialogului pluridisciplinar. Multiplele fa\u021bete ale crea\u021biei poetului, filosofului, dramaturgului Lucian Blaga, dar \u0219i aplecarea pentru traduceri deloc facile sau cariera sa diplomatic\u0103 reprezint\u0103 premisele pentru o asemenea manifestare.<\/p>\n<p>Colocviul Na\u021bional \u201eLucian Blaga \u2013 130\u201d se adreseaz\u0103 criticilor \u0219i istoricilor literari, cercet\u0103torilor, universitarilor \u0219i studen\u021bilor, care sunt invita\u021bi s\u0103 prezinte comunic\u0103ri despre opera sau biografia lui Lucian Blaga.<\/p>\n<p>Pentru \u00eenscrierea la colocviu v\u0103 rug\u0103m s\u0103 trimite\u021bi la adresa <strong>colocviu@mnlr.ro<\/strong> un document Word care s\u0103 con\u021bin\u0103 <strong>titlul<\/strong> comunic\u0103rii propuse, un <strong>rezumat<\/strong> de 200-300 de cuvinte (Times New Roman 12, la 1.5 r\u00e2nduri, aliniere st\u00e2nga-dreapta),<strong> 5 cuvinte-cheie<\/strong> \u0219i men\u021biunea <strong>afilierii institu\u021bionale<\/strong>. Durata unei comunic\u0103ri trebuie s\u0103 se \u00eencadreze \u00een limita a <strong>15 minute<\/strong>.<\/p>\n<p><strong>Calendar<\/strong><\/p>\n<p>30.04.2025 \u2013 termen-limit\u0103 pentru \u00eenscriere, la adresa <strong>colocviu@mnlr.ro<\/strong>;<\/p>\n<p>05.05.2025\u2013 confirmarea accept\u0103rii \u00eenscrierii din partea organizatorilor;<\/p>\n<p>07.05.2025 \u2013 definitivarea programului colocviului.<\/p>\n<p><strong>Detalii organizatorice<\/strong><\/p>\n<p>Nu se percepe tax\u0103 de participare.<\/p>\n<p>Pentru participan\u021bii din \u021bar\u0103 Muzeul Na\u021bional al Literaturii Rom\u00e2ne asigur\u0103 transport \u00een valoare maxim\u0103 de 500 lei \u0219i o noapte de cazare.<\/p>\n<p>Informa\u021bii privitoare la desf\u0103\u0219urarea colocviului vor fi publicate pe site-ul Muzeului Na\u021bional al Literaturii Rom\u00e2ne (<strong>mnlr.ro<\/strong>, \u00een sec\u021biunea <em>Events<\/em>), pe site-ul Academiei Rom\u00e2ne (<strong>acad.ro<\/strong>, \u00een sec\u021biunea <em>Events<\/em>) \u0219i pe site-ul Facult\u0103\u021bii de Litere a Universit\u0103\u021bii din Bucure\u0219ti (<strong>litere.ro<\/strong>, \u00een sec\u021biunea <em>Events<\/em>).<\/p>\n<p><strong>Comitetul \u0219tiin\u021bific:<\/strong><\/p>\n<p>Acad. <strong>Mircea Martin<\/strong><\/p>\n<p>Prof. dr. <strong>Oana Fotache<\/strong><\/p>\n<p>Prof. dr. <strong>Carmen Mu\u0219at<\/strong><\/p>\n<p>Prof. dr. <strong>Ioan Cristescu<\/strong><\/p>\n<p>Prof. dr. <strong>Caius Dobrescu<\/strong><\/p>\n<p><strong>\u00a0<\/strong><\/p>","protected":false},"excerpt":{"rendered":"<p>Muzeul Na\u021bional al Literaturii Rom\u00e2ne din Bucure\u0219ti, \u00een parteneriat cu Academia Rom\u00e2n\u0103 \u0219i cu Facultatea de Litere a Universit\u0103\u021bii din&#8230;<\/p>","protected":false},"author":13,"featured_media":35775,"comment_status":"closed","ping_status":"closed","sticky":false,"template":"","format":"standard","meta":{"_exactmetrics_skip_tracking":false,"_exactmetrics_sitenote_active":false,"_exactmetrics_sitenote_note":"","_exactmetrics_sitenote_category":0,"footnotes":""},"categories":[9,1],"tags":[],"class_list":["post-35774","post","type-post","status-publish","format-standard","has-post-thumbnail","hentry","category-evenimente","category-uncategorized"],"_links":{"self":[{"href":"https:\/\/mnlr.ro\/en\/wp-json\/wp\/v2\/posts\/35774","targetHints":{"allow":["GET"]}}],"collection":[{"href":"https:\/\/mnlr.ro\/en\/wp-json\/wp\/v2\/posts"}],"about":[{"href":"https:\/\/mnlr.ro\/en\/wp-json\/wp\/v2\/types\/post"}],"author":[{"embeddable":true,"href":"https:\/\/mnlr.ro\/en\/wp-json\/wp\/v2\/users\/13"}],"replies":[{"embeddable":true,"href":"https:\/\/mnlr.ro\/en\/wp-json\/wp\/v2\/comments?post=35774"}],"version-history":[{"count":1,"href":"https:\/\/mnlr.ro\/en\/wp-json\/wp\/v2\/posts\/35774\/revisions"}],"predecessor-version":[{"id":35776,"href":"https:\/\/mnlr.ro\/en\/wp-json\/wp\/v2\/posts\/35774\/revisions\/35776"}],"wp:featuredmedia":[{"embeddable":true,"href":"https:\/\/mnlr.ro\/en\/wp-json\/wp\/v2\/media\/35775"}],"wp:attachment":[{"href":"https:\/\/mnlr.ro\/en\/wp-json\/wp\/v2\/media?parent=35774"}],"wp:term":[{"taxonomy":"category","embeddable":true,"href":"https:\/\/mnlr.ro\/en\/wp-json\/wp\/v2\/categories?post=35774"},{"taxonomy":"post_tag","embeddable":true,"href":"https:\/\/mnlr.ro\/en\/wp-json\/wp\/v2\/tags?post=35774"}],"curies":[{"name":"wp","href":"https:\/\/api.w.org\/{rel}","templated":true}]}}