{"id":35933,"date":"2025-04-28T12:16:49","date_gmt":"2025-04-28T09:16:49","guid":{"rendered":"https:\/\/mnlr.ro\/?p=35933"},"modified":"2025-04-28T12:23:21","modified_gmt":"2025-04-28T09:23:21","slug":"expozitie-memoria-amintirilor-o-calatorie-spre-noi-insine","status":"publish","type":"post","link":"https:\/\/mnlr.ro\/en\/expozitie-memoria-amintirilor-o-calatorie-spre-noi-insine\/","title":{"rendered":"Expozi\u021bie \u201eMemoria amintirilor \u2013 o c\u0103l\u0103torie spre noi \u00een\u0219ine\u201d"},"content":{"rendered":"<p>Uniunea Arti\u0219tilor Plastici, \u00een colaborare cu Centrul Cultural ART4ALL, deschide la sediul Muzeului Na\u021bional al Literaturii Rom\u00e2ne din Calea Grivi\u021bei 64-44, \u00eencep\u00e2nd din data de 6 mai 2025, expozi\u021bia de asamblaj, colaj, obiect, instala\u021bie, video intitulat\u0103 \u201e<strong>Memoria amintirilor\u00a0 <em>\u2013 o c\u0103l\u0103torie spre noi \u00een\u0219ine<\/em><\/strong><strong>\u201d<\/strong>, a artistei Daniela Voicil\u0103 Dr\u0103gulescu.<\/p>\n<p><strong>Vernisajul va avea loc mar\u021bi, 13 mai 2025, ora 18.30. Invitat special va fi artistul Mircia Dumitrescu. \u00cen deschidere va lua cuv\u00e2ntul criticul de art\u0103 \u0219i jurnalistul Mimi Necula.<\/strong><\/p>\n<p>S\u00e2mb\u0103t\u0103, <strong>31 mai 2025, ora 15.00<\/strong>, scriitoarea <strong>Ana Blandiana<\/strong> este invitat\u0103 s\u0103 recite din cea mai recent\u0103 crea\u021bie poetic\u0103 a sa.<\/p>\n<p>Expozi\u021bia poate fi vizitat\u0103 \u00een perioada 6 &#8211; 31 mai 2025, de mar\u021bi p\u00e2n\u0103 s\u00e2mb\u0103t\u0103, \u00een intervalul orar 12.00 \u2013 20.00.<\/p>\n<p><strong>***<\/strong><\/p>\n<p><strong>Daniela Voicil\u0103 Dr\u0103gulescu:<\/strong><\/p>\n<p>\u201eO repunere \u00een pagin\u0103 a memoriei amintirilor, o reconstruc\u021bie activ\u0103 a trecutului.<\/p>\n<p>Imaginile r\u0103mase \u00een urma noastr\u0103 rescriu evenimentele din trecut. Scrisori, fotografii, c\u0103r\u021bi, filme, picturi, albume \u0219i jurnale, obiecte de folosin\u021b\u0103 curent\u0103 \u2013 toate acestea nu sunt dec\u00e2t dovezi ale trecerii noastre pe aici pentru un timp limitat \u2013 treceri devenite amintiri, expozi\u021bia prezent\u0103 nef\u0103c\u00e2nd dec\u00e2t s\u0103 le readuc\u0103 \u00een fa\u021ba (publicului) \u00eentr-o alt\u0103 viziune.<\/p>\n<p>Expozi\u021bia aceasta este o continuare a expozi\u021biilor precedente care au vorbit despre trecerea noastr\u0103 prin via\u021b\u0103, despre ce suntem noi \u00een acest univers, de unde venim \u0219i unde ne ducem.<\/p>\n<p>Amintirile nu sunt doar \u00abfotografii\u00bb ale trecutului, fiecare dintre noi fiind unic \u00een felul s\u0103u, marca\u021bi de experien\u021be \u0219i visuri, emo\u021bii \u0219i credin\u021be. Multe dintre ele sunt uitate (spre bine), cele cu impact mai puternic r\u0103m\u00e2n\u00e2nd, unele chiar put\u00e2nd fi interpretate ca form\u00e2nd identitatea noastr\u0103, ajut\u00e2ndu-ne s\u0103 descoperim cine suntem, de unde venim \u0219i unde ne ducem.<\/p>\n<p>Memoria noastr\u0103 face parte din memoria colectiv\u0103 unde noi ne \u00eemp\u0103rt\u0103\u0219im prezentul \u0219i amintirile, devenind astfel istorie. Memoria \u0219i trecutul influen\u021beaz\u0103 prezentul \u0219i construiesc identitatea.<\/p>\n<p>Pere\u021bii caselor poart\u0103 \u00een ei amintiri t\u0103cute, sculptate \u00een timp. Ei sunt mai mult dec\u00e2t ziduri; sunt alc\u0103tui\u021bi din pove\u0219ti, emo\u021bii \u0219i fragmente de oameni care le-au dat via\u021b\u0103, cronici ale existen\u021bei.<\/p>\n<p>Fiecare cr\u0103p\u0103tur\u0103, fiecare strat de vopsea \u0219i fiecare urm\u0103 p\u0103streaz\u0103 pove\u0219ti care vorbesc despre momente trecute. Sunt martori t\u0103cu\u021bi ai r\u00e2setelor care au umplut \u00eenc\u0103perile, ai lacrimilor care au fost v\u0103rsate \u00een nop\u021bile grele \u0219i ai visurilor \u0219optite la lumina unei l\u0103mpi. Astfel, zidurile nu sunt doar limite fizice, ci fragmente ale sufletului colectiv al celor care le-au modelat \u0219i care le-au tr\u0103it.<\/p>\n<p>Fiecare dintre noi este o poveste, iar trecutul joac\u0103 un rol semnificativ \u00een aceast\u0103 poveste.<\/p>\n<p>Memoria amintirilor este un concept complex \u0219i fascinant care ne invit\u0103 s\u0103 ne g\u00e2ndim \u00een interiorul nostru, la natura subiectiv\u0103 a experien\u021bei noastre de-a lungul anilor.\u201d<\/p>\n<p><strong>Mimi Necula, <\/strong><strong>critic de art\u0103 \u0219i jurnalist:<\/strong><\/p>\n<p>\u201eAmintirile sunt fr\u00e2nturi de via\u021b\u0103 a\u0219a cum fragmentul este bucat\u0103 din \u00eentreg, dintr-un tot acumulat \u00een timp, cu timp, despre timp. Iar \u00een mijloc, omul ca m\u0103sura a timpului ce delimiteaz\u0103 experien\u021be, existen\u021be\u2026<\/p>\n<p>Ce ne sunt amintirile, dac\u0103 nu copiii care s-au n\u0103scut din noi, pentru a fi mereu parte din via\u021ba noastr\u0103; v\u00e2rfurile de pe care am privit sui\u0219urile \u0219i cobor\u00e2\u0219urile unui drum la cap\u0103tul c\u0103ruia ne-am descoperit; zbateri de inim\u0103 care au dat aritmiile unei electrocardiograme atipice. Amintirile suntem noi, cei care am tr\u0103it cu at\u00e2ta intensitate \u00eenc\u00e2t am devenit pove\u0219ti de spus, peste timp, destine care s-au \u00eenc\u0103p\u0103\u021b\u00e2nat s\u0103 existe mai departe dec\u00e2t durata unei vie\u021bi, devenind o parte din memoria celorlal\u021bi care, mai mult sau mai pu\u021bin \u00eent\u00e2mpl\u0103tor, se intersecteaz\u0103 \u0219i se influen\u021beaz\u0103. O fotografie veghe, p\u0103tat\u0103 de trecerea timpului, poate spune mai mult dec\u00e2t un povestitor iscusit; un fragment dintr-o coresponden\u021b\u0103 \u00ee\u021bi dest\u0103inuie emo\u021bia unor \u00eent\u00e2lniri sau natura unor fapte ce au devenit destine; O plac\u0103 de patefon r\u0103sun\u0103 mut \u00een acordul unor alte vremuri; o yal\u0103 ruginit\u0103 deschide u\u0219a c\u0103tre o lume care nu vrea s\u0103 r\u0103m\u00e2n\u0103 \u00een trecut, ci ne conduce c\u0103tre viitor, ca o umbr\u0103 t\u0103cut\u0103, dar omniprezent\u0103\u2026<\/p>\n<p>Din amintiri \u0219i-a constituit <strong>Daniela Voicil\u0103 Dr\u0103gulescu<\/strong> un univers plastic plin de sensibilitate \u0219i de expresivitate. Din vechi a creat noul sau noua form\u0103 a memoriei care s\u0103 trezeasc\u0103 \u00een noi, o data \u00een plus, emo\u021bia ini\u021bial\u0103, amintirea ulterioar\u0103, memoria persistent\u0103. A colectat fr\u00e2nturi de vie\u021bi \u0219i le-a cumulat \u00eentr-una care s\u0103 duc\u0103 mai departe o poveste care \u00eenc\u0103 nu \u0219i-a g\u0103sit finalul, o amintire care \u00eenc\u0103 nu s-a arhivat \u00een depozitarul sufletului nostru.<\/p>\n<p>\u00abAm vrut s\u0103 le dau o nou\u0103 via\u021b\u0103\u00bb, ne spune plasticiana care \u00eentreaga via\u021b\u0103 a organizat spa\u021biul scenelor pe care s-au jucat diferite roluri, inclusiv al s\u0103u, de scenarist multipremiat, dar \u0219i de artist plastic ce \u0219i-a preg\u0103tit cu perseveren\u021b\u0103 ie\u0219irile \u00een public, \u00eenc\u0103 de la \u00eenceputurile form\u0103rii sale la Liceul de Arte Plastice \u201eNicolae Tonitza\u201d din\u00a0 Bucure\u0219ti \u0219i la Academia de Arte Plastice \u201eN. Grigorescu\u201d, la Sec\u0163ia Pictur\u0103 \u015fi scenografie.<\/p>\n<p>&#8230;s\u0103 le ofere un nou context, o nou\u0103 hain\u0103, pe care, prin experien\u021ba de creator de costume \u0219i de viziune, ar concepe-o s\u0103 fie pe m\u0103sur\u0103 \u0219i, totodat\u0103, s\u0103 pun\u0103 \u00een lumin\u0103 frumuse\u021bea \u0219i valoarea pe care timpul \u0219i-a a\u0219ezat patina \u0219i uitarea. A conceput <em>Scenografia timpului <\/em>care ne atribuie fiec\u0103ruia un rol \u0219i tuturor, amintiri. Prin pictur\u0103, colaje \u0219i asamblaje a redat, fiec\u0103rei amintiri, \u00eenc\u0103 un moment s\u0103 existe \u0219i s\u0103 se \u00eenscrie \u00een memoria colectiv\u0103.<\/p>\n<p>Expozi\u021bia \u201eMemoria amintirilor\u201d a plasticienei Daniela Dr\u0103gulescu exploreaz\u0103 valoarea trecutului de a ne fi prezent \u0219i viitor, abilitatea omului de a retr\u0103i \u0219i, poate, rena\u0219te, prin intermediul amintirilor \u0219i a artei care le men\u021bine vii, este o \u00eensumare de talent artistic \u0219i de sensibilitate uman\u0103 care ni se dezv\u0103luie viu, prezent, ca o primenire a sufletului \u00een fa\u021ba timpului.\u201d<\/p>\n<p>link<strong> MEMORIA AMINTIRILOR \u2013 <\/strong>film proiectat pe parcursul expozi\u021biei<\/p>\n<p><a href=\"https:\/\/www.youtube.com\/watch?v=4au8KvqY9Bo\">https:\/\/www.youtube.com\/watch?v=4au8KvqY9Bo<\/a><\/p>","protected":false},"excerpt":{"rendered":"<p>Uniunea Arti\u0219tilor Plastici, \u00een colaborare cu Centrul Cultural ART4ALL, deschide la sediul Muzeului Na\u021bional al Literaturii Rom\u00e2ne din Calea Grivi\u021bei&#8230;<\/p>","protected":false},"author":13,"featured_media":35934,"comment_status":"closed","ping_status":"closed","sticky":false,"template":"","format":"standard","meta":{"_exactmetrics_skip_tracking":false,"_exactmetrics_sitenote_active":false,"_exactmetrics_sitenote_note":"","_exactmetrics_sitenote_category":0,"footnotes":""},"categories":[9,65],"tags":[],"class_list":["post-35933","post","type-post","status-publish","format-standard","has-post-thumbnail","hentry","category-evenimente","category-expozitii-temporare-mnlr-calea-grivitei-64-66"],"_links":{"self":[{"href":"https:\/\/mnlr.ro\/en\/wp-json\/wp\/v2\/posts\/35933","targetHints":{"allow":["GET"]}}],"collection":[{"href":"https:\/\/mnlr.ro\/en\/wp-json\/wp\/v2\/posts"}],"about":[{"href":"https:\/\/mnlr.ro\/en\/wp-json\/wp\/v2\/types\/post"}],"author":[{"embeddable":true,"href":"https:\/\/mnlr.ro\/en\/wp-json\/wp\/v2\/users\/13"}],"replies":[{"embeddable":true,"href":"https:\/\/mnlr.ro\/en\/wp-json\/wp\/v2\/comments?post=35933"}],"version-history":[{"count":4,"href":"https:\/\/mnlr.ro\/en\/wp-json\/wp\/v2\/posts\/35933\/revisions"}],"predecessor-version":[{"id":35938,"href":"https:\/\/mnlr.ro\/en\/wp-json\/wp\/v2\/posts\/35933\/revisions\/35938"}],"wp:featuredmedia":[{"embeddable":true,"href":"https:\/\/mnlr.ro\/en\/wp-json\/wp\/v2\/media\/35934"}],"wp:attachment":[{"href":"https:\/\/mnlr.ro\/en\/wp-json\/wp\/v2\/media?parent=35933"}],"wp:term":[{"taxonomy":"category","embeddable":true,"href":"https:\/\/mnlr.ro\/en\/wp-json\/wp\/v2\/categories?post=35933"},{"taxonomy":"post_tag","embeddable":true,"href":"https:\/\/mnlr.ro\/en\/wp-json\/wp\/v2\/tags?post=35933"}],"curies":[{"name":"wp","href":"https:\/\/api.w.org\/{rel}","templated":true}]}}