{"id":35939,"date":"2025-04-28T15:43:20","date_gmt":"2025-04-28T12:43:20","guid":{"rendered":"https:\/\/mnlr.ro\/?p=35939"},"modified":"2025-05-12T19:03:39","modified_gmt":"2025-05-12T16:03:39","slug":"concert-emotii-de-primavara","status":"publish","type":"post","link":"https:\/\/mnlr.ro\/en\/concert-emotii-de-primavara\/","title":{"rendered":"Concert \u201eEmo\u021bii de Prim\u0103var\u0103\u201d"},"content":{"rendered":"<p><strong>Mar\u021bi, 20 mai 2025, ora 18.00<\/strong>, la sediul MNLR din strada Nicolae Cre\u021bulescu 8 va avea loc concertul intitulat <strong>\u201eEmo\u021bii de Prim\u0103var\u0103<\/strong>\u201d din cadrul <strong>Stagiunii de concerte <\/strong>\u201e<strong>Muzicienii Filarmonicii George Enescu se prezint\u0103\u201d<\/strong> organizate de Filarmonica \u201eGeorge Enescu\u201d Bucure\u0219ti, \u00een parteneriat cu Muzeul Na\u021bional al Literaturii Rom\u00e2ne.<\/p>\n<p>Concertul este conceput pentru a oferi \u0219ansa elevilor de la Colegiul Na\u021bional de Arte \u201eDinu Lipatti\u201d, clasa Canto Clasic a <strong>prof. MARIUS OLTEANU<\/strong>, de a-\u0219i etala aptitudinile muzicale care ar dovedi dac\u0103 sunt preg\u0103ti\u021bi s\u0103 c\u00e2\u0219tige un concurs de colaborare sau de ocupare a unui post la Filarmonica \u201eGeorge Enescu\u201d.<\/p>\n<p><strong>Vor c\u00e2nta elevii: <\/strong><strong>Antonio Huertas, Maria Nanciu, David Cercel, Mateo Nechita, Anya Voicu, Olivia Oprea, Evelina Moga, Daria Elena Dumitrescu \u0219i Maria-Ilinca C\u00e2rstea.<\/strong><\/p>\n<p><strong>Invita\u021bi speciali: <\/strong><\/p>\n<p><strong>Maria Cazacu<\/strong> &#8211; student\u0103 \u00een anul I la UNMB sec\u021bia Canto Clasic, clasa Conf. Dr. Claudia Codreanu<\/p>\n<p><strong>David Miron<\/strong> &#8211; student anul IV la UNMB, sec\u021bia Canto Clasic, clasa Prof. Dr. \u0218tefan Ignat<\/p>\n<p><strong>Maestru acompaniator: Ionu\u021b Diaconu<\/strong><\/p>\n<p><strong>Prezint\u0103: Dr. Simona-Nicoletta JIDVEANU, solist\u0103 la Filarmonica \u201eGeorge Enescu\u201d Bucure\u0219ti \u0219i coordonator al stagiunii \u201eMuzicienii Filarmonicii George Enescu se prezint\u0103\u201d (https:\/\/www.facebook.com\/nicolettasimonasoprana).<\/strong><\/p>\n<p><strong>I<\/strong><strong>ntrarea este liber\u0103.<\/strong><\/p>\n<p><strong>Din program nu voi lipsi surprizele . . .<\/strong><\/p>\n<p><strong>V\u0103 a\u0219tept\u0103m cu drag!<\/strong><\/p>\n<p>Soprana\u00a0<strong>Simona Nicoleta Jidveanu<\/strong>\u00a0se releveaz\u0103 ca o solist\u0103 de o muzicalitate fermec\u0103toare, cu o tehnic\u0103 vocal\u0103 impecabil\u0103, cu voce cald\u0103, puternic\u0103, minunat catifelat\u0103, utiliz\u00e2nd cu accent \u0219i amploare resursele vocale de clas\u0103 superioar\u0103 de care dispune. Timbrul \u0219i emisiunea u\u0219oar\u0103 a glasului \u00eei permite treceri uluitoare \u0219i nea\u0219teptate dintr-un registru \u00een altul. Pentru temperamentul s\u0103u scenic, pentru momentele excep\u021bionale de factur\u0103 teatral\u0103 \u0219i de c\u00e2nt, pentru deosebita varietate de resurse artistice, Simona Nicoleta Jidveanu se \u00eenf\u0103\u021bi\u0219eaz\u0103 ca o profund\u0103 g\u00e2nditoare cu bogate resurse intelectuale \u0219i imaginative. Soprana Simona-Nicoleta Jidveanu este Artist Liric, solist\u0103 a Filarmonicii \u201eGeorge Enescu\u201d din Bucure\u0219ti.\u00a0Din martie 2024 coordoneaz\u0103 stagiunea de concerte a Casei de Cultur\u0103 \u201eFriedrich Schiller\u201d din Bucure\u0219ti, prin Acordul de Parteneriat oficial, sub egida Filarmonicii \u201eGeorge Enescu\u201d.<\/p>\n<p>Repertoriul sopranei <strong>Simona Nicoleta Jidveanu<\/strong> se constituie din importante roluri de oper\u0103\u00a0 precum: Violetta Valery din opera <em>La Traviata<\/em>, Gilda din opera <em>Rigoletto<\/em>, Amalia din opera I <em>Masnadieri<\/em>\u00a0 de Giuseppe Verdi, K\u00f6nigin der Nacht \u2013 Regina Nop\u021bii din opera <em>Flautul fermecat<\/em> de Mozart, Konstanze din opera <em>R\u0103pirea din Serai<\/em> de Mozart, Lucia din opera <em>Lucia<\/em> <em>de Lammermoor<\/em> de Donizzetti,\u00a0 Elvira din <em>Puritani<\/em> de Vincenzo Bellini, Amina din <em>La Sonnambula de Bellini<\/em>, precum \u0219i roluri importante \u00een opere contemporane. De\u021bin\u0103toare a Diplomei de Masterat \u00een stilul Belcanto \u0219i a titlului \u0219tiin\u021bific de Doctor \u00een muzic\u0103, soprana Simona Nicoleta Jidveanu este solist\u0103 a Filarmonicii \u201eGeorge Enescu\u201d din Bucure\u0219ti. Pentru versatilitatea stilistic\u0103, ce include un repertoriu vast, de la muzica veche p\u00e2n\u0103 la cea contemporan\u0103, soprana a realizat \u00een premier\u0103 mondial\u0103 variate lucr\u0103ri de oper\u0103 \u0219i vocal-simfonice. Cel mai important premiu, ob\u021binut \u00een 2015, este Marele Premiu al prestigiosului Concurs Interna\u021bional de Canto \u201eGeorge Enescu\u201d Paris. Realizeaz\u0103 turnee \u00een: Rom\u00e2nia, Austria, Germania, Olanda, Republica Moldova, Italia, Fran\u021ba, sus\u021bin\u00e2nd concerte cu muzic\u0103 de oper\u0103, cea mai drag\u0103 inimii sale.<\/p>\n<p><strong>Lauren\u021biu Darie<\/strong> a \u00eenceput studiul fagotului \u00eenc\u0103 din copil\u0103rie la Liceul de Art\u0103 \u201eDimitrie Cuclin\u201d din Gala\u021bi, pe care l-a continuat apoi la Universitatea Na\u021bional\u0103 de Muzic\u0103 din Bucure\u0219ti. Studiile au fost urmate de un stagiu la M\u00fcnchen, unde a lucrat cu profesorul Marco Postinghel. A colaborat cu numeroase orchestre din str\u0103in\u0103tate precum: Orchestra Simfonic\u0103 din M\u00fcnchen, Orchestra Simfonic\u0103 Na\u021bional\u0103 a Libanului, Orchestra de Stat din Mexic \u0219i Orchestra Waltzer din Viena. A concertat ca solist cu Laurea Armonica, Trio Veritas, cvintetul Consonus, Collegio Stravagante etc. A sus\u021binut concerte \u00een Italia, Fran\u021ba, Japonia, Mexic \u0219i Australia. Din 1998 este membru al Filarmonicii \u201eGeorge Enescu\u201d din Bucure\u0219ti. \u00cen anul 2011 a fost selec\u021bionat s\u0103 se al\u0103ture YouTube Symphony Orchestra sus\u021bin\u00e2nd cu aceasta un concert, transmis \u00een direct pe site-ul Youtube, \u00een Sydney (Australia). Concertul din 2011 a fost cel mai vizionat concert live de pe internet, iar Lauren\u021biu Darie a fost considerat de c\u0103tre Los Angeles Times ca fiind unul dintre cei mai buni instrumenti\u0219ti. A ob\u021binut titlul \u0219tiin\u021bific de Doctor \u00een Muzic\u0103 la Universitatea Na\u021bional\u0103 de Muzic\u0103 din Bucure\u0219ti \u0219i este solist\u00a0 fagot- \u0219ef de partid\u0103 \u00een cadrul Orchestrei Filarmonicii \u201eGeorge Enescu\u201d din Bucure\u0219ti.<\/p>\n<p><strong>Ieronim Buga<\/strong> este absolvent al Universit\u0103\u021bii Na\u021bionale de Muzic\u0103 din Bucure\u0219ti, sec\u021biile Pian \u0219i Dirijat. \u00cen prezent desf\u0103\u0219oar\u0103 o prestigioas\u0103 activitate ca artist liric \u0219i pianist al Filarmonicii \u201eGeorge Enescu\u201d. A abordat diferite stiluri din literatura pianistic\u0103, particip\u00e2nd la numeroase turnee \u00een Spania, Germania, Danemarca, Elve\u021bia, cu o bogat\u0103 activitate de pianist acompaniator.<\/p>","protected":false},"excerpt":{"rendered":"<p>Mar\u021bi, 20 mai 2025, ora 18.00, la sediul MNLR din strada Nicolae Cre\u021bulescu 8 va avea loc concertul intitulat \u201eEmo\u021bii&#8230;<\/p>","protected":false},"author":13,"featured_media":36000,"comment_status":"closed","ping_status":"closed","sticky":false,"template":"","format":"standard","meta":{"_exactmetrics_skip_tracking":false,"_exactmetrics_sitenote_active":false,"_exactmetrics_sitenote_note":"","_exactmetrics_sitenote_category":0,"footnotes":""},"categories":[9],"tags":[],"class_list":["post-35939","post","type-post","status-publish","format-standard","has-post-thumbnail","hentry","category-evenimente"],"_links":{"self":[{"href":"https:\/\/mnlr.ro\/en\/wp-json\/wp\/v2\/posts\/35939","targetHints":{"allow":["GET"]}}],"collection":[{"href":"https:\/\/mnlr.ro\/en\/wp-json\/wp\/v2\/posts"}],"about":[{"href":"https:\/\/mnlr.ro\/en\/wp-json\/wp\/v2\/types\/post"}],"author":[{"embeddable":true,"href":"https:\/\/mnlr.ro\/en\/wp-json\/wp\/v2\/users\/13"}],"replies":[{"embeddable":true,"href":"https:\/\/mnlr.ro\/en\/wp-json\/wp\/v2\/comments?post=35939"}],"version-history":[{"count":5,"href":"https:\/\/mnlr.ro\/en\/wp-json\/wp\/v2\/posts\/35939\/revisions"}],"predecessor-version":[{"id":36002,"href":"https:\/\/mnlr.ro\/en\/wp-json\/wp\/v2\/posts\/35939\/revisions\/36002"}],"wp:featuredmedia":[{"embeddable":true,"href":"https:\/\/mnlr.ro\/en\/wp-json\/wp\/v2\/media\/36000"}],"wp:attachment":[{"href":"https:\/\/mnlr.ro\/en\/wp-json\/wp\/v2\/media?parent=35939"}],"wp:term":[{"taxonomy":"category","embeddable":true,"href":"https:\/\/mnlr.ro\/en\/wp-json\/wp\/v2\/categories?post=35939"},{"taxonomy":"post_tag","embeddable":true,"href":"https:\/\/mnlr.ro\/en\/wp-json\/wp\/v2\/tags?post=35939"}],"curies":[{"name":"wp","href":"https:\/\/api.w.org\/{rel}","templated":true}]}}