{"id":36515,"date":"2025-08-05T11:05:40","date_gmt":"2025-08-05T08:05:40","guid":{"rendered":"https:\/\/mnlr.ro\/?p=36515"},"modified":"2025-08-05T11:09:23","modified_gmt":"2025-08-05T08:09:23","slug":"recital-aniversar-darul-trandafirului","status":"publish","type":"post","link":"https:\/\/mnlr.ro\/en\/recital-aniversar-darul-trandafirului\/","title":{"rendered":"Recital aniversar \u201eDarul trandafirului\u201d"},"content":{"rendered":"<p>La 144 de ani de la na\u0219terea lui George Enescu, v\u0103 invit\u0103m s\u0103 ne fi\u021bi al\u0103turi la un moment de profund\u0103 reveren\u021b\u0103 \u0219i sensibilitate artistic\u0103 \u2013 recitalul de lieduri <em>\u201eDarul trandafirului\u201d<\/em>, ce va avea loc \u00een data de 19 august 2025, ora 18.00, la Muzeul Na\u021bional al Literaturii Rom\u00e2ne, \u00een stagiunea \u201eMuzicienii Filarmonicii George Enescu\u201d.<\/p>\n<p>Pornind de la poezia <em>Estrenne de la rose<\/em> a poetului Clement Marot, evenimentul aduce \u00een prim-plan simbolul trandafirului \u2013 floare a timpului, a iubirii d\u0103ruite \u0219i primite, dar \u0219i a efemerului transfigurat prin art\u0103. \u00cen muzica lui Enescu, trandafirul devine glas interior: fragil, sacru, viu.<\/p>\n<p>Acest recital este mai mult dec\u00e2t o celebrare \u2013 este un gest de recuno\u0219tin\u021b\u0103 fa\u021b\u0103 de mo\u0219tenirea enescian\u0103, o invita\u021bie la contempla\u021bie \u0219i emo\u021bie \u00eemp\u0103rt\u0103\u0219it\u0103, prin vocea liedului \u0219i vibra\u021bia poeziei.<\/p>\n<p>V\u0103 a\u0219tept\u0103m cu bucurie s\u0103 cinstim \u00eempreun\u0103 acest dar al memoriei \u0219i frumuse\u021bii rom\u00e2ne\u0219ti.<\/p>\n<p><strong>Interpreteaz\u0103:<\/strong><\/p>\n<p>Simona-Nicoletta Jidveanu, sopran\u0103<\/p>\n<p>Cristina Lascu, actri\u021b\u0103<\/p>\n<p>Ieronim Buga, pian<\/p>\n<p>Coordonator stagiune: Dr. Simona-Nicoletta Jidveanu, sopran\u0103, solist\u0103 Filarmonica <em>\u201e<\/em>George Enescu<em>\u201d<\/em> Bucure\u0219ti<\/p>\n<p><strong>Repertoriu:<\/strong><\/p>\n<ul>\n<li><em>Galop<\/em><\/li>\n<li><em>Estrenne \u00e0 Anne<\/em><\/li>\n<li><em>Languir me fais<\/em><\/li>\n<li><em>Pr\u00e9sent de couleur blanche<\/em><\/li>\n<li><em>Aux damoiselle paresseuse<\/em><\/li>\n<li><em>Changeon propos<\/em><\/li>\n<li><em>Du confict en douleur<\/em><\/li>\n<li><em>Si j\u2019etais Dieu<\/em><\/li>\n<\/ul>\n<p>Soprana\u00a0<strong>Simona Nicoleta Jidveanu<\/strong>\u00a0se releveaz\u0103 ca o solist\u0103 de o muzicalitate fermec\u0103toare, cu o tehnic\u0103 vocal\u0103 impecabil\u0103, cu voce cald\u0103, puternic\u0103, minunat catifelat\u0103, utiliz\u00e2nd cu accent \u0219i amploare resursele vocale de clas\u0103 superioar\u0103 de care dispune. Timbrul \u0219i emisiunea u\u0219oar\u0103 a glasului \u00eei permite treceri uluitoare \u0219i nea\u0219teptate dintr-un registru \u00een altul. Pentru temperamentul s\u0103u scenic, pentru momentele excep\u021bionale de factur\u0103 teatral\u0103 \u0219i de c\u00e2nt, pentru deosebita varietate de resurse artistice, Simona Nicoleta Jidveanu se \u00eenf\u0103\u021bi\u0219eaz\u0103 ca o profund\u0103 g\u00e2nditoare cu bogate resurse intelectuale \u0219i imaginative. Soprana Simona-Nicoleta Jidveanu este Artist Liric, solist\u0103 a Filarmonicii \u201eGeorge Enescu\u201d din Bucure\u0219ti.\u00a0Din martie 2024 coordoneaz\u0103 stagiunea de concerte a Casei de Cultur\u0103 \u201eFriedrich Schiller\u201d din Bucure\u0219ti, prin Acordul de Parteneriat oficial, sub egida Filarmonicii \u201eGeorge Enescu\u201d.<\/p>\n<p>Repertoriul sopranei <strong>Simona Nicoleta Jidveanu<\/strong> se constituie din importante roluri de oper\u0103\u00a0 precum: Violetta Valery din opera <em>La Traviata<\/em>, Gilda din opera <em>Rigoletto<\/em>, Amalia din opera I <em>Masnadieri<\/em>\u00a0 de Giuseppe Verdi, K\u00f6nigin der Nacht \u2013 Regina Nop\u021bii din opera <em>Flautul fermecat<\/em> de Mozart, Konstanze din opera <em>R\u0103pirea din Serai<\/em> de Mozart, Lucia din opera <em>Lucia<\/em> <em>de Lammermoor<\/em> de Donizzetti,\u00a0 Elvira din <em>Puritani<\/em> de Vincenzo Bellini, Amina din <em>La Sonnambula de Bellini<\/em>, precum \u0219i roluri importante \u00een opere contemporane. De\u021bin\u0103toare a Diplomei de Masterat \u00een stilul Belcanto \u0219i a titlului \u0219tiin\u021bific de Doctor \u00een muzic\u0103, soprana Simona Nicoleta Jidveanu este solist\u0103 a Filarmonicii \u201eGeorge Enescu\u201d din Bucure\u0219ti. Pentru versatilitatea stilistic\u0103, ce include un repertoriu vast, de la muzica veche p\u00e2n\u0103 la cea contemporan\u0103, soprana a realizat \u00een premier\u0103 mondial\u0103 variate lucr\u0103ri de oper\u0103 \u0219i vocal-simfonice. Cel mai important premiu, ob\u021binut \u00een 2015, este Marele Premiu al prestigiosului Concurs Interna\u021bional de Canto \u201eGeorge Enescu\u201d Paris. Realizeaz\u0103 turnee \u00een: Rom\u00e2nia, Austria, Germania, Olanda, Republica Moldova, Italia, Fran\u021ba, sus\u021bin\u00e2nd concerte cu muzic\u0103 de oper\u0103, cea mai drag\u0103 inimii sale.<\/p>\n<p>Dup\u0103 ce a absolvit Facultatea de Energetic\u0103, <strong>Cristina-Elena Lascu<\/strong> a urmat studii de arta actorului \u015fi jurnalism. Din 1994 este jurnalist la TVR unde a realizat documentare pe teme din domeniul teatrului \u015fi al muzicii clasice, precum \u015fi traduceri de filme \u015fi spectacole de oper\u0103. \u00centre 2006 \u015fi 2010 a fost \u015fi editorul paginii de muzic\u0103 clasic\u0103 a revistei Time Out Bucure\u015fti, \u00eencep\u00e2nd \u015fi colaborarea cu revista Plai str\u0103bun. \u00cen perioada 2013-2014 a urmat un master de management cultural la Accademia del Teatro alla Scala din Milano. Timp de patru stagiuni a colaborat cu Filarmonica \u201eGeorge Enescu\u201d \u00een cadrul proiectului \u201eStagiunea de Mar\u0163i Seara\u201d, realiz\u00e2nd spectacolele So\u0163ul meu, domnul Bach, Mozart \u015fi eternul feminin, Jurnal de c\u0103s\u0103torie (dup\u0103 jurnalul so\u0163ilor Clara \u015fi Robert Schumann) \u015fi Scrisori romantice (care a inaugurat \u201eAnul Interna\u0163ional Chopin\u201d), spectacol prezentat \u015fi la Teatrul Nottara. A realizat recitalurile de poezie \u015fi muzic\u0103 Clar de lun\u0103, Dor de Eminescu (al\u0103turi de Corul \u201ePreludiu\u201d), Luceaf\u0103rul, Eu r\u0103m\u00e2n ce-am fost: romantic! \u015fi C\u00e2ntece \u015fi hore, prezentate la Universitatea Na\u0163ional\u0103 de Muzic\u0103 din Bucure\u015fti, la Casa de Cultur\u0103 \u201eFriedrich Schiller\u201d \u015fi la Centrul Cultural \u201eAurel Stroe\u201d din Bu\u015fteni, precum \u015fi la Opera Na\u0163ional\u0103 Bucure\u015fti. Din 1995, a fost reporter acreditat la toate edi\u0163iile Festivalului Interna\u0163ional \u201eGeorge Enescu\u201d. \u00cen 2024 a absolvit Cursul Postuniversitar de Management Muzical organizat de Universitatea Na\u0163ional\u0103 de Muzic\u0103 din Bucure\u015fti. \u00cen prezent lucreaz\u0103 la emisiunea \u201eJurnalul Cultural\u201d difuzat de Televiziunea Rom\u00e2n\u0103 pe canalul TVR Cultural.<\/p>\n<p><strong>Ieronim Buga<\/strong> este absolvent al Universit\u0103\u021bii Na\u021bionale de Muzic\u0103 din Bucure\u0219ti, sec\u021biile Pian \u0219i Dirijat. \u00cen prezent desf\u0103\u0219oar\u0103 o prestigioas\u0103 activitate ca artist liric \u0219i pianist al Filarmonicii \u201eGeorge Enescu\u201d. A abordat diferite stiluri din literatura pianistic\u0103, particip\u00e2nd la numeroase turnee \u00een Spania, Germania, Danemarca, Elve\u021bia, cu o bogat\u0103 activitate de pianist acompaniator.<\/p>\n<p><strong>Intrarea este liber\u0103.<\/strong><\/p>","protected":false},"excerpt":{"rendered":"<p>La 144 de ani de la na\u0219terea lui George Enescu, v\u0103 invit\u0103m s\u0103 ne fi\u021bi al\u0103turi la un moment de&#8230;<\/p>","protected":false},"author":13,"featured_media":36516,"comment_status":"closed","ping_status":"closed","sticky":false,"template":"","format":"standard","meta":{"_exactmetrics_skip_tracking":false,"_exactmetrics_sitenote_active":false,"_exactmetrics_sitenote_note":"","_exactmetrics_sitenote_category":0,"footnotes":""},"categories":[9],"tags":[],"class_list":["post-36515","post","type-post","status-publish","format-standard","has-post-thumbnail","hentry","category-evenimente"],"_links":{"self":[{"href":"https:\/\/mnlr.ro\/en\/wp-json\/wp\/v2\/posts\/36515","targetHints":{"allow":["GET"]}}],"collection":[{"href":"https:\/\/mnlr.ro\/en\/wp-json\/wp\/v2\/posts"}],"about":[{"href":"https:\/\/mnlr.ro\/en\/wp-json\/wp\/v2\/types\/post"}],"author":[{"embeddable":true,"href":"https:\/\/mnlr.ro\/en\/wp-json\/wp\/v2\/users\/13"}],"replies":[{"embeddable":true,"href":"https:\/\/mnlr.ro\/en\/wp-json\/wp\/v2\/comments?post=36515"}],"version-history":[{"count":3,"href":"https:\/\/mnlr.ro\/en\/wp-json\/wp\/v2\/posts\/36515\/revisions"}],"predecessor-version":[{"id":36518,"href":"https:\/\/mnlr.ro\/en\/wp-json\/wp\/v2\/posts\/36515\/revisions\/36518"}],"wp:featuredmedia":[{"embeddable":true,"href":"https:\/\/mnlr.ro\/en\/wp-json\/wp\/v2\/media\/36516"}],"wp:attachment":[{"href":"https:\/\/mnlr.ro\/en\/wp-json\/wp\/v2\/media?parent=36515"}],"wp:term":[{"taxonomy":"category","embeddable":true,"href":"https:\/\/mnlr.ro\/en\/wp-json\/wp\/v2\/categories?post=36515"},{"taxonomy":"post_tag","embeddable":true,"href":"https:\/\/mnlr.ro\/en\/wp-json\/wp\/v2\/tags?post=36515"}],"curies":[{"name":"wp","href":"https:\/\/api.w.org\/{rel}","templated":true}]}}