{"id":36545,"date":"2025-08-20T11:43:14","date_gmt":"2025-08-20T08:43:14","guid":{"rendered":"https:\/\/mnlr.ro\/?p=36545"},"modified":"2025-09-12T00:12:08","modified_gmt":"2025-09-11T21:12:08","slug":"lansare-de-carte-mihai-si-mihaela-de-adrian-fetecau","status":"publish","type":"post","link":"https:\/\/mnlr.ro\/en\/lansare-de-carte-mihai-si-mihaela-de-adrian-fetecau\/","title":{"rendered":"Lansare de carte | \u201eMihai \u0219i Mihaela\u201d de Adrian Fetec\u0103u"},"content":{"rendered":"<p>Muzeul Na\u021bional al Literaturii Rom\u00e2ne, \u00een parteneriat cu Editura Tritonic, v\u0103 invit\u0103 mar\u021bi, 2 septembrie 2025, de la ora 18.00, la lansarea volumului \u201eMihai \u0219i Mihaela\u201d, semnat de binecunoscutul scriitor, umorist \u0219i jurnalist Adrian Fetec\u0103u.<\/p>\n<p>Evenimentul se va desf\u0103\u0219ura la sediul MNLR din Str. Nicolae Cre\u021bulescu nr. 8, \u00een prezen\u021ba mai multor invita\u021bi speciali din lumea literar\u0103, teatral\u0103 \u0219i muzical\u0103.<\/p>\n<p>Vor lua cuv\u00e2ntul scriitorii Loreta Popa, Bogdan Hrib, Adrian Artene, Ilie Dobre \u0219i Teo Burnar.<br \/>\nMomente artistice vor fi sus\u021binute de actorii Isabela Chito\u0219c\u0103, Florin Nan \u0219i Andrei Necula, precum \u0219i de interpre\u021bii Ioana Dichiseanu, Ovidiu Mih\u0103ilescu \u0219i Tic\u0103 Sandu.<\/p>\n<p>Adrian Fetec\u0103u este o figur\u0103 emblematic\u0103 a scenei culturale rom\u00e2ne\u0219ti, cunoscut pentru umorul s\u0103u inteligent, spiritul viu \u0219i profunzimea reflec\u021biilor sale literare. A fondat, \u00een 1982, grupul de umor VOU\u0102, \u00een timpul studen\u021biei la Politehnic\u0103, iar \u00een scurt timp, acesta a devenit unul dintre cele mai \u00eendr\u0103gite grupuri satirice din Rom\u00e2nia, cu spectacole \u0219i emisiuni urm\u0103rite de milioane de rom\u00e2ni. De profesie inginer, Adrian Fetec\u0103u s-a remarcat \u0219i ca jurnalist sportiv \u0219i realizator de emisiuni radio \u0219i TV, av\u00e2nd o carier\u0103 de peste trei decenii \u00een media. Stilul s\u0103u combin\u0103 umorul fin cu observa\u021bia atent\u0103 a realit\u0103\u021bii \u0219i cu o sensibilitate autentic\u0103 fa\u021b\u0103 de oameni \u0219i pove\u0219tile lor.<\/p>\n<p>Este autorul mai multor volume de proz\u0103 \u0219i satir\u0103, printre care \u201eRom\u00e2ni, da&#8217; nu prea\u201d, \u201e\u021aara arde \u0219i baba se piapt\u0103n\u0103\u201d, \u201eDin \u021aara lui Papur\u0103 Vod\u0103\u201d, \u201eVou\u0103, acum dou\u0103zeci de ani\u201d, \u201eFenomenalul Va\u0219tag\u201d \u0219i \u201eTenis, sportul inventat de diavol\u201d.<\/p>\n<p>De-a lungul carierei, a primit numeroase premii \u0219i distinc\u021bii pentru activitatea sa artistic\u0103 \u0219i jurnalistic\u0103, fiind recunoscut pentru contribu\u021bia sa la cultura rom\u00e2n\u0103 contemporan\u0103.<\/p>\n<p>Romanul s\u0103u recent, \u201eMihai \u0219i Mihaela\u201d, este o poveste emo\u021bionant\u0103 despre dragoste, timp \u0219i destin \u2013 o explorare tandr\u0103 a iubirilor care las\u0103 urme ad\u00e2nci \u0219i a amintirilor care nu se sting niciodat\u0103. Un roman profund emo\u021bionant, cu nuan\u021be cinematografice, despre frumuse\u021bea \u0219i melancolia iubirilor trec\u0103toare.<\/p>\n<p>\u201eAm citit, mi-a pl\u0103cut! Este o poveste romantic\u0103 despre timp, destin \u0219i frumuse\u021bea dureroas\u0103 a iubirilor trec\u0103toare, niciodat\u0103 uitate. \u00centr-adev\u0103r, ar merita ecranizat\u0103. Felicit\u0103ri!\u201d &#8211; Hora\u021biu M\u0103l\u0103ele.<\/p>\n<p>V\u0103 a\u0219tept\u0103m cu drag s\u0103 descoperi\u021bi o poveste care atinge sufletul!<\/p>\n<p>Intrarea este liber\u0103, iar participan\u021bii vor avea ocazia s\u0103 dialogheze cu autorul \u0219i s\u0103 primeasc\u0103 autografe.<\/p>\n<p>Credit foto: Dan Marinescu<\/p>","protected":false},"excerpt":{"rendered":"<p>Muzeul Na\u021bional al Literaturii Rom\u00e2ne, \u00een parteneriat cu Editura Tritonic, v\u0103 invit\u0103 mar\u021bi, 2 septembrie 2025, de la ora 18.00,&#8230;<\/p>","protected":false},"author":11,"featured_media":36546,"comment_status":"closed","ping_status":"closed","sticky":false,"template":"","format":"standard","meta":{"_exactmetrics_skip_tracking":false,"_exactmetrics_sitenote_active":false,"_exactmetrics_sitenote_note":"","_exactmetrics_sitenote_category":0,"footnotes":""},"categories":[9,21],"tags":[],"class_list":["post-36545","post","type-post","status-publish","format-standard","has-post-thumbnail","hentry","category-evenimente","category-lansari-de-carte"],"_links":{"self":[{"href":"https:\/\/mnlr.ro\/en\/wp-json\/wp\/v2\/posts\/36545","targetHints":{"allow":["GET"]}}],"collection":[{"href":"https:\/\/mnlr.ro\/en\/wp-json\/wp\/v2\/posts"}],"about":[{"href":"https:\/\/mnlr.ro\/en\/wp-json\/wp\/v2\/types\/post"}],"author":[{"embeddable":true,"href":"https:\/\/mnlr.ro\/en\/wp-json\/wp\/v2\/users\/11"}],"replies":[{"embeddable":true,"href":"https:\/\/mnlr.ro\/en\/wp-json\/wp\/v2\/comments?post=36545"}],"version-history":[{"count":3,"href":"https:\/\/mnlr.ro\/en\/wp-json\/wp\/v2\/posts\/36545\/revisions"}],"predecessor-version":[{"id":36726,"href":"https:\/\/mnlr.ro\/en\/wp-json\/wp\/v2\/posts\/36545\/revisions\/36726"}],"wp:featuredmedia":[{"embeddable":true,"href":"https:\/\/mnlr.ro\/en\/wp-json\/wp\/v2\/media\/36546"}],"wp:attachment":[{"href":"https:\/\/mnlr.ro\/en\/wp-json\/wp\/v2\/media?parent=36545"}],"wp:term":[{"taxonomy":"category","embeddable":true,"href":"https:\/\/mnlr.ro\/en\/wp-json\/wp\/v2\/categories?post=36545"},{"taxonomy":"post_tag","embeddable":true,"href":"https:\/\/mnlr.ro\/en\/wp-json\/wp\/v2\/tags?post=36545"}],"curies":[{"name":"wp","href":"https:\/\/api.w.org\/{rel}","templated":true}]}}