{"id":36576,"date":"2025-09-02T12:01:31","date_gmt":"2025-09-02T09:01:31","guid":{"rendered":"https:\/\/mnlr.ro\/?p=36576"},"modified":"2025-09-02T12:01:31","modified_gmt":"2025-09-02T09:01:31","slug":"incepe-festivalul-scrisorilor-editia-a-v-a-love-war-povesti-intime-din-mijlocul-istoriei","status":"publish","type":"post","link":"https:\/\/mnlr.ro\/en\/incepe-festivalul-scrisorilor-editia-a-v-a-love-war-povesti-intime-din-mijlocul-istoriei\/","title":{"rendered":"\u00cencepe Festivalul Scrisorilor, edi\u021bia a V-a: Love &#038; War \u2013 pove\u0219ti intime din mijlocul istoriei"},"content":{"rendered":"<p>De cinci edi\u021bii, <strong>Festivalul Scrisorilor<\/strong> transform\u0103 memoria personal\u0103 \u00een art\u0103 vie, aduc\u00e2nd \u00een aten\u021bia publicului scrisori, jurnale \u0219i m\u0103rturii care documenteaz\u0103 nu doar \u201eistoria mare\u201d, ci \u0219i <strong>istoria tr\u0103it\u0103<\/strong> \u2013 cu fragilit\u0103\u021bile, tandre\u021bea \u0219i luciditatea ei.<strong> Este un proiect multidisciplinar care \u00eembin\u0103 literatura, teatrul, artele vizuale \u0219i dialogul civic \u00eentr-o experien\u021b\u0103 cultural\u0103 unic\u0103 \u00een Rom\u00e2nia.<\/strong><\/p>\n<p>\u00cen 2025, <strong>Festivalul Scrisorilor<\/strong> ajunge la<strong> edi\u021bia a V-a<\/strong> \u0219i propune tema <strong>Love &amp; War<\/strong>, marc\u00e2nd 80 de ani de la sf\u00e2r\u0219itul celui de-al Doilea R\u0103zboi Mondial. Edi\u021bia exploreaz\u0103 tensiunea dintre dou\u0103 for\u021be fundamentale \u2013 iubirea \u0219i violen\u021ba \u2013 prin vocile celor care au traversat istoria cu con\u0219tiin\u021b\u0103 \u0219i empatie.<\/p>\n<p>Exist\u0103 scrisori care vorbesc despre dor \u0219i desp\u0103r\u021bire \u0219i scrisori care poart\u0103 urmele unei lupte; unele au fost trimise de pe front, altele din camere mici, a\u0219tept\u00e2nd un r\u0103spuns care nu a mai venit.<\/p>\n<p>\u00cen septembrie 2025, Festivalul Scrisorilor aduce un program divers, structurat \u00een trei sec\u021biuni:<br \/>\n\u2022 lecturi performative generatoare de conversa\u021bie;<br \/>\n\u2022 ateliere \u0219i \u00eent\u00e2lniri dedicate tinerilor, adul\u021bilor \u0219i familiilor;<br \/>\n\u2022 spectacole care dau via\u021b\u0103 scrisorilor, jurnalelor \u0219i memoriilor unor personalit\u0103\u021bi marcante.<\/p>\n<p>\u201e<em>Festivalul Scrisorilor este, pentru noi, mai mult dec\u00e2t un eveniment cultural \u2013 este o form\u0103 de a \u00een\u021belege trecutul prin ochii celor care l-au tr\u0103it \u0219i de a aduce aceste voci aproape de publicul de azi. La edi\u021bia Love &amp; War, provocarea a fost s\u0103 punem fa\u021b\u0103 \u00een fa\u021b\u0103 dou\u0103 for\u021be care ne definesc ca oameni \u0219i s\u0103 vedem cum arta le poate \u021bine \u00een dialog.<\/em>\u201d \u2013 Doina Dog\u0103roiu, Manager Proiecte Culturale la Asocia\u021bia Hearth<\/p>\n<p><strong>Edi\u021bia a V-a se distinge printr-o abordare curatorial\u0103 inovatoare: scrisorile \u0219i jurnalele sunt readuse la via\u021b\u0103 nu doar ca texte literare, ci ca experien\u021be performative, educa\u021bionale \u0219i comunitare<\/strong>. Festivalul creeaz\u0103 pun\u021bi \u00eentre discipline \u2013 teatru, muzic\u0103, dialog public, educa\u021bie non-formal\u0103 \u2013 \u0219i invit\u0103 participan\u021bii s\u0103 reflecteze la propria memorie \u0219i la felul \u00een care pove\u0219tile intime pot deveni spa\u021biu de rezisten\u021b\u0103 \u0219i solidaritate.<\/p>\n<p>Calendarul evenimentelor:<br \/>\n\u2022 <strong>Deschidere Festivalul Scrisorilor V: Love &amp; War<\/strong> (video-scrisori, instala\u021bie textual\u0103 &amp; party) | 5 septembrie, 18:00 | Asocia\u021bia Hearth (Casa Kerim)<\/p>\n<p>\u2022 <strong>Ateliere creative \u00een aer liber<\/strong> | 6 &amp; 7 septembrie, 10:00-14:00 | Parcul Titan<\/p>\n<p>\u2022 <strong>Lectur\u0103 performativ\u0103 \u2013 Scrisori de pe front<\/strong> (adaptare dup\u0103 cartea omonim\u0103 a Mirelei Florian) | 9 septembrie, 19:00 | Teatrul Mic<\/p>\n<p>\u2022 <strong>Spectacol de teatru \u2013 O zi bun\u0103 de certat cu mine<\/strong> (inspirat de caietele lui Jeni Acterian) | 12 septembrie, 19:00 | Centrul Cultural Armean<\/p>\n<p>\u2022 <strong>Lectur\u0103 performativ\u0103 \u2013 Coresponden\u021ba Henri Matisse &amp; Theodor Pallady<\/strong> | 13 septembrie, 12:00 | Muzeul Na\u021bional al Literaturii Rom\u00e2ne<\/p>\n<p>\u2022 <strong>Lectur\u0103 performativ\u0103 \u2013 Coresponden\u021ba Ion Barbu &amp; Tudor Vianu<\/strong> | 14 septembrie, 12:00 | Muzeul Na\u021bional al Literaturii Rom\u00e2ne<\/p>\n<p>\u2022 <strong>Spectacol de teatru \u2013 Escadrila Alb\u0103<\/strong> (din memoriile Escadrilei Albe; text inspirat din cartea lui Sorin Turturic\u0103 \u2013 Aviatoarele Rom\u00e2niei. Din \u00eenaltul cerului \u00een beciul securit\u0103\u021bii) | 20 septembrie, 19:00 | Asocia\u021bia Hearth (Casa Kerim)<\/p>\n<p>\u2022 <strong>Atelier de journaling \u2013 Femei \u00een r\u0103zboi<\/strong> | 21 septembrie, 11:00 | Asocia\u021bia Hearth (Casa Kerim)<\/p>\n<p>\u2022 <strong>Open Mic de Scrisori \u2013 cu Tudor C\u0103lin Zarojanu<\/strong> | 21 septembrie, 19:00 | Asocia\u021bia Hearth (Casa Kerim)<\/p>\n<p>\u2022 <strong>Spectacol de teatru \u2013 Bun\u0103 ziua, Diana! Bun\u0103 ziua, Cella!<\/strong> (pornind de la memoriile Cellei Serghi) | 27 septembrie, 19:00 | Asocia\u021bia Hearth (Casa Kerim)<\/p>\n<p>\u2022 <strong>Vernisaj expozi\u021bie \u2013 The New 20&#8217;s<\/strong> | 28 septembrie, 19:00 | Facultatea de Filosofie<\/p>\n<p>\u2022 <strong>Coresponden\u021be liceeni<\/strong> | septembrie 2025 | Bucure\u0219ti-Foc\u0219ani<\/p>\n<p>\u201e<em>Scrisorile nu sunt doar documente, ci emo\u021bii pe h\u00e2rtie. Prin ele, festivalul nu doar poveste\u0219te trecutul, ci \u00eel face s\u0103 fie sim\u021bit. Aceast\u0103 edi\u021bie este o invita\u021bie de a reflecta la felul \u00een care iubirea \u0219i r\u0103zboiul au modelat nu doar istoria, ci \u0219i vie\u021bile intime ale celor care au scris<\/em>.\u201d \u2013 Natalia Cebanu, Director Artistic la Asocia\u021bia Hearth<\/p>\n<p>Accesul la evenimente este GRATUIT, pe baza unei rezerv\u0103ri efectuate \u00een prealabil. Rezerv\u0103rile se fac pe adresa rezervarihearth@gmail.com sau la num\u0103rul de telefon 0724 293 708. Pentru mai multe informa\u021bii \u0219i programul detaliat al evenimentelor, cei interesa\u021bi pot consulta site-ul oficial al festivalului \u0219i paginile de social media.<\/p>\n<p><strong>Parteneri:<\/strong><br \/>\nTeatrul Mic, Uniunea Armenilor din Rom\u00e2nia, Wood Be Nice, Asocia\u021bia Hestugma, Facultatea de Filosofie, Liceul Teoretic Alexandru Ioan Cuza Bucure\u0219ti, Colegiul Na\u021bional Al. I. Cuza Foc\u0219ani, Bookhub, Radio Rom\u00e2nia Cultural, Radio Rom\u00e2nia Interna\u021bional, Asocia\u021bia Rom\u00e2n\u0103 pentru Promovarea Artelor Spectacolului (ARPAS), Happ.ro, S\u0103 Fi\u021bi Cumin\u021bi, Editura Corint, ZESTAL, Prim\u0103ria Sectorului 3, IQads, Editura Nemira, Muzeul Militar Na\u0163ional \u201eRegele Ferdinand I\u201d, Via Viticola<\/p>\n<p><em>Proiect cultural co-finan\u021bat de Administra\u021bia Fondului Cultural Na\u021bional. Proiectul nu reprezint\u0103 \u00een mod necesar pozi\u021bia Administra\u021biei Fondului Cultural Na\u021bional. AFCN nu este responsabil\u0103 de con\u021binutul proiectului sau de modul \u00een care rezultatele proiectului pot fi folosite. Acestea sunt \u00een \u00eentregime responsabilitatea beneficiarului finan\u021b\u0103rii.<\/em><\/p>","protected":false},"excerpt":{"rendered":"<p>De cinci edi\u021bii, Festivalul Scrisorilor transform\u0103 memoria personal\u0103 \u00een art\u0103 vie, aduc\u00e2nd \u00een aten\u021bia publicului scrisori, jurnale \u0219i m\u0103rturii care&#8230;<\/p>","protected":false},"author":11,"featured_media":36578,"comment_status":"closed","ping_status":"closed","sticky":false,"template":"","format":"standard","meta":{"_exactmetrics_skip_tracking":false,"_exactmetrics_sitenote_active":false,"_exactmetrics_sitenote_note":"","_exactmetrics_sitenote_category":0,"footnotes":""},"categories":[9,61],"tags":[],"class_list":["post-36576","post","type-post","status-publish","format-standard","has-post-thumbnail","hentry","category-evenimente","category-festival"],"_links":{"self":[{"href":"https:\/\/mnlr.ro\/en\/wp-json\/wp\/v2\/posts\/36576","targetHints":{"allow":["GET"]}}],"collection":[{"href":"https:\/\/mnlr.ro\/en\/wp-json\/wp\/v2\/posts"}],"about":[{"href":"https:\/\/mnlr.ro\/en\/wp-json\/wp\/v2\/types\/post"}],"author":[{"embeddable":true,"href":"https:\/\/mnlr.ro\/en\/wp-json\/wp\/v2\/users\/11"}],"replies":[{"embeddable":true,"href":"https:\/\/mnlr.ro\/en\/wp-json\/wp\/v2\/comments?post=36576"}],"version-history":[{"count":1,"href":"https:\/\/mnlr.ro\/en\/wp-json\/wp\/v2\/posts\/36576\/revisions"}],"predecessor-version":[{"id":36579,"href":"https:\/\/mnlr.ro\/en\/wp-json\/wp\/v2\/posts\/36576\/revisions\/36579"}],"wp:featuredmedia":[{"embeddable":true,"href":"https:\/\/mnlr.ro\/en\/wp-json\/wp\/v2\/media\/36578"}],"wp:attachment":[{"href":"https:\/\/mnlr.ro\/en\/wp-json\/wp\/v2\/media?parent=36576"}],"wp:term":[{"taxonomy":"category","embeddable":true,"href":"https:\/\/mnlr.ro\/en\/wp-json\/wp\/v2\/categories?post=36576"},{"taxonomy":"post_tag","embeddable":true,"href":"https:\/\/mnlr.ro\/en\/wp-json\/wp\/v2\/tags?post=36576"}],"curies":[{"name":"wp","href":"https:\/\/api.w.org\/{rel}","templated":true}]}}