{"id":36615,"date":"2025-09-04T16:08:24","date_gmt":"2025-09-04T13:08:24","guid":{"rendered":"https:\/\/mnlr.ro\/?p=36615"},"modified":"2025-09-12T17:01:16","modified_gmt":"2025-09-12T14:01:16","slug":"aniversare-livius-ciocarlie-90","status":"publish","type":"post","link":"https:\/\/mnlr.ro\/en\/aniversare-livius-ciocarlie-90\/","title":{"rendered":"Aniversare | \u201eLivius Cioc\u00e2rlie \u2013 90\u201d"},"content":{"rendered":"<p>Muzeul Na\u021bional al Literaturii Rom\u00e2ne are pl\u0103cerea de a v\u0103 invita vineri, 12 septembrie 2025, \u00eencep\u00e2nd cu ora 13.00, la un eveniment aniversar de excep\u021bie: \u201eLivius Cioc\u00e2rlie \u2013 90\u201d, g\u0103zduit \u00een Sala Perpessicius din sediul MNLR, Str. Nicolae Cre\u021bulescu nr. 8.<\/p>\n<p>La ceas aniversar, \u00eel omagiem pe Livius Cioc\u00e2rlie, una dintre vocile distincte ale literaturii rom\u00e2ne contemporane \u2013 critic literar, eseist \u0219i prozator de marc\u0103, laureat al Premiului Na\u021bional pentru Literatur\u0103.<\/p>\n<p>Vor lua cuv\u00e2ntul: acad. Mircea Martin, Mircea Mih\u0103ie\u0219 (video), Adrian L\u0103c\u0103tu\u0219, Caius Dobrescu, Adriana Babe\u021bi (video), Dorin Sarafoleanu, Ion Bogdan Lefter, C\u0103lin-Andrei Mih\u0103ilescu, prof. univ. dr. Ioan Cristescu, director general al MNLR.<\/p>\n<p>N\u0103scut la 7 octombrie 1935 la Timi\u0219oara, Livius Cioc\u00e2rlie \u0219i-a finalizat studiile filologice \u00een 1958, la Universitatea din Bucure\u0219ti. A revenit apoi \u00een ora\u0219ul natal, unde a fost bibliotecar, profesor, muzeograf, iar din 1963 \u2013 cadru didactic la Universitatea din Timi\u0219oara, devenind profesor universitar \u00een 1990. A urmat cursuri la \u00c9cole Pratique des Hautes \u00c9tudes (1972\u20131973), unde l-a cunoscut pe G\u00e9rard Genette, \u0219i a fost profesor invitat la Universitatea din Bordeaux (1990\u20131994). Din anul 2000 locuie\u0219te \u00een Bucure\u0219ti. Este colaborator constant al revistelor Orizont, Rom\u00e2nia literar\u0103, Caiete critice, Vatra \u0219i membru al Funda\u021biei \u201eA Treia Europ\u0103\u201d. A scris despre mari autori francezi \u0219i universali \u2013 de la Balzac, Baudelaire, Proust, p\u00e2n\u0103 la Kafka, Cioran sau Eminescu \u2013 \u0219i a explorat constant grani\u021bele dintre fic\u021biune \u0219i nonfic\u021biune \u00een volume de proz\u0103 cu un puternic caracter reflexiv \u0219i autobiografic.<\/p>\n<p>\ud83d\udccd Intrarea este liber\u0103.<br \/>\nV\u0103 a\u0219tept\u0103m cu drag s\u0103 celebr\u0103m \u00eempreun\u0103 personalitatea \u0219i opera unui mare scriitor rom\u00e2n!<\/p>\n<p>Credit foto: Dan Marinescu<\/p>","protected":false},"excerpt":{"rendered":"<p>Muzeul Na\u021bional al Literaturii Rom\u00e2ne are pl\u0103cerea de a v\u0103 invita vineri, 12 septembrie 2025, \u00eencep\u00e2nd cu ora 13.00, la&#8230;<\/p>","protected":false},"author":11,"featured_media":36638,"comment_status":"closed","ping_status":"closed","sticky":false,"template":"","format":"standard","meta":{"_exactmetrics_skip_tracking":false,"_exactmetrics_sitenote_active":false,"_exactmetrics_sitenote_note":"","_exactmetrics_sitenote_category":0,"footnotes":""},"categories":[11,9],"tags":[],"class_list":["post-36615","post","type-post","status-publish","format-standard","has-post-thumbnail","hentry","category-aniversari","category-evenimente"],"_links":{"self":[{"href":"https:\/\/mnlr.ro\/en\/wp-json\/wp\/v2\/posts\/36615","targetHints":{"allow":["GET"]}}],"collection":[{"href":"https:\/\/mnlr.ro\/en\/wp-json\/wp\/v2\/posts"}],"about":[{"href":"https:\/\/mnlr.ro\/en\/wp-json\/wp\/v2\/types\/post"}],"author":[{"embeddable":true,"href":"https:\/\/mnlr.ro\/en\/wp-json\/wp\/v2\/users\/11"}],"replies":[{"embeddable":true,"href":"https:\/\/mnlr.ro\/en\/wp-json\/wp\/v2\/comments?post=36615"}],"version-history":[{"count":3,"href":"https:\/\/mnlr.ro\/en\/wp-json\/wp\/v2\/posts\/36615\/revisions"}],"predecessor-version":[{"id":36759,"href":"https:\/\/mnlr.ro\/en\/wp-json\/wp\/v2\/posts\/36615\/revisions\/36759"}],"wp:featuredmedia":[{"embeddable":true,"href":"https:\/\/mnlr.ro\/en\/wp-json\/wp\/v2\/media\/36638"}],"wp:attachment":[{"href":"https:\/\/mnlr.ro\/en\/wp-json\/wp\/v2\/media?parent=36615"}],"wp:term":[{"taxonomy":"category","embeddable":true,"href":"https:\/\/mnlr.ro\/en\/wp-json\/wp\/v2\/categories?post=36615"},{"taxonomy":"post_tag","embeddable":true,"href":"https:\/\/mnlr.ro\/en\/wp-json\/wp\/v2\/tags?post=36615"}],"curies":[{"name":"wp","href":"https:\/\/api.w.org\/{rel}","templated":true}]}}