{"id":36889,"date":"2025-09-17T02:07:48","date_gmt":"2025-09-16T23:07:48","guid":{"rendered":"https:\/\/mnlr.ro\/?p=36889"},"modified":"2025-09-24T13:26:08","modified_gmt":"2025-09-24T10:26:08","slug":"the-wild-dream-of-colours-o-explozie-vizuala-la-festivalul-international-de-poezie-bucuresti","status":"publish","type":"post","link":"https:\/\/mnlr.ro\/en\/the-wild-dream-of-colours-o-explozie-vizuala-la-festivalul-international-de-poezie-bucuresti\/","title":{"rendered":"\u201eThe Wild Dream of Colours\u201d \u2013 o explozie vizual\u0103 la Festivalul Interna\u021bional de Poezie Bucure\u0219ti"},"content":{"rendered":"<p>Mar\u021bi, 16 septembrie 2025, sediul Muzeului Na\u021bional al Literaturii Rom\u00e2ne de pe Calea Grivi\u021bei a g\u0103zduit vernisajul expozi\u021biei \u201eThe Wild Dream of Colours\u201d, semnat\u0103 de artista Lumini\u021ba Gliga. Evenimentul, accesibil exclusiv pe baz\u0103 de invita\u021bie, a marcat o \u00eent\u00e2lnire vibrant\u0103 \u00eentre culoare \u0219i imagina\u021bie, \u00eembog\u0103\u021bind astfel oferta cultural\u0103 a Festivalului Interna\u021bional de Poezie Bucure\u0219ti.<\/p>\n<p>Expozi\u021bia reune\u0219te o serie de lucr\u0103ri care exploreaz\u0103 universul cromatic \u00een toate nuan\u021bele \u0219i texturile sale, propun\u00e2nd o c\u0103l\u0103torie senzorial\u0103 ce transcende limitele percep\u021biei vizuale. Printr-un limbaj artistic profund personal, Lumini\u021ba Gliga invit\u0103 privitorul s\u0103 se lase purtat \u00eentr-un vis s\u0103lbatic al culorilor, unde emo\u021biile \u0219i ideile se contopesc \u00eentr-un dans al formei \u0219i luminii.<\/p>\n<p>Evenimentul a beneficiat \u0219i de prezen\u021ba graficianului Mircia Dumitrescu, ale c\u0103rui aprecieri au adus un plus de profunzime \u0219i recunoa\u0219tere valorii artistice a expozi\u021biei.<\/p>\n<p>Expozi\u021bia va putea fi vizitat\u0103 p\u00e2n\u0103 pe 4 octombrie 2025, oferind publicului o experien\u021b\u0103 estetic\u0103 deosebit\u0103, un refugiu pentru spirit \u0219i un prilej de reflec\u021bie asupra modului \u00een care culoarea poate fi mijloc de expresie poetic\u0103 \u0219i artistic\u0103.<\/p>\n<p>Vernisajul a fost un moment de \u00eent\u00e2lnire \u00eentre arti\u0219ti, critici \u0219i iubitori de art\u0103, eviden\u021biind complementaritatea dintre poezie \u0219i art\u0103 vizual\u0103, o tem\u0103 recurent\u0103 \u0219i valoroas\u0103 \u00een cadrul Festivalului Interna\u021bional de Poezie Bucure\u0219ti.<\/p>\n<p><em>Credit foto, filmare \u0219i montaj: Grigoru\u021b Stoica<\/em><\/p>\n<p><iframe loading=\"lazy\" title=\"FIPB 2025 | \u201eThe Wild Dream of Colours\u201d \u2013 o explozie vizual\u0103 la Festivalul Interna\u021bional de Poezie\" width=\"500\" height=\"281\" src=\"https:\/\/www.youtube.com\/embed\/4kUP0I4GSw0?feature=oembed\" frameborder=\"0\" allow=\"accelerometer; autoplay; clipboard-write; encrypted-media; gyroscope; picture-in-picture; web-share\" referrerpolicy=\"strict-origin-when-cross-origin\" allowfullscreen><\/iframe><\/p>","protected":false},"excerpt":{"rendered":"<p>Mar\u021bi, 16 septembrie 2025, sediul Muzeului Na\u021bional al Literaturii Rom\u00e2ne de pe Calea Grivi\u021bei a g\u0103zduit vernisajul expozi\u021biei \u201eThe Wild&#8230;<\/p>","protected":false},"author":11,"featured_media":36896,"comment_status":"closed","ping_status":"closed","sticky":false,"template":"","format":"standard","meta":{"_exactmetrics_skip_tracking":false,"_exactmetrics_sitenote_active":false,"_exactmetrics_sitenote_note":"","_exactmetrics_sitenote_category":0,"footnotes":""},"categories":[9,61],"tags":[],"class_list":["post-36889","post","type-post","status-publish","format-standard","has-post-thumbnail","hentry","category-evenimente","category-festival"],"_links":{"self":[{"href":"https:\/\/mnlr.ro\/en\/wp-json\/wp\/v2\/posts\/36889","targetHints":{"allow":["GET"]}}],"collection":[{"href":"https:\/\/mnlr.ro\/en\/wp-json\/wp\/v2\/posts"}],"about":[{"href":"https:\/\/mnlr.ro\/en\/wp-json\/wp\/v2\/types\/post"}],"author":[{"embeddable":true,"href":"https:\/\/mnlr.ro\/en\/wp-json\/wp\/v2\/users\/11"}],"replies":[{"embeddable":true,"href":"https:\/\/mnlr.ro\/en\/wp-json\/wp\/v2\/comments?post=36889"}],"version-history":[{"count":2,"href":"https:\/\/mnlr.ro\/en\/wp-json\/wp\/v2\/posts\/36889\/revisions"}],"predecessor-version":[{"id":37411,"href":"https:\/\/mnlr.ro\/en\/wp-json\/wp\/v2\/posts\/36889\/revisions\/37411"}],"wp:featuredmedia":[{"embeddable":true,"href":"https:\/\/mnlr.ro\/en\/wp-json\/wp\/v2\/media\/36896"}],"wp:attachment":[{"href":"https:\/\/mnlr.ro\/en\/wp-json\/wp\/v2\/media?parent=36889"}],"wp:term":[{"taxonomy":"category","embeddable":true,"href":"https:\/\/mnlr.ro\/en\/wp-json\/wp\/v2\/categories?post=36889"},{"taxonomy":"post_tag","embeddable":true,"href":"https:\/\/mnlr.ro\/en\/wp-json\/wp\/v2\/tags?post=36889"}],"curies":[{"name":"wp","href":"https:\/\/api.w.org\/{rel}","templated":true}]}}