{"id":3689,"date":"2017-12-02T21:36:37","date_gmt":"2017-12-02T19:36:37","guid":{"rendered":"http:\/\/mnlr.ro\/?p=3689"},"modified":"2017-12-08T09:31:23","modified_gmt":"2017-12-08T07:31:23","slug":"evocare-nicolae-labis","status":"publish","type":"post","link":"https:\/\/mnlr.ro\/en\/evocare-nicolae-labis\/","title":{"rendered":"Evocare Nicolae Labi\u0219 la MNLR"},"content":{"rendered":"<p>De Sf\u00e2ntul Nicolae, la 6 decembrie 2017, de la ora 16.00, Muzeul Na\u021bional al Literaturii Rom\u00e2ne v\u0103 invit\u0103 la un eveniment aparte dedicat memoriei poetului Nicolae Labi\u015f, de la a c\u0103rui na\u0219tere se \u00eemplinesc 82 de ani la 2 decembrie. Particip\u0103 surorile \u0219i nepotul poetului Maria Margareta Labi\u0219, Teodora Labi\u0219 Cre\u021bu, Radu Adrian Cimponeriu \u0219i, de asemenea, criticul Alex \u0218tef\u0103nescu, actorul Vlad R\u0103descu, scriitoarea Clara M\u0103rgineanu, cantautorul Ovidiu Mih\u0103ilescu. Evocarea \u201eBucuria de a tr\u0103i \u0219i presentimentul dureros al mor\u021bii\u201d \u00eel va aduce \u00een mijlocul celor prezen\u021bi pe Nicolae Labi\u0219 a\u0219a cum a fost el \u00een cei 21 de ani tr\u0103i\u021bi pe P\u0103m\u00e2nt.<\/p>\n<p>Satul Poiana M\u0103rului, comuna M\u0103lini, care \u00een prezent apar\u0163ine jude\u0163ului Suceava, \u0219i-a l\u0103sat amprenta \u00een sufletul lui Nicolae Labi\u0219, dar \u0219i reciproca este valabil\u0103. Str\u0103bunica sa, Zamfira Blendea (bunica mamei sale, Ana-Profira), era \u00eenrudit\u0103 cu \u015etefan a Petrei Ciubotariul, tat\u0103l lui Ion Creang\u0103. Eugen Labi\u015f, tat\u0103l poetului, era fiu de brigadier silvic &#8211; ceea ce explic\u0103 preocuparea pentru v\u00e2n\u0103toare &#8211; \u015fi a fost \u00eenv\u0103\u0163\u0103tor. \u00cen timpul celui de-al doilea r\u0103zboi mondial s-au refugiat \u00een comuna Mih\u0103ile\u015fti, l\u00e2ng\u0103 C\u00e2mpulung Muscel. \u00cen 1945, \u00eentreaga familie a revenit la M\u0103lini, ridic\u00e2nd o locuin\u0163\u0103 nou\u0103, ast\u0103zi Casa Memorial\u0103 \u201eNicolae Labi\u015f\u201d.<\/p>\n<p>T\u00e2n\u0103rul Labi\u015f a urmat cursurile Liceului \u201eNicolae Gane\u201d din F\u0103lticeni, continuate la \u015fcoala medie \u201eMihail Sadoveanu\u201d din Ia\u015fi. A debutat cu poezia \u201eFii d\u00e2rz \u015fi lupt\u0103, Nicolae!\u201d \u00een revista Ia\u015fiul nou.<\/p>\n<p>\u00cen septembrie 1952, \u00een urma unui examen de admitere, Nicolae Labi\u015f este admis la \u201e\u015ecoala de literatur\u0103\u201d. Probabil, nu s-a g\u00e2ndit c\u0103 prin Bucure\u015fti trec tramvaie care deraieaz\u0103 destine \u015fi r\u0103m\u00e2n \u00een Istoria Literaturii&#8230; Prezen\u0163a unui poet de talentul lui Labi\u015f, crescut la \u015fcoala convingerilor comuniste, a fost o binefacere pentru regim, ca atare, a fost omagiat cum se cuvine de critica literar\u0103. I-a fost recunoscut\u0103 valoarea, de\u015fi Labi\u015f nu a scris nici o poezie cu dedica\u0163ie c\u0103tre Lenin sau Stalin. \u00cen 1953, i s-au imputat \u201eabateri de la morala \u015fi disciplina \u015fcolii\u201d, pentru c\u0103 lectura c\u0103r\u0163i \u201eretrograde\u201d, sanc\u0163ionate de autorit\u0103\u0163i. Labi\u015f era incontestabil liderul genera\u0163iei sale.<\/p>\n<p>Cei 20 de ani, Labi\u015f i-a s\u0103rb\u0103torit singur, \u00eentr-o camer\u0103 de hotel, impersonal\u0103 \u015fi rece. \u00cenfrigurata sa luciditate a celebrat clipa printr-un poem: \u201eDe ce s\u0103 mint, prietenii mei nu-s,\/ Dar vuiet la fereastr\u0103 d\u0103 t\u00e2rcoale&#8230;\/ \u00cenchipuirea-mi numai v-a adus\/ Prieteni dragi, pe scaunele goale,\/ dau un osp\u0103\u0163 &#8211; am dou\u0103zeci de ani\u201d. La 21 de ani, Labi\u015f se afla \u00een locuin\u0163a lui Lucian Raicu \u015fi a so\u0163iei sale, Sonia Larian, care l-au descris pe poetul acelei seri ca fiind \u201eresemnat \u015fi senin, av\u00e2nd aerul c\u0103 \u00ee\u015fi ia r\u0103mas bun, absolut inexplicabil\u201d. Apoi, \u00een decembrie 1956, \u00eentr-un Bucure\u0219ti care dormea netulburat, cu str\u0103zi pustii, amor\u0163ite de ger, dup\u0103 o ofrand\u0103 generoas\u0103 depus\u0103 pe altarul lui Bachus, poetul de 21 de ani traverseaz\u0103 pentru ultima dat\u0103 strada.<\/p>\n<p>\u201eLabi\u015f avea con\u015ftiin\u0163a propriei valori \u00eentr-un grad at\u00e2t de \u00eenalt, \u00eenc\u00e2t \u00ee\u015fi \u015ftia locul \u015fi greutatea \u00een cultura timpului \u015fi \u00ee\u015fi dispre\u0163uia prea mult, virtual, virtualii judec\u0103tori, spre a crede \u00een posibilitatea de a se l\u0103sa \u00eenvins de imundele lor viclenii. Avea con\u015ftiin\u0163a lupt\u0103torului \u00eenzestrat \u015fi loial, pentru care nu exista la cap\u0103tul drumului dec\u00e2t biruin\u0163a,\u201d scria Gheorghe Tomozei \u00een \u201e&#8230; Urmele poetului Labi\u015f\u201d, Ed. Sport-Turism, 1985.<\/p>\n<p>A biruit, desigur, dar birul a fost \u00eens\u0103\u015fi via\u0163a sa. A\u015fa i-a fost scris, ca via\u0163a s\u0103-i semene cu poezia. N\u0103valnic\u0103, cumplit\u0103, intens\u0103. Poemul \u201eMoartea c\u0103prioarei\u201d, inspirat de un eveniment real, l-a f\u0103cut celebru \u00een r\u00e2ndul mai multor genera\u0163ii de adolescen\u0163i. Criticul Eugen Simion l-a supranumit, folosind o metafor\u0103 din basme, \u201ebuzduganul unei genera\u0163ii\u201d, c\u0103ci debutul s\u0103u avea s\u0103 anun\u0163e genera\u0163ia lui Nichita St\u0103nescu, cunoscut\u0103 sub numele \u201egenera\u0163ia \u015faizecist\u0103\u201d.<\/p>\n<p>Intrarea este liber\u0103 \u00een limita locurilor disponibile.<\/p>\n<p>V\u0103 a\u0219tept\u0103m cu drag!<\/p>","protected":false},"excerpt":{"rendered":"<p>De Sf\u00e2ntul Nicolae, la 6 decembrie 2017, de la ora 16.00, Muzeul Na\u021bional al Literaturii Rom\u00e2ne v\u0103 invit\u0103 la un&#8230;<\/p>","protected":false},"author":1,"featured_media":3690,"comment_status":"closed","ping_status":"closed","sticky":false,"template":"","format":"standard","meta":{"_exactmetrics_skip_tracking":false,"_exactmetrics_sitenote_active":false,"_exactmetrics_sitenote_note":"","_exactmetrics_sitenote_category":0,"footnotes":""},"categories":[9],"tags":[],"class_list":["post-3689","post","type-post","status-publish","format-standard","has-post-thumbnail","hentry","category-evenimente"],"_links":{"self":[{"href":"https:\/\/mnlr.ro\/en\/wp-json\/wp\/v2\/posts\/3689","targetHints":{"allow":["GET"]}}],"collection":[{"href":"https:\/\/mnlr.ro\/en\/wp-json\/wp\/v2\/posts"}],"about":[{"href":"https:\/\/mnlr.ro\/en\/wp-json\/wp\/v2\/types\/post"}],"author":[{"embeddable":true,"href":"https:\/\/mnlr.ro\/en\/wp-json\/wp\/v2\/users\/1"}],"replies":[{"embeddable":true,"href":"https:\/\/mnlr.ro\/en\/wp-json\/wp\/v2\/comments?post=3689"}],"version-history":[{"count":4,"href":"https:\/\/mnlr.ro\/en\/wp-json\/wp\/v2\/posts\/3689\/revisions"}],"predecessor-version":[{"id":3694,"href":"https:\/\/mnlr.ro\/en\/wp-json\/wp\/v2\/posts\/3689\/revisions\/3694"}],"wp:featuredmedia":[{"embeddable":true,"href":"https:\/\/mnlr.ro\/en\/wp-json\/wp\/v2\/media\/3690"}],"wp:attachment":[{"href":"https:\/\/mnlr.ro\/en\/wp-json\/wp\/v2\/media?parent=3689"}],"wp:term":[{"taxonomy":"category","embeddable":true,"href":"https:\/\/mnlr.ro\/en\/wp-json\/wp\/v2\/categories?post=3689"},{"taxonomy":"post_tag","embeddable":true,"href":"https:\/\/mnlr.ro\/en\/wp-json\/wp\/v2\/tags?post=3689"}],"curies":[{"name":"wp","href":"https:\/\/api.w.org\/{rel}","templated":true}]}}