{"id":3720,"date":"2017-12-06T11:25:21","date_gmt":"2017-12-06T09:25:21","guid":{"rendered":"http:\/\/mnlr.ro\/?p=3720"},"modified":"2017-12-06T11:25:21","modified_gmt":"2017-12-06T09:25:21","slug":"practici-ale-memoriei-si-reconstructiei-cinci-muzee-romanesti","status":"publish","type":"post","link":"https:\/\/mnlr.ro\/en\/practici-ale-memoriei-si-reconstructiei-cinci-muzee-romanesti\/","title":{"rendered":"Practici ale memoriei \u0219i reconstruc\u021biei \u00een cinci muzee rom\u00e2ne\u0219ti"},"content":{"rendered":"<p><strong>Miercuri, 6 decembrie, ora 19:00<\/strong>, sunte\u021bi \u00eenvita\u021bi la deschiderea oficial\u0103 a centrului care onoreaz\u0103 amintirea lui Mihai Oroveanu, istoric de art\u0103, fotograf, curator \u0219i director fondator al MNAC, \u00een compania celor care i-au fost prieteni \u0219i colegi, precum \u0219i a membrilor Consiliului \u0218tiin\u021bific al muzeului.<\/p>\n<p>Cu aceast\u0103 ocazie se va deschide \u0219i expozi\u021bia foto-documentar\u0103\u00a0<strong>Vitrin\u0103. Practici ale memoriei \u0219i reconstruc\u021biei \u00een cinci muzee rom\u00e2ne\u0219ti<\/strong>, o colaborare \u00eentre MNAC, Muzeul Na\u021bional de Art\u0103 al Rom\u00e2niei, Muzeul Na\u021bional al Literaturii Rom\u00e2ne, Muzeul Na\u021bional al \u021a\u0103ranului Rom\u00e2n \u0219i Muzeul Municipiului Bucure\u0219ti, ini\u021biat\u0103 de cercet\u0103torul \u00een reziden\u021b\u0103 al MNAC, Luca Zordan.<\/p>\n<p>Biblioteca centrului poate fi consultat\u0103 gratuit \u0219i con\u021bine fondul documentar (mapele de arti\u0219ti), aproximativ 6.000 de volume (c\u0103r\u021bi \u0219i cataloage), acoperind domenii precum istoria \u0219i teoria artei, art\u0103 contemporan\u0103 rom\u00e2neasc\u0103 \u0219i interna\u021bional\u0103, fotografie, pia\u021ba de art\u0103, arhitectur\u0103, design, istorie, sociologie, literatur\u0103, precum \u0219i circa 600 de numere dintre cele mai importante periodice av\u00e2nd ca tematic\u0103 arta contemporan\u0103.<\/p>\n<p>Spa\u021biu multifunc\u021bional, centrul va g\u0103zdui discu\u021bii, ateliere, conferin\u021be, lans\u0103ri de carte sau mici expozi\u021bii \u0219i \u00ee\u0219i dore\u0219te s\u0103 fie un loc de \u00eent\u00e2lnire \u0219i un posibil \u00eenceput al unei comunit\u0103\u021bi extinse de cercetare a patrimoniului MNAC.<\/p>\n<p><strong>RSVP:\u00a0<\/strong><a href=\"https:\/\/mnlr.us16.list-manage.com\/track\/click?u=9d8daeb9344f52fc116dbbc7b&amp;id=97625ab530&amp;e=ad50adfd9e\" target=\"_blank\" rel=\"noopener noreferrer\" data-saferedirecturl=\"https:\/\/www.google.com\/url?hl=ro&amp;q=https:\/\/mnlr.us16.list-manage.com\/track\/click?u%3D9d8daeb9344f52fc116dbbc7b%26id%3D97625ab530%26e%3Dad50adfd9e&amp;source=gmail&amp;ust=1512638545623000&amp;usg=AFQjCNGEchgr2Cwr5F2yGcARPknR6zupJA\">www.facebook.com\/events\/<wbr \/>194837791077248<\/a><\/p>\n<p>Programul de vizitare: luni &#8211;\u00a0vineri, 12:00 &#8211; 18:00<\/p>\n<p><strong>MNAC &#8211; Muzeul Na\u021bional de Art\u0103 Contemporan\u0103\u00a0<\/strong><br \/>\nPALATUL PARLAMENTULUI<br \/>\n<a href=\"https:\/\/mnlr.us16.list-manage.com\/track\/click?u=9d8daeb9344f52fc116dbbc7b&amp;id=7250837a82&amp;e=ad50adfd9e\" target=\"_blank\" rel=\"noopener noreferrer\" data-saferedirecturl=\"https:\/\/www.google.com\/url?hl=ro&amp;q=https:\/\/mnlr.us16.list-manage.com\/track\/click?u%3D9d8daeb9344f52fc116dbbc7b%26id%3D7250837a82%26e%3Dad50adfd9e&amp;source=gmail&amp;ust=1512638545623000&amp;usg=AFQjCNFWk4OYIH2Vn_TZDT-iDb6Chgxvlw\">Str. Izvor 2-4<\/a>, Palatul Parlamentului, aripa E4, 050563 Bucure\u015fti\u00a0 5<\/p>","protected":false},"excerpt":{"rendered":"<p>Miercuri, 6 decembrie, ora 19:00, sunte\u021bi \u00eenvita\u021bi la deschiderea oficial\u0103 a centrului care onoreaz\u0103 amintirea lui Mihai Oroveanu, istoric de&#8230;<\/p>","protected":false},"author":1,"featured_media":3721,"comment_status":"closed","ping_status":"closed","sticky":false,"template":"","format":"standard","meta":{"_exactmetrics_skip_tracking":false,"_exactmetrics_sitenote_active":false,"_exactmetrics_sitenote_note":"","_exactmetrics_sitenote_category":0,"footnotes":""},"categories":[9],"tags":[],"class_list":["post-3720","post","type-post","status-publish","format-standard","has-post-thumbnail","hentry","category-evenimente"],"_links":{"self":[{"href":"https:\/\/mnlr.ro\/en\/wp-json\/wp\/v2\/posts\/3720","targetHints":{"allow":["GET"]}}],"collection":[{"href":"https:\/\/mnlr.ro\/en\/wp-json\/wp\/v2\/posts"}],"about":[{"href":"https:\/\/mnlr.ro\/en\/wp-json\/wp\/v2\/types\/post"}],"author":[{"embeddable":true,"href":"https:\/\/mnlr.ro\/en\/wp-json\/wp\/v2\/users\/1"}],"replies":[{"embeddable":true,"href":"https:\/\/mnlr.ro\/en\/wp-json\/wp\/v2\/comments?post=3720"}],"version-history":[{"count":1,"href":"https:\/\/mnlr.ro\/en\/wp-json\/wp\/v2\/posts\/3720\/revisions"}],"predecessor-version":[{"id":3722,"href":"https:\/\/mnlr.ro\/en\/wp-json\/wp\/v2\/posts\/3720\/revisions\/3722"}],"wp:featuredmedia":[{"embeddable":true,"href":"https:\/\/mnlr.ro\/en\/wp-json\/wp\/v2\/media\/3721"}],"wp:attachment":[{"href":"https:\/\/mnlr.ro\/en\/wp-json\/wp\/v2\/media?parent=3720"}],"wp:term":[{"taxonomy":"category","embeddable":true,"href":"https:\/\/mnlr.ro\/en\/wp-json\/wp\/v2\/categories?post=3720"},{"taxonomy":"post_tag","embeddable":true,"href":"https:\/\/mnlr.ro\/en\/wp-json\/wp\/v2\/tags?post=3720"}],"curies":[{"name":"wp","href":"https:\/\/api.w.org\/{rel}","templated":true}]}}