{"id":37209,"date":"2025-09-20T16:04:42","date_gmt":"2025-09-20T13:04:42","guid":{"rendered":"https:\/\/mnlr.ro\/?p=37209"},"modified":"2025-09-25T15:18:25","modified_gmt":"2025-09-25T12:18:25","slug":"poezia-care-striga-traieste-si-respira-slam-spoken-word-la-arcub","status":"publish","type":"post","link":"https:\/\/mnlr.ro\/en\/poezia-care-striga-traieste-si-respira-slam-spoken-word-la-arcub\/","title":{"rendered":"Poezia care strig\u0103, tr\u0103ie\u0219te \u0219i respir\u0103: Slam &#038; Spoken Word la ARCUB"},"content":{"rendered":"<p>Joi, 18 septembrie, de la ora 19.00, Sala Mare de la ARCUB \u2013 Hanul Gabroveni a devenit scena pe care vocea poeziei nu s-a mai ascuns \u00een pagini, ci a explodat direct \u00een fa\u021ba publicului, cu for\u021b\u0103, cu emo\u021bie, cu furie, cu sinceritate.<\/p>\n<p>Evenimentul a adus \u00eempreun\u0103 o pleiad\u0103 electrizant\u0103 de poe\u021bi-performeri din Rom\u00e2nia \u0219i din str\u0103in\u0103tate, \u00eentr-un format care nu a cunoscut bariera conven\u021biei literare clasice. Pe scen\u0103 au p\u0103\u0219it nume sonore precum Lalo Barrubia (Uruguay\/Suedia), Colin Herd (Marea Britanie), Yekta (Fran\u021ba), P\u00e9ter Z\u00e1vada (Ungaria), dar \u0219i unii dintre cei mai inovatori poe\u021bi rom\u00e2ni ai genera\u021biei actuale: Sorin Despot, Victor Dr\u0103ghici, Mugur Grosu, Ligia Ke\u0219i\u0219ian, Claudiu Komartin, R\u0103zvan Omot\u0103, Florentin Popa, Livia \u0218tefan, Alexandru Codru\u021b Iva\u0219cu.<\/p>\n<p>Sub coordonarea \u0219i moderarea lui Tiberiu Neac\u0219u, seara nu a fost doar spectacol, ci o experien\u021b\u0103 autentic\u0103, vie, \u00een care cuv\u00e2ntul a c\u0103p\u0103tat greutate prin voce, gest, prezen\u021b\u0103. Spre deosebire de poezia citit\u0103 \u00een t\u0103cerea camerei, slam poetry-ul este direct, visceral, adesea incomod \u2013 dar tocmai de aceea esen\u021bial. Este poezia celor care tr\u0103iesc cu intensitate realitatea, care o deconstruiesc \u00een fa\u021ba publicului \u0219i o reconstruiesc \u00een formule lirice surprinz\u0103toare.<\/p>\n<p>Prezen\u021ba interna\u021bional\u0103 a adus un plus de diversitate cultural\u0103, ritmic\u0103 \u0219i tematic\u0103. De la ironia a fost un barometru sincer al lumii \u00een care tr\u0103im. \u00centr-un format fluid, f\u0103r\u0103 decoruri inutile, fiecare poezie rostit\u0103 a devenit un manifest, o \u00eentrebare, un strig\u0103t sau o \u00eembr\u0103\u021bi\u0219are.<\/p>\n<p>\u00cen Hanul Gabroveni, un spa\u021biu care \u00eembin\u0103 tradi\u021bia cu modernitatea, poezia a devenit din nou social\u0103, colectiv\u0103, participativ\u0103 \u2013 a\u0219a cum a fost odinioar\u0103, \u00eenainte s\u0103 fie \u00eengr\u0103dit\u0103 \u00eentre coperte.<\/p>\n<p>Slam poetry-ul nu doar a pus \u00eentreb\u0103ri, c\u00e2t a avut ecouri. A transformat fiecare ascult\u0103tor \u00eentr-un martor activ al unei arte care nu cere permisiune s\u0103 fie auzit\u0103. Pentru c\u0103, \u00een fond, poezia nu trebuie doar citit\u0103 \u2013 trebuie tr\u0103it\u0103.<\/p>\n<p><em>Credit foto, filmare \u0219i montaj: Grigoru\u021b Stoica<\/em><\/p>\n<p><iframe loading=\"lazy\" title=\"FIPB 2025 | Poezia care strig\u0103, tr\u0103ie\u0219te \u0219i respir\u0103: Slam &amp; Spoken Word la ARCUB\" width=\"500\" height=\"281\" src=\"https:\/\/www.youtube.com\/embed\/obB6v-VcsC8?feature=oembed\" frameborder=\"0\" allow=\"accelerometer; autoplay; clipboard-write; encrypted-media; gyroscope; picture-in-picture; web-share\" referrerpolicy=\"strict-origin-when-cross-origin\" allowfullscreen><\/iframe><\/p>","protected":false},"excerpt":{"rendered":"<p>Joi, 18 septembrie, de la ora 19.00, Sala Mare de la ARCUB \u2013 Hanul Gabroveni a devenit scena pe care&#8230;<\/p>","protected":false},"author":11,"featured_media":37216,"comment_status":"closed","ping_status":"closed","sticky":false,"template":"","format":"standard","meta":{"_exactmetrics_skip_tracking":false,"_exactmetrics_sitenote_active":false,"_exactmetrics_sitenote_note":"","_exactmetrics_sitenote_category":0,"footnotes":""},"categories":[9,61],"tags":[],"class_list":["post-37209","post","type-post","status-publish","format-standard","has-post-thumbnail","hentry","category-evenimente","category-festival"],"_links":{"self":[{"href":"https:\/\/mnlr.ro\/en\/wp-json\/wp\/v2\/posts\/37209","targetHints":{"allow":["GET"]}}],"collection":[{"href":"https:\/\/mnlr.ro\/en\/wp-json\/wp\/v2\/posts"}],"about":[{"href":"https:\/\/mnlr.ro\/en\/wp-json\/wp\/v2\/types\/post"}],"author":[{"embeddable":true,"href":"https:\/\/mnlr.ro\/en\/wp-json\/wp\/v2\/users\/11"}],"replies":[{"embeddable":true,"href":"https:\/\/mnlr.ro\/en\/wp-json\/wp\/v2\/comments?post=37209"}],"version-history":[{"count":5,"href":"https:\/\/mnlr.ro\/en\/wp-json\/wp\/v2\/posts\/37209\/revisions"}],"predecessor-version":[{"id":37464,"href":"https:\/\/mnlr.ro\/en\/wp-json\/wp\/v2\/posts\/37209\/revisions\/37464"}],"wp:featuredmedia":[{"embeddable":true,"href":"https:\/\/mnlr.ro\/en\/wp-json\/wp\/v2\/media\/37216"}],"wp:attachment":[{"href":"https:\/\/mnlr.ro\/en\/wp-json\/wp\/v2\/media?parent=37209"}],"wp:term":[{"taxonomy":"category","embeddable":true,"href":"https:\/\/mnlr.ro\/en\/wp-json\/wp\/v2\/categories?post=37209"},{"taxonomy":"post_tag","embeddable":true,"href":"https:\/\/mnlr.ro\/en\/wp-json\/wp\/v2\/tags?post=37209"}],"curies":[{"name":"wp","href":"https:\/\/api.w.org\/{rel}","templated":true}]}}