{"id":37320,"date":"2025-09-21T00:56:05","date_gmt":"2025-09-20T21:56:05","guid":{"rendered":"https:\/\/mnlr.ro\/?p=37320"},"modified":"2025-09-24T13:19:51","modified_gmt":"2025-09-24T10:19:51","slug":"mircea-florian-intre-cantec-si-cuvant-intre-poezie-si-memorie","status":"publish","type":"post","link":"https:\/\/mnlr.ro\/en\/mircea-florian-intre-cantec-si-cuvant-intre-poezie-si-memorie\/","title":{"rendered":"Mircea Florian \u2013 \u00eentre c\u00e2ntec \u0219i cuv\u00e2nt, \u00eentre poezie \u0219i memorie"},"content":{"rendered":"<p>\u00cen Gr\u0103dina Muzeului Na\u021bional al Literaturii Rom\u00e2ne s-a petrecut un moment rar \u2013 o \u00eentoarcere a cuv\u00e2ntului scris spre scena poeziei, dar purt\u00e2nd amprenta unei voci care, de zeci de ani, a traversat artele cu aceea\u0219i elegan\u021b\u0103 cu care al\u021bii abia le ating.<\/p>\n<p>S\u00e2mb\u0103t\u0103, 20 septembrie 2025, ora 20.00, \u00een cadrul Festivalului Interna\u021bional de Poezie Bucure\u0219ti, a avut loc lansarea volumului \u201eC\u00e2ntece\u201d de Mircea Florian \u2013 o apari\u021bie editorial\u0103 Tracus Arte ce reune\u0219te, \u00een mod selectiv, o parte din poemele sale scrise \u0219i c\u00e2ntate de-a lungul timpului. Cartea este, \u00een fond, o hart\u0103 afectiv\u0103 a unei vie\u021bi tr\u0103ite poetic, muzical, artistic \u2013 dar \u0219i \u00een t\u0103cere, \u00een r\u0103bdarea sertarelor, a cutiilor, a foilor r\u0103t\u0103cite \u0219i reg\u0103site, a textelor salvate \u00een computere, dup\u0103 cum frumos remarca Ion Bogdan Lefter, unul dintre invita\u0163ii lui Mircea Florian.<\/p>\n<p>Poezia s-a \u00eent\u00e2lnit cu muzica, iar cuv\u00e2ntul a devenit ecou \u00een sunet, deoarece seara nu a fost doar o lansare de carte, ci o experien\u021b\u0103 multidisciplinar\u0103, o evocare a unei cariere atipice, unde grani\u021bele dintre formele de expresie se dizolv\u0103 firesc. Mircea Florian, figur\u0103 emblematic\u0103 a muzicii alternative rom\u00e2ne\u0219ti, dar \u0219i un poet al profunzimilor neconven\u021bionale, a oferit publicului un concert care a completat perfect demersul editorial: c\u00e2ntecele sale nu doar \u00eenso\u021besc poemele \u2013 ele sunt, adesea, chiar poeme \u00een sine, transmise cu for\u021ba unei voci \u00eenr\u0103d\u0103cinate \u00een istorie \u0219i libertate interioar\u0103.<\/p>\n<p>Participarea unor personalit\u0103\u021bi culturale precum Ion Bogdan Lefter, Drago\u0219 Andriana \u015fi directorul general al Muzeului Na\u0163ional al Literaturii Rom\u00e2ne, Ioan Cristescu, a subliniat caracterul complex \u0219i interactiv al evenimentului. Fiecare a adus o perspectiv\u0103 proprie asupra operei lui Florian: de la contextualiz\u0103ri critice \u0219i reflec\u021bii personale, la interven\u021bii muzicale sau afective care au f\u0103cut seara cu adev\u0103rat vie, reamintindu-ne c\u0103 poezia poate tr\u0103i nu doar \u00een solemnitate, ci \u0219i \u00een vibra\u021bie, \u00een ritm, \u00een improviza\u021bie.<\/p>\n<p>Cartea \u201eC\u00e2ntece\u201d nu este un debut \u00een sensul clasic al termenului \u2013 ci, mai degrab\u0103, un act de recuperare \u0219i asumare, o form\u0103 de a da glas (scris) unei dimensiuni poetice care a existat dintotdeauna \u00een universul artistic al lui Mircea Florian. E un gest de ordine, dar \u0219i de revela\u021bie: cititorul va descoperi \u00een paginile sale nu doar versuri, ci fragmente dintr-o istorie personal\u0103 care devine, prin art\u0103, colectiv\u0103.<\/p>\n<p>Seara din Gr\u0103dina MNLR a fost, a\u0219adar, o \u00eempletire de epoci, genuri, idei. A fost o celebrare a poeziei care vine din alte registre, care nu se limiteaz\u0103 la pagin\u0103 sau la scen\u0103, ci le une\u0219te \u00eentr-un singur act de expresie autentic\u0103. Mircea Florian nu a lansat doar o carte \u2013 a oferit o parte din sine, din memorie, din t\u0103cerea \u00een care s-au n\u0103scut c\u00e2ndva cuvintele care azi se c\u00e2nt\u0103 sau se citesc.<\/p>\n<p><em>Credit foto: Dan Marinescu<\/em><\/p>\n<p><em>Filmare \u0219i montaj: Alex Ursu<\/em><\/p>\n<p>&nbsp;<\/p>\n<p><iframe loading=\"lazy\" title=\"FIPB 2025 | Concert \u0219i lansare de carte \u201eC\u00e2ntece\u201d, de Mircea Florian\" width=\"500\" height=\"281\" src=\"https:\/\/www.youtube.com\/embed\/cJ44vznSbuQ?feature=oembed\" frameborder=\"0\" allow=\"accelerometer; autoplay; clipboard-write; encrypted-media; gyroscope; picture-in-picture; web-share\" referrerpolicy=\"strict-origin-when-cross-origin\" allowfullscreen><\/iframe><\/p>","protected":false},"excerpt":{"rendered":"<p>\u00cen Gr\u0103dina Muzeului Na\u021bional al Literaturii Rom\u00e2ne s-a petrecut un moment rar \u2013 o \u00eentoarcere a cuv\u00e2ntului scris spre scena&#8230;<\/p>","protected":false},"author":11,"featured_media":37334,"comment_status":"closed","ping_status":"closed","sticky":false,"template":"","format":"standard","meta":{"_exactmetrics_skip_tracking":false,"_exactmetrics_sitenote_active":false,"_exactmetrics_sitenote_note":"","_exactmetrics_sitenote_category":0,"footnotes":""},"categories":[9,61],"tags":[],"class_list":["post-37320","post","type-post","status-publish","format-standard","has-post-thumbnail","hentry","category-evenimente","category-festival"],"_links":{"self":[{"href":"https:\/\/mnlr.ro\/en\/wp-json\/wp\/v2\/posts\/37320","targetHints":{"allow":["GET"]}}],"collection":[{"href":"https:\/\/mnlr.ro\/en\/wp-json\/wp\/v2\/posts"}],"about":[{"href":"https:\/\/mnlr.ro\/en\/wp-json\/wp\/v2\/types\/post"}],"author":[{"embeddable":true,"href":"https:\/\/mnlr.ro\/en\/wp-json\/wp\/v2\/users\/11"}],"replies":[{"embeddable":true,"href":"https:\/\/mnlr.ro\/en\/wp-json\/wp\/v2\/comments?post=37320"}],"version-history":[{"count":2,"href":"https:\/\/mnlr.ro\/en\/wp-json\/wp\/v2\/posts\/37320\/revisions"}],"predecessor-version":[{"id":37406,"href":"https:\/\/mnlr.ro\/en\/wp-json\/wp\/v2\/posts\/37320\/revisions\/37406"}],"wp:featuredmedia":[{"embeddable":true,"href":"https:\/\/mnlr.ro\/en\/wp-json\/wp\/v2\/media\/37334"}],"wp:attachment":[{"href":"https:\/\/mnlr.ro\/en\/wp-json\/wp\/v2\/media?parent=37320"}],"wp:term":[{"taxonomy":"category","embeddable":true,"href":"https:\/\/mnlr.ro\/en\/wp-json\/wp\/v2\/categories?post=37320"},{"taxonomy":"post_tag","embeddable":true,"href":"https:\/\/mnlr.ro\/en\/wp-json\/wp\/v2\/tags?post=37320"}],"curies":[{"name":"wp","href":"https:\/\/api.w.org\/{rel}","templated":true}]}}