{"id":37582,"date":"2025-10-08T14:26:01","date_gmt":"2025-10-08T11:26:01","guid":{"rendered":"https:\/\/mnlr.ro\/?p=37582"},"modified":"2025-10-08T14:47:41","modified_gmt":"2025-10-08T11:47:41","slug":"poezie-si-creatie-188-horatiu-birca-si-loreta-popa","status":"publish","type":"post","link":"https:\/\/mnlr.ro\/en\/poezie-si-creatie-188-horatiu-birca-si-loreta-popa\/","title":{"rendered":"\u201ePoezie \u0219i crea\u021bie\u201d #188 | Hora\u021biu B\u00eerc\u0103 \u0219i Loreta Popa"},"content":{"rendered":"<p>Invitat la \u201ePoezie \u0219i crea\u021bie\u201d ast\u0103zi este regizorul Hora\u021biu B\u00eerc\u0103, cunoscut pentru spectacole precum \u201eLampio \u0219i gr\u0103untele de lumin\u0103\u201d, \u201eRevolta pove\u0219tilor\u201d sau \u201eBambi \u2013 Povestea p\u0103durii\u201d. Devenit una dintre vocile coerente \u0219i consecvente ale teatrului educativ din Rom\u00e2nia, Hora\u021biu B\u00eerc\u0103 reafirm\u0103 cu fiecare produc\u021bie a sa faptul c\u0103 teatrul pentru copii este un instrument de formare emo\u021bional\u0103 \u0219i intelectual\u0103.<\/p>\n<p>Prin acest spectacol, el introduce pe scenele din Rom\u00e2nia un concept relativ nou \u2013 \u201eteatrul de audien\u021b\u0103 general\u0103\u201d, \u00een care copiii \u0219i adul\u021bii tr\u0103iesc \u00eempreun\u0103 aceea\u0219i poveste, fiecare descifr\u00e2nd-o \u00een func\u021bie de v\u00e2rst\u0103 \u0219i experien\u021b\u0103. \u201eZeii Olimpului \u2013 Prometeu \u0219i focul\u201d este, \u00een acest sens, o veritabil\u0103 pledoarie pentru calitate, profunzime \u0219i respect fa\u021b\u0103 de public.<\/p>\n<p>\u201eZeii Olimpului \u2013 Prometeu \u0219i focul\u201d nu este doar o premier\u0103 curajoas\u0103, ci un manifest pentru un alt fel de teatru pentru copii: un teatru cu substan\u021b\u0103, cu miz\u0103, cu suflet. Este un spectacol care reu\u0219e\u0219te s\u0103 fie \u00een acela\u0219i timp educativ, modern \u0219i emo\u021bionant, deschiz\u00e2nd o poart\u0103 c\u0103tre miturile fondatoare \u0219i c\u0103tre \u00eentreb\u0103rile esen\u021biale ale umanit\u0103\u021bii. Copiii pleac\u0103 din sal\u0103 cu ochii mari \u0219i \u00eentreb\u0103ri pe buze. Iar p\u0103rin\u021bii cu o certitudine: teatrul poate fi, \u00eenc\u0103, un loc \u00een care pove\u0219tile fac lumin\u0103.<\/p>\n<p>Legenda lui Prometeu e mai mult dec\u00e2t mitologie, este un manifest pentru curajul de a g\u00e2ndi, de a iubi \u0219i de a d\u0103rui. El este puntea dintre cer \u0219i p\u0103m\u00e2nt, \u00eentre ideal \u0219i realitate. \u0218i, poate cel mai important, este dovada c\u0103 unele fl\u0103c\u0103ri nu pot fi stinse nici de zei, nici de timp. Dincolo de spectacolul vizual, r\u0103m\u00e2ne tema central\u0103: ce \u00eenseamn\u0103 s\u0103 fii curajos? Ce sacrificii implic\u0103 dorin\u021ba de a face binele? De ce este important s\u0103 g\u00e2nde\u0219ti pentru ceilal\u021bi? Aici st\u0103 una dintre marile reu\u0219ite ale regizorului Hora\u021biu B\u00eerc\u0103: faptul c\u0103 a g\u00e2ndit acest spectacol nu doar pentru copii, ci \u0219i pentru p\u0103rin\u021bi, bunici sau profesori. Copiii sunt captiva\u021bi de ac\u021biune, muzic\u0103 \u0219i personaje, \u00een timp ce adul\u021bii pot decodifica simboluri mai ad\u00e2nci, dincolo de povestea aparent simpl\u0103. Prometeu, \u00een aceast\u0103 cheie, nu este doar un personaj de legend\u0103, ci o metafor\u0103 a rezisten\u021bei, a libert\u0103\u021bii de g\u00e2ndire \u0219i a curajului de a schimba lumea. Urm\u0103toarele reprezenta\u021bii vor avea loc la Palatul Copiilor \u00een 20 \u0219i 21 octombrie.<\/p>\n<p><em>Credit foto, filmare \u0219i montaj: Dan Marinescu<\/em><br \/>\n<em>Proiect coordonat \u0219i realizat de Loreta Popa<\/em><\/p>\n<p><em>Urm\u0103ri\u021bi \u201ePoezie \u0219i crea\u021bie\u201d aici:<\/em><\/p>\n<p><iframe loading=\"lazy\" title=\"Poezie \u0219i crea\u021bie - Hora\u021biu B\u00eerc\u0103\" width=\"500\" height=\"281\" src=\"https:\/\/www.youtube.com\/embed\/WWxXWNcGVpI?feature=oembed\" frameborder=\"0\" allow=\"accelerometer; autoplay; clipboard-write; encrypted-media; gyroscope; picture-in-picture; web-share\" referrerpolicy=\"strict-origin-when-cross-origin\" allowfullscreen><\/iframe><\/p>","protected":false},"excerpt":{"rendered":"<p>Invitat la \u201ePoezie \u0219i crea\u021bie\u201d ast\u0103zi este regizorul Hora\u021biu B\u00eerc\u0103, cunoscut pentru spectacole precum \u201eLampio \u0219i gr\u0103untele de lumin\u0103\u201d, \u201eRevolta&#8230;<\/p>","protected":false},"author":11,"featured_media":37583,"comment_status":"closed","ping_status":"closed","sticky":false,"template":"","format":"standard","meta":{"_exactmetrics_skip_tracking":false,"_exactmetrics_sitenote_active":false,"_exactmetrics_sitenote_note":"","_exactmetrics_sitenote_category":0,"footnotes":""},"categories":[9,52],"tags":[],"class_list":["post-37582","post","type-post","status-publish","format-standard","has-post-thumbnail","hentry","category-evenimente","category-evenimente-on-line"],"_links":{"self":[{"href":"https:\/\/mnlr.ro\/en\/wp-json\/wp\/v2\/posts\/37582","targetHints":{"allow":["GET"]}}],"collection":[{"href":"https:\/\/mnlr.ro\/en\/wp-json\/wp\/v2\/posts"}],"about":[{"href":"https:\/\/mnlr.ro\/en\/wp-json\/wp\/v2\/types\/post"}],"author":[{"embeddable":true,"href":"https:\/\/mnlr.ro\/en\/wp-json\/wp\/v2\/users\/11"}],"replies":[{"embeddable":true,"href":"https:\/\/mnlr.ro\/en\/wp-json\/wp\/v2\/comments?post=37582"}],"version-history":[{"count":2,"href":"https:\/\/mnlr.ro\/en\/wp-json\/wp\/v2\/posts\/37582\/revisions"}],"predecessor-version":[{"id":37596,"href":"https:\/\/mnlr.ro\/en\/wp-json\/wp\/v2\/posts\/37582\/revisions\/37596"}],"wp:featuredmedia":[{"embeddable":true,"href":"https:\/\/mnlr.ro\/en\/wp-json\/wp\/v2\/media\/37583"}],"wp:attachment":[{"href":"https:\/\/mnlr.ro\/en\/wp-json\/wp\/v2\/media?parent=37582"}],"wp:term":[{"taxonomy":"category","embeddable":true,"href":"https:\/\/mnlr.ro\/en\/wp-json\/wp\/v2\/categories?post=37582"},{"taxonomy":"post_tag","embeddable":true,"href":"https:\/\/mnlr.ro\/en\/wp-json\/wp\/v2\/tags?post=37582"}],"curies":[{"name":"wp","href":"https:\/\/api.w.org\/{rel}","templated":true}]}}