{"id":3759,"date":"2017-12-08T22:29:25","date_gmt":"2017-12-08T20:29:25","guid":{"rendered":"http:\/\/mnlr.ro\/?p=3759"},"modified":"2017-12-08T22:29:25","modified_gmt":"2017-12-08T20:29:25","slug":"60-de-minute-crevasa","status":"publish","type":"post","link":"https:\/\/mnlr.ro\/en\/60-de-minute-crevasa\/","title":{"rendered":"60 de minute \u00een crevas\u0103"},"content":{"rendered":"<div id=\"yiv1051127259yui_3_16_0_ym19_1_1512759062885_53247\">\n<p><strong>S\u00e2mb\u0103t\u0103, 16 decembrie 2017, ora 19:00, la sediul Muzeului Na\u021bional al Literaturii Rom\u00e2ne, Sala Perpessicius (Strada Nicolae Cre\u021bulescu 8), va avea loc prima prezentare a revistei multilingve \u0219i multimedia <a href=\"http:\/\/www.crevice.ro\/\"><em>Crevice<\/em><\/a>, urmat\u0103 de o lectur\u0103 a scriitorilor Teodor Dun\u0103, Robert G. Elekes, Iulia Modiga \u0219i Elena Vl\u0103d\u0103reanu. \u00cent\u00e2lnirea va fi moderat\u0103 de Andra Rotaru \u0219i Eli B\u0103dic\u0103.<\/strong><\/p>\n<p><strong>Teodor Dun\u0103<\/strong> (n. 1981) a absolvit Facultatea de Litere, Universitatea Bucure\u015fti. A publicat volumele: <em>trenul de treie\u015funu februarie<\/em>, Editura Vinea (2002 \u2013 Premiul Na\u021bional de Poezie \u201eMihai Eminescu\u201d, Opera Prima); <em>catafazii<\/em>, Editura Vinea (2005); <em>de-a viul<\/em>, Editura Cartea Rom\u00e2neasc\u0103 (2010); <em>der l\u00e4rm des fleisches<\/em> (trad. de Georg Aescht), Edition Solitude, Germania (2012); <em>obiecte<\/em> <em>umane<\/em>, Editura Cartea Rom\u00e2neasc\u0103 (2015 \u2013 Premiul Cartea de poezie a anului 2015, Gala Tinerilor Scriitori) \u0219i <em>kiril\u0103<\/em>, Editura Tracus Arte (2017). Coordoneaz\u0103 \u0219i \u00eengrije\u0219te colec\u021bia \u201eAntologia Tracus Arte\u201d, \u00een care au ap\u0103rut volume de Virgil Mazilescu, Gellu Naum, Mariana Marin, Ioan Es. Pop, Ion Mure\u0219an, Aurel Dumitra\u0219cu, Traian T. Co\u0219ovei, Ioan Flora etc. \u00cen 2010, a beneficiat, pentru 6 luni, de o burs\u0103 de crea\u021bie la Akademie Schloss Solitude, Germania. Grupaje din poemele sale au fost traduse \u00een francez\u0103, englez\u0103, suedez\u0103, spaniol\u0103, bulgar\u0103, maghiar\u0103.<\/p>\n<p><strong>Robert G. Elekes<\/strong><strong>\u00a0<\/strong>s-a n\u0103scut \u00eentr-o familie multietnic\u0103 pe 28 ianuarie 1985, \u00een Bra\u015fov. A absolvit Facultatea de Litere a Universit\u0103\u0163ii Transilvania din Bra\u015fov. A primit titlul de doctor de la Universitatea Lucian Blaga din Sibiu, \u00een 2012, pentru o lucrare despre literatura de expresie german\u0103 din Rom\u00e2nia \u00een perioada comunismului. Debuteaz\u0103 \u00een revista\u00a0<em>Corpul T<\/em>, \u00een 2012. \u00cen prezent, pred\u0103 literatur\u0103 \u015fi traduceri la Universitatea \u201eTransilvania\u201d din Bra\u015fov. A debutat cu volumul de poezie\u00a0<em>aici \u00eemi iau din\u021bii-n spinare \u0219i adio<\/em>, Editura Tracus Arte, 2015, volum distins cu premiul \u201eIustin Pan\u021ba\u201d, Premiul Na\u021bional \u201eMihai Eminescu\u201d, premiul revistei <em>Familia<\/em>, premiul de debut al Uniunii Scriitorilor din Rom\u00e2nia. \u00cen 2016 public\u0103 volumul de teorie literar\u0103 <em>Kleinschreibungen<\/em> (<em>Scrieri cu Minuscule<\/em>), Editura Universit\u0103\u021bii Transilvania. Este ini\u021biatorul clubului de lectur\u0103 \u0219i al festivalului <em>Dact\u0103r<\/em><em>\u00a0Nicu&#8217;s\u00a0Skyzoid Poets<\/em><em>, la Bra\u0219ov. A realizat sau a participat \u00een proiecte interdisciplinare Biofilm <\/em><em>(dans, poezie, muzic\u0103), Amural \u2013 festival de arte vizuale, #dansliteratura<\/em><em> (\u00eempreun\u0103 cu coregraful Paul Dunca) etc.<\/em>Volumul de debut \u00eei va ap\u0103rea \u00een America, la editura Black Ocean.<\/p>\n<p><strong>Iulia Modiga<\/strong>: \u201ePionierat\u201d publicistic \u00een <em>Stare de urgen\u021b\u0103<\/em>, <em>Revista la Plic <\/em>\u0219i <em>Tiuk!<\/em> (nu pune la socoteal\u0103 revista <em>Examene<\/em>, \u00een care i-au ap\u0103rut fragmente de nuvele, \u00een prag de Capacitate). Scrie studii, articole \u0219tiin\u021bifice despre mi\u0219c\u0103ri sociale \u0219i Republica Moldova, \u0219tiri, e-mail-uri succinte, proiecte pentru rom\u00e2nii de pretutindeni. A c\u00e2\u0219tigat edi\u021bia din 2014 a <em>Incubatorului de condeie.<\/em> A debutat cu volumul de poeme <em>Bagdad<\/em> (Ed. Karth, 2015), \u00een leg\u0103tur\u0103 cu care s-au publicat vreo dou\u0103 cronici (\u00een <em>Vatra<\/em> \u0219i <em>Convorbiri literare<\/em>). Cel mai recent volum publicat: <em>Incendii<\/em>, Cartea Rom\u00e2neasc\u0103, 2017. Activist\u0103 pentru Unire. Sociolog, jurnalist, \u00een fi\u0219a postului: \u201eexpert\u201d.<\/p>\n<p><strong>Elena Vl\u0103d\u0103reanu<\/strong>\u00a0a absolvit Facultatea de Litere a Universit\u0103\u0163ii Bucure\u015fti (Rom\u00e2n\u0103-Francez\u0103, 2004) \u015fi masteratul interdisciplinar\u00a0<em>Spectacol, Multimedia, Societate<\/em>\u00a0al Centrului de Excelen\u0163\u0103 \u00een Studiul Imaginii din Bucure\u015fti (2014) cu o cercetare despre performativitatea poeziei contemporane. A publicat volumele\u00a0<em>spa\u0163iu privat. a handbook<\/em>\u00a0(Cartea Rom\u00e2neasc\u0103, 2009, cu desene de Dan Perjovschi),\u00a0<em>Non Stress Test<\/em>\u00a0(Casa de Pariuri Literare, 2016), <em>Bani. Munc\u0103. Timp liber<\/em> (Editura Nemira, 2017) etc., precum \u015fi poezie \u00een mai multe antologii, printre care\u00a0<em>The Vanishing Point That Whistles. An Anthology of Contemporary Romanian Poetry<\/em>\u00a0(2011, USA) \u015fi\u00a0<em>No Longer Poetry. New Romanian Poetry<\/em>\u00a0(2007, UK).\u00a0<a href=\"http:\/\/www.elenavladareanu.ro\/\">http:\/\/www.elenavladareanu.ro\/<\/a><\/p>\n<p>Evenimentul este realizat de revista <em>Crevice<\/em> \u00een parteneriat cu Muzeul Na\u021bional al Literaturii Rom\u00e2ne.<\/p>\n<p>Intrarea este liber\u0103, \u00een limita locurilor disponibile.<\/p>\n<p>Persoana de contact: Andra Rotaru, <a href=\"mailto:andra@crevice.ro\">andra@crevice.ro<\/a>.<\/p>\n<\/div>\n<div id=\"yiv1051127259yui_3_16_0_ym19_1_1512759062885_53247\" dir=\"ltr\"><\/div>","protected":false},"excerpt":{"rendered":"<p>S\u00e2mb\u0103t\u0103, 16 decembrie 2017, ora 19:00, la sediul Muzeului Na\u021bional al Literaturii Rom\u00e2ne, Sala Perpessicius (Strada Nicolae Cre\u021bulescu 8), va&#8230;<\/p>","protected":false},"author":1,"featured_media":3760,"comment_status":"closed","ping_status":"closed","sticky":false,"template":"","format":"standard","meta":{"_exactmetrics_skip_tracking":false,"_exactmetrics_sitenote_active":false,"_exactmetrics_sitenote_note":"","_exactmetrics_sitenote_category":0,"footnotes":""},"categories":[9],"tags":[],"class_list":["post-3759","post","type-post","status-publish","format-standard","has-post-thumbnail","hentry","category-evenimente"],"_links":{"self":[{"href":"https:\/\/mnlr.ro\/en\/wp-json\/wp\/v2\/posts\/3759","targetHints":{"allow":["GET"]}}],"collection":[{"href":"https:\/\/mnlr.ro\/en\/wp-json\/wp\/v2\/posts"}],"about":[{"href":"https:\/\/mnlr.ro\/en\/wp-json\/wp\/v2\/types\/post"}],"author":[{"embeddable":true,"href":"https:\/\/mnlr.ro\/en\/wp-json\/wp\/v2\/users\/1"}],"replies":[{"embeddable":true,"href":"https:\/\/mnlr.ro\/en\/wp-json\/wp\/v2\/comments?post=3759"}],"version-history":[{"count":1,"href":"https:\/\/mnlr.ro\/en\/wp-json\/wp\/v2\/posts\/3759\/revisions"}],"predecessor-version":[{"id":3761,"href":"https:\/\/mnlr.ro\/en\/wp-json\/wp\/v2\/posts\/3759\/revisions\/3761"}],"wp:featuredmedia":[{"embeddable":true,"href":"https:\/\/mnlr.ro\/en\/wp-json\/wp\/v2\/media\/3760"}],"wp:attachment":[{"href":"https:\/\/mnlr.ro\/en\/wp-json\/wp\/v2\/media?parent=3759"}],"wp:term":[{"taxonomy":"category","embeddable":true,"href":"https:\/\/mnlr.ro\/en\/wp-json\/wp\/v2\/categories?post=3759"},{"taxonomy":"post_tag","embeddable":true,"href":"https:\/\/mnlr.ro\/en\/wp-json\/wp\/v2\/tags?post=3759"}],"curies":[{"name":"wp","href":"https:\/\/api.w.org\/{rel}","templated":true}]}}