{"id":37902,"date":"2025-11-13T10:20:45","date_gmt":"2025-11-13T08:20:45","guid":{"rendered":"https:\/\/mnlr.ro\/?p=37902"},"modified":"2025-11-17T14:29:40","modified_gmt":"2025-11-17T12:29:40","slug":"sabinne-i-10","status":"publish","type":"post","link":"https:\/\/mnlr.ro\/en\/sabinne-i-10\/","title":{"rendered":"SABINNE I 10"},"content":{"rendered":"<p>Muzeul Na\u021bional al Literaturii Rom\u00e2ne organizeaz\u0103, \u00een colaborare cu SABINNE, \u00een perioada <strong>19 noiembrie \u2013 19 decembrie 2025<\/strong>, la sediul s\u0103u din str. Nicolae Cre\u021bulescu 8, expozi\u021bia de art\u0103 textil\u0103 \u00a0SABINNE I 10 a artistei Sabina Georgescu, destinat\u0103 celebr\u0103rii a 10 ani de activitate a brandului SABINNE, \u00eenfiin\u021bat de artist\u0103 \u00een anul 2015.<\/p>\n<p>Crea\u021biile Sabinei Georgescu se orienteaza\u0306 ca\u0306tre formele arhitecturale, pe care le combin\u0103 cu cele organice, folosind curajos culorile vibrante \u0219i contrastele puternice pentru a crea adev\u0103rate sculpturi purtabile.<\/p>\n<p>10 \u021binute care macheaz\u0103 cei 10 ani de activitate a SABINNE vor putea fi descoperite \u00een cadrul colec\u021biei de baz\u0103 a muzeului, la parter \u0219i etajul 1. Lucr\u0103rile fac parte din diferite colec\u021bii ale artistei concepute pe parcursul celor 10 ani. Sabina Georgescu are un stil aparte, unic, care \u00eembin\u0103 diferite tipuri de \u021bes\u0103turi cre\u00e2nd volumetrii surprinz\u0103toare, o marc\u0103 personal\u0103 inconfundabil\u0103. De la materiale delicate, precum tulle-ul, la materiale curajoase, precum fetrul, volumele crea\u021biilor sale alc\u0103tuiesc compozi\u021bii perfect echilibrate. \u021ainutele sale nu sunt simple piese pr\u00eat-\u00e0-porter ci adev\u0103rate opere de art\u0103.<\/p>\n<p>Sabina Georgescu este artist vizual, absolvent de master \u00een cadrul Universit\u0103\u021bii Na\u021bionale de Arte, Bucure\u0219ti, actualmente student al \u0218colii Doctorale al aceleia\u0219i institu\u021bii, av\u00e2nd o tez\u0103 cu tema \u201dSustenabilitate \u00een Mod\u0103\u201d, sub coordonarea Prof.dr. Rucsandra Popp.<\/p>\n<p>Proiectele sale au fost apreciate la nivel na\u021bional \u0219i interna\u021bional. Lucrarea \u201dBlue Gardens\u201d participa\u0306 la Romanian Design Week 2018, precum \u0219i \u00een cadrul evenimentului \u201dL\u2019Art des Convergences\u201d de la Paris, organizat de Institutul Cultural Rom\u00e2n, Universitatea Na\u021bionala\u0306 de Arte \u0219i Ambasada Rom\u00e2niei \u00een Fran\u021ba. R\u00e2nd pe r\u00e2nd, colec\u021biile ei ob\u021bin recunoa\u0219tere interna\u021bionala\u0306: Argint si Bronz la International Design Awards 2018, Los Angeles, SUA pentru Blue Gardens, Argint la IDA 2019 \u0219i C-IDEA Design Award 2019, pentru colec\u021bia Metamorph, Argint pentru colec\u021bia Lava Ego la IDA 2021. Prezen\u021ba la expozi\u021bii de profil din \u021bara\u0306 \u0219i stra\u0306ina\u0306tate, apari\u021biile crea\u021biilor ei \u00een revistele de moda\u0306 \u0219i nu numai, aprecierea colaboratorilor, o motiveaza\u0306 pe Sabina Georgescu sa\u0306 continue explorarea formelor \u0219i structurilor textile pentru a crea noi metode de exprimare artistica\u0306.<\/p>\n<p>Implicarea sa \u00een proiecte cu miza\u0306 sociala\u0306, precum \u201dAtypic Beauty\u201d (destinat celebra\u0306rii frumuse\u021bii atipice, \u00een afara standardelor sociale) sau \u201dFemeia care se ridica\u0306\u201d (destinat sprijinirii femeilor care sunt victime ale abuzului domestic, organizat de Asociat\u0326ia Touched Rom\u00e2nia) puncteaza\u0306 valorile \u00een care crede cu putere \u0219i pe care a ales sa\u0306 le sus\u021bina\u0306: diversitate, inclusivitate, empatie \u0219i creativitate.<\/p>\n<p>\u00cen 2015, artista fondeaz\u0103 brandul vestimentar rom\u00e2nesc Sabinne, marc\u0103 \u00eenregistrat\u0103 la nivel european, menit sa\u0306 ofere publicului propuneri vestimentare creative \u0219i sustenabile, cu atitudine. Elementele avangardiste, continua cercetare a formelor reprezint\u0103 preocupa\u0306ri permanente \u00een activitatea designerului Sabina Georgescu.<\/p>\n<p>De la bun \u00eenceput, dorin\u021ba artistei a fost de a realiza design vestimentar sustenabil, astfel c\u0103 \u00eentreaga activitate a brandului s\u0103u, dar \u0219i a sa, ca artist, se subsumeaz\u0103 principiilor de folosire ra\u021bional\u0103 a materialelor, economisire, creare de colec\u021bii vestimentare ce tind spre dezideratul de \u201d0 de\u0219euri\u201d, reciclarea materialelor textile, recuperare \u0219i restilizare a textilelor deja existente.<\/p>\n<p>Vernisajul va avea loc \u00een data de <strong>19 noiembrie 2025<\/strong>, ora <strong>19.00<\/strong>, <strong>\u00een colec\u021bia de baz\u0103<\/strong>, <strong>etajul 1<\/strong>.<\/p>\n<p>Detalii despre activitatea SABINNE, aici: <a href=\"https:\/\/www.sabinne.com\/\">www.sabinne.com<\/a><\/p>","protected":false},"excerpt":{"rendered":"<p>Muzeul Na\u021bional al Literaturii Rom\u00e2ne organizeaz\u0103, \u00een colaborare cu SABINNE, \u00een perioada 19 noiembrie \u2013 19 decembrie 2025, la sediul&#8230;<\/p>","protected":false},"author":13,"featured_media":37903,"comment_status":"closed","ping_status":"closed","sticky":false,"template":"","format":"standard","meta":{"_exactmetrics_skip_tracking":false,"_exactmetrics_sitenote_active":false,"_exactmetrics_sitenote_note":"","_exactmetrics_sitenote_category":0,"footnotes":""},"categories":[9,66],"tags":[],"class_list":["post-37902","post","type-post","status-publish","format-standard","has-post-thumbnail","hentry","category-evenimente","category-expozitii-temporare-mnlr-str-nicolae-cretulescu-nr-8"],"_links":{"self":[{"href":"https:\/\/mnlr.ro\/en\/wp-json\/wp\/v2\/posts\/37902","targetHints":{"allow":["GET"]}}],"collection":[{"href":"https:\/\/mnlr.ro\/en\/wp-json\/wp\/v2\/posts"}],"about":[{"href":"https:\/\/mnlr.ro\/en\/wp-json\/wp\/v2\/types\/post"}],"author":[{"embeddable":true,"href":"https:\/\/mnlr.ro\/en\/wp-json\/wp\/v2\/users\/13"}],"replies":[{"embeddable":true,"href":"https:\/\/mnlr.ro\/en\/wp-json\/wp\/v2\/comments?post=37902"}],"version-history":[{"count":6,"href":"https:\/\/mnlr.ro\/en\/wp-json\/wp\/v2\/posts\/37902\/revisions"}],"predecessor-version":[{"id":37932,"href":"https:\/\/mnlr.ro\/en\/wp-json\/wp\/v2\/posts\/37902\/revisions\/37932"}],"wp:featuredmedia":[{"embeddable":true,"href":"https:\/\/mnlr.ro\/en\/wp-json\/wp\/v2\/media\/37903"}],"wp:attachment":[{"href":"https:\/\/mnlr.ro\/en\/wp-json\/wp\/v2\/media?parent=37902"}],"wp:term":[{"taxonomy":"category","embeddable":true,"href":"https:\/\/mnlr.ro\/en\/wp-json\/wp\/v2\/categories?post=37902"},{"taxonomy":"post_tag","embeddable":true,"href":"https:\/\/mnlr.ro\/en\/wp-json\/wp\/v2\/tags?post=37902"}],"curies":[{"name":"wp","href":"https:\/\/api.w.org\/{rel}","templated":true}]}}