{"id":37950,"date":"2025-11-20T11:03:36","date_gmt":"2025-11-20T09:03:36","guid":{"rendered":"https:\/\/mnlr.ro\/?p=37950"},"modified":"2025-11-20T11:03:36","modified_gmt":"2025-11-20T09:03:36","slug":"liviu-rebreanu-140","status":"publish","type":"post","link":"https:\/\/mnlr.ro\/en\/liviu-rebreanu-140\/","title":{"rendered":"Liviu Rebreanu &#8211; 140"},"content":{"rendered":"<p>Muzeul Na\u021bional al Literaturii Rom\u00e2ne organizeaz\u0103 mar\u021bi, 25 noiembrie 2025, de la ora 16.00, un eveniment dedicat celebr\u0103rii a 140 de ani de la na\u0219terea lui Liviu Rebreanu, unul dintre cei mai importan\u021bi prozatori rom\u00e2ni ai secolului al XX-lea \u0219i membru titular al Academiei Rom\u00e2ne.<\/p>\n<p>La eveniment vor participa Claudia Matei, Caius Dobrescu, C\u0103lin-Andrei Mih\u0103ilescu, Virgil Ni\u021bulescu, precum \u0219i Ioan Cristescu, directorul Muzeului Na\u021bional al Literaturii Rom\u00e2ne. Vor fi luate \u00een discu\u021bie modernitatea operei, relevan\u021ba cultural\u0103 \u0219i actualitatea temelor abordate de marele prozator.<\/p>\n<p>N\u0103scut la 27 noiembrie 1885, \u00een T\u00e2rli\u0219ua (jude\u021bul Bistri\u021ba-N\u0103s\u0103ud), Liviu Rebreanu provine dintr-o familie numeroas\u0103 de dasc\u0103li \u0219i \u0219i-a petrecut copil\u0103ria la Maieru &#8211; univers care avea s\u0103 devin\u0103 surs\u0103 de inspira\u021bie pentru multe dintre capodoperele sale. Debutul s\u0103u \u00een presa rom\u00e2neasc\u0103 are loc \u00een 1908, iar perioada anilor de \u0219coal\u0103, experien\u021ba militar\u0103, deten\u021bia, greut\u0103\u021bile materiale \u0219i contactul cu via\u021ba cultural\u0103 efervescent\u0103 a \u00eenceputului de secol alimenteaz\u0103 o oper\u0103 caracterizat\u0103 prin profunzime psihologic\u0103 \u0219i autenticitate realist\u0103.<\/p>\n<p>Romanul \u201eIon\u201d (1920) r\u0103m\u00e2ne prima mare crea\u021bie obiectiv\u0103 a literaturii rom\u00e2ne, oferind o fresc\u0103 memorabil\u0103 a satului transilv\u0103nean. \u00cen \u201eP\u0103durea sp\u00e2nzura\u021bilor\u201d (1922), Rebreanu exploreaz\u0103 tragedia fratelui s\u0103u, Emil, transform\u00e2nd-o \u00eentr-un roman al conflictului dintre datorie \u0219i con\u0219tiin\u021b\u0103. \u201eAdam \u0219i Eva\u201d (1925) aduce \u00een prim-plan teme filosofice precum iubirea predestinat\u0103, re\u00eencarnarea \u0219i c\u0103utarea sensului existen\u021bei, \u00eentr-o construc\u021bie simbolic\u0103 unic\u0103 \u00een literatura rom\u00e2n\u0103. \u00cen \u201eR\u0103scoala\u201d (1932), autorul recreeaz\u0103 cu for\u021b\u0103 epica dramatismului evenimentelor din 1907, oferind o viziune ampl\u0103 asupra lumii rurale.<\/p>\n<p>De-a lungul carierei sale, Liviu Rebreanu a fost director al Teatrului Na\u021bional din Bucure\u0219ti, autor de piese, nuvele, jurnale \u0219i romane care au marcat definirea romanului rom\u00e2nesc modern. Scriitorul \u0219i-a petrecut ultimii ani la Valea Mare, unde s-a retras din cauza bolii \u0219i unde a trecut la cele ve\u0219nice \u00een 1944.<\/p>\n<p>Evenimentul organizat de Muzeul Na\u021bional al Literaturii Rom\u00e2ne reprezint\u0103 un omagiu adus unui reper fundamental al culturii rom\u00e2ne, a c\u0103rui oper\u0103 continu\u0103 s\u0103 inspire genera\u021bii de cititori, scriitori \u0219i cercet\u0103tori.<\/p>\n<p>Accesul publicului este liber, \u00een limita locurilor disponibile.<\/p>","protected":false},"excerpt":{"rendered":"<p>Muzeul Na\u021bional al Literaturii Rom\u00e2ne organizeaz\u0103 mar\u021bi, 25 noiembrie 2025, de la ora 16.00, un eveniment dedicat celebr\u0103rii a 140&#8230;<\/p>","protected":false},"author":13,"featured_media":37951,"comment_status":"closed","ping_status":"closed","sticky":false,"template":"","format":"standard","meta":{"_exactmetrics_skip_tracking":false,"_exactmetrics_sitenote_active":false,"_exactmetrics_sitenote_note":"","_exactmetrics_sitenote_category":0,"footnotes":""},"categories":[9],"tags":[],"class_list":["post-37950","post","type-post","status-publish","format-standard","has-post-thumbnail","hentry","category-evenimente"],"_links":{"self":[{"href":"https:\/\/mnlr.ro\/en\/wp-json\/wp\/v2\/posts\/37950","targetHints":{"allow":["GET"]}}],"collection":[{"href":"https:\/\/mnlr.ro\/en\/wp-json\/wp\/v2\/posts"}],"about":[{"href":"https:\/\/mnlr.ro\/en\/wp-json\/wp\/v2\/types\/post"}],"author":[{"embeddable":true,"href":"https:\/\/mnlr.ro\/en\/wp-json\/wp\/v2\/users\/13"}],"replies":[{"embeddable":true,"href":"https:\/\/mnlr.ro\/en\/wp-json\/wp\/v2\/comments?post=37950"}],"version-history":[{"count":1,"href":"https:\/\/mnlr.ro\/en\/wp-json\/wp\/v2\/posts\/37950\/revisions"}],"predecessor-version":[{"id":37952,"href":"https:\/\/mnlr.ro\/en\/wp-json\/wp\/v2\/posts\/37950\/revisions\/37952"}],"wp:featuredmedia":[{"embeddable":true,"href":"https:\/\/mnlr.ro\/en\/wp-json\/wp\/v2\/media\/37951"}],"wp:attachment":[{"href":"https:\/\/mnlr.ro\/en\/wp-json\/wp\/v2\/media?parent=37950"}],"wp:term":[{"taxonomy":"category","embeddable":true,"href":"https:\/\/mnlr.ro\/en\/wp-json\/wp\/v2\/categories?post=37950"},{"taxonomy":"post_tag","embeddable":true,"href":"https:\/\/mnlr.ro\/en\/wp-json\/wp\/v2\/tags?post=37950"}],"curies":[{"name":"wp","href":"https:\/\/api.w.org\/{rel}","templated":true}]}}