{"id":37966,"date":"2025-11-21T13:28:26","date_gmt":"2025-11-21T11:28:26","guid":{"rendered":"https:\/\/mnlr.ro\/?p=37966"},"modified":"2025-11-21T13:30:26","modified_gmt":"2025-11-21T11:30:26","slug":"gala-premiilor-leibniz","status":"publish","type":"post","link":"https:\/\/mnlr.ro\/en\/gala-premiilor-leibniz\/","title":{"rendered":"Gala Premiilor Leibniz"},"content":{"rendered":"<p>Muzeul Na\u021bional al Literaturii Rom\u00e2ne din Bucure\u0219ti va g\u0103zdui joi, 27 noiembrie 2025, de la ora 18.00, Gala Premiilor Leibniz, organizat\u0103 de Asocia\u021bia\u00a0Societatea Leibniz din Rom\u00e2nia.<\/p>\n<p>\u00cen scopul stimul\u0103rii cercet\u0103rii din domeniul studiilor leibniziene \u0219i, \u00een general, din domeniul filosofiei, \u0219tiin\u021bei \u0219i artei, pentru a se crea condi\u021biile unei educa\u021bii de calitate, \u00een spiritul irenismului promovat de Leibniz, al toleran\u021bei \u0219i respectului pentru drepturile omului, Asocia\u021bia\u00a0Societatea Leibniz din Rom\u00e2nia\u00a0<a href=\"https:\/\/societatealeibnizeducation.wordpress.com\/\">(www.societatealeibniz.education)<\/a> acord\u0103 premii destinate creatorilor din \u021bar\u0103 \u0219i str\u0103in\u0103tate.<\/p>\n<p>Vor fi acordate urm\u0103toarele premii:<br \/>\n1. Premiul Leibniz \u2013 premiu anual pentru lucr\u0103ri din domeniul studiilor leibnitiene, din \u021bar\u0103 sau din str\u0103in\u0103tate, publicate \u00een anul 2024.<br \/>\n2. Premiul Leibniz pentru Filosofie \u2013 premiu anual pentru lucr\u0103ri de filosofie (din domeniul studiilor leibniziene sau din alt domeniu) publicate \u00een anul 2024.<br \/>\n3. Premiul Leibniz pentru Traducere \u2013 premiu anual pentru traducerea de lucr\u0103ri de filosofie (din domeniul studiilor leibniziene sau din alt domeniu) publicate \u00een anul 2024.<br \/>\n4. Premiul Leibniz pentru Proz\u0103 \u2013 premiu anual pentru lucr\u0103ri din domeniul literaturii \u2013 proz\u0103 publicate \u00een anul 2024.<br \/>\n5. Premiul Leibniz pentru Poezie \u2013 premiu anual pentru lucr\u0103ri din domeniul literaturii \u2013 poezie publicate \u00een anul 2024.<br \/>\n6. Premiul Leibniz pentru \u0218tiin\u021b\u0103 \u2013 premiu anual pentru lucr\u0103ri din domeniul \u0219tiin\u021bei publicate \u00een anul 2024.<\/p>\n<p>Propunerile pentru premiere se pot face at\u00e2t de juriul desemnat de Asocia\u021be c\u00e2t \u0219i, individual, de c\u0103tre to\u021bi cei interesa\u021bi s\u0103 participe la competi\u021bie.<\/p>\n<p>Lucr\u0103rile se trimit \u00een format PDF sau tip\u0103rit pe adresa Asocia\u021biei.<\/p>\n<p>Regulamentul competi\u021biei se poate consulta la adresa:<br \/>\n<a href=\"https:\/\/societatealeibnizeducation.wordpress.com\/regulamentul-premiilor-leibniz\/\">https:\/\/societatealeibnizeducation.wordpress.com\/regulamentul-premiilor-leibniz\/<\/a><\/p>\n<p>&nbsp;<\/p>","protected":false},"excerpt":{"rendered":"<p>Muzeul Na\u021bional al Literaturii Rom\u00e2ne din Bucure\u0219ti va g\u0103zdui joi, 27 noiembrie 2025, de la ora 18.00, Gala Premiilor Leibniz,&#8230;<\/p>","protected":false},"author":11,"featured_media":37967,"comment_status":"closed","ping_status":"closed","sticky":false,"template":"","format":"standard","meta":{"_exactmetrics_skip_tracking":false,"_exactmetrics_sitenote_active":false,"_exactmetrics_sitenote_note":"","_exactmetrics_sitenote_category":0,"footnotes":""},"categories":[9],"tags":[],"class_list":["post-37966","post","type-post","status-publish","format-standard","has-post-thumbnail","hentry","category-evenimente"],"_links":{"self":[{"href":"https:\/\/mnlr.ro\/en\/wp-json\/wp\/v2\/posts\/37966","targetHints":{"allow":["GET"]}}],"collection":[{"href":"https:\/\/mnlr.ro\/en\/wp-json\/wp\/v2\/posts"}],"about":[{"href":"https:\/\/mnlr.ro\/en\/wp-json\/wp\/v2\/types\/post"}],"author":[{"embeddable":true,"href":"https:\/\/mnlr.ro\/en\/wp-json\/wp\/v2\/users\/11"}],"replies":[{"embeddable":true,"href":"https:\/\/mnlr.ro\/en\/wp-json\/wp\/v2\/comments?post=37966"}],"version-history":[{"count":3,"href":"https:\/\/mnlr.ro\/en\/wp-json\/wp\/v2\/posts\/37966\/revisions"}],"predecessor-version":[{"id":37970,"href":"https:\/\/mnlr.ro\/en\/wp-json\/wp\/v2\/posts\/37966\/revisions\/37970"}],"wp:featuredmedia":[{"embeddable":true,"href":"https:\/\/mnlr.ro\/en\/wp-json\/wp\/v2\/media\/37967"}],"wp:attachment":[{"href":"https:\/\/mnlr.ro\/en\/wp-json\/wp\/v2\/media?parent=37966"}],"wp:term":[{"taxonomy":"category","embeddable":true,"href":"https:\/\/mnlr.ro\/en\/wp-json\/wp\/v2\/categories?post=37966"},{"taxonomy":"post_tag","embeddable":true,"href":"https:\/\/mnlr.ro\/en\/wp-json\/wp\/v2\/tags?post=37966"}],"curies":[{"name":"wp","href":"https:\/\/api.w.org\/{rel}","templated":true}]}}