{"id":3825,"date":"2017-12-12T12:56:38","date_gmt":"2017-12-12T10:56:38","guid":{"rendered":"http:\/\/mnlr.ro\/?p=3825"},"modified":"2017-12-12T12:56:38","modified_gmt":"2017-12-12T10:56:38","slug":"aniversarea-20-de-ani-de-existenta-asociatiei-de-literatura-generala-si-comparata-din-romania","status":"publish","type":"post","link":"https:\/\/mnlr.ro\/en\/aniversarea-20-de-ani-de-existenta-asociatiei-de-literatura-generala-si-comparata-din-romania\/","title":{"rendered":"Aniversarea a 20 de ani de existen\u021b\u0103 a Asocia\u021biei de Literatur\u0103 General\u0103 \u0219i Comparat\u0103 din  Rom\u00e2nia"},"content":{"rendered":"<p><strong>Joi, 14 decembrie 2017, v\u0103 invit\u0103m la evenimentul care aniverseaz\u0103 20 de ani de existen\u021b\u0103 a Asocia\u021biei de Literatur\u0103 General\u0103 \u0219i Comparat\u0103 din\u00a0 Rom\u00e2nia. Cu acela\u0219i prilej se va marca \u0219i \u00eemplinirea a 120 de ani de la na\u0219terea lui Tudor Vianu. Prima parte a lucr\u0103rilor va avea loc \u00een Sala de Consiliu a Facult\u0103\u021bii de Litere (<a href=\"https:\/\/maps.google.com\/?q=Strada+Edgar+Quinet+5-7&amp;entry=gmail&amp;source=g\">Strada Edgar Quinet 5-7<\/a>), iar cea de-a doua, \u00een Sala\u00a0<em>Perpessicius<\/em>\u00a0a Muzeului Na\u021bional al Literaturii Rom\u00e2ne.<\/strong><\/p>\n<p><strong><u>PROGRAM:<\/u><br \/>\n10.00 \u2013 11.00<br \/>\n<em>Sala de Consiliu a Facult\u0103\u021bii de Litere (<a href=\"https:\/\/maps.google.com\/?q=Strada+Edgar+Quinet+5-7&amp;entry=gmail&amp;source=g\">Strada Edgar Quinet 5-7<\/a>)<\/em><\/strong><br \/>\n<strong>Alocu\u021biuni introductive<\/strong><br \/>\nMircea Martin, Pre\u0219edinte al ALGCR<br \/>\nLiviu Papadima, Prorector al Universit\u0103\u021bii din Bucure\u0219ti<br \/>\nEmil Ionescu, Decan al Facult\u0103\u021bii de Litere<br \/>\nPaul Cornea, Pre\u0219edinte de onoare al ALGCR<br \/>\nChristian Moraru, Profesor la University of North Carolina, Greensboro<\/p>\n<p><strong>11.30 \u2013 12.30 \u2013\u00a0<em>Tudor Vianu<\/em><\/strong><br \/>\nCarmen Mu\u0219at<br \/>\nAdriana Stan<br \/>\nOana Fotache<\/p>\n<p><strong>12.30 \u2013 13.00 \u2013\u00a0<em>Adrian Marino<\/em><\/strong><br \/>\nCorin Braga<br \/>\nAlex. Goldi\u0219<\/p>\n<p><strong>13.00 \u2013 13.30: Discu\u021bii<\/strong><\/p>\n<p><strong><em>Sala Perpessicius, Muzeul Na\u021bional al Literaturii\u00a0<a href=\"https:\/\/maps.google.com\/?q=Rom%C3%A2ne+%0D+(Str.+Nicolae+Cre%C8%9Bulescu+8&amp;entry=gmail&amp;source=g\">Rom\u00e2ne\u00a0<\/a><\/em><br \/>\n<em><a href=\"https:\/\/maps.google.com\/?q=Rom%C3%A2ne+%0D+(Str.+Nicolae+Cre%C8%9Bulescu+8&amp;entry=gmail&amp;source=g\">(Str. Nicolae Cre\u021bulescu 8<\/a>)<\/em><\/p>\n<p>15.00 \u2013 15.40 \u2013\u00a0<em>Paul Cornea<\/em><\/strong><br \/>\nMonica Spiridon<br \/>\nAndrei Terian<\/p>\n<p><strong>15.40 \u2013 16.00 \u2013\u00a0<em>Mircea Anghelescu<\/em><\/strong><br \/>\nBogdan T\u0103nase<\/p>\n<p><strong>16.15 \u2013 16.45 \u2013\u00a0<em>\u0218coala de la Bra\u0219ov<\/em><\/strong><br \/>\nVirgil Podoab\u0103<br \/>\nCaius Dobrescu<\/p>\n<p><strong>16.45 \u2013 17.00: Discu\u021bii<\/strong><\/p>\n<p>17.00 \u2013 17.45: Conferin\u021ba cu titlul: \u201eLiteratura universal\u0103 nu exist\u0103 \u2013\u00a0<em>World Literature<\/em>,\u00a0<em>litt\u00e9rature-monde\u00a0<\/em><wbr \/>\u0219i\u00a0recitirea literaturii rom\u00e2ne \u00een secolul 21\u201d, sus\u021binut\u0103 de Christian Moraru, Class of 1949 Distinguished Professor in the Humanities, Professor of American Literature and Critical Theory, University of North Carolina, Greensboro<br \/>\n17.45 \u2013 18.00: Discu\u021bii<\/p>\n<p>18.00 \u2013 18.45: Lansarea volumului\u00a0<strong><em>Romanian Literature as World Literature<\/em><\/strong><br \/>\nPrezint\u0103: Christian Moraru, Andrei Terian, Mircea Martin<\/p>\n<p>18.45 \u2013 19.00: Discu\u021bii<\/p>\n<p>19.00 \u2013 19.30 Festivitatea de \u00eencheiere<br \/>\nIoan Cristescu, Director General al Muzeului Na\u021bional al Literaturii Rom\u00e2ne<br \/>\nMircea Martin, Pre\u0219edinte al ALGCR<\/p>","protected":false},"excerpt":{"rendered":"<p>Joi, 14 decembrie 2017, v\u0103 invit\u0103m la evenimentul care aniverseaz\u0103 20 de ani de existen\u021b\u0103 a Asocia\u021biei de Literatur\u0103 General\u0103&#8230;<\/p>","protected":false},"author":1,"featured_media":3826,"comment_status":"closed","ping_status":"closed","sticky":false,"template":"","format":"standard","meta":{"_exactmetrics_skip_tracking":false,"_exactmetrics_sitenote_active":false,"_exactmetrics_sitenote_note":"","_exactmetrics_sitenote_category":0,"footnotes":""},"categories":[9],"tags":[],"class_list":["post-3825","post","type-post","status-publish","format-standard","has-post-thumbnail","hentry","category-evenimente"],"_links":{"self":[{"href":"https:\/\/mnlr.ro\/en\/wp-json\/wp\/v2\/posts\/3825","targetHints":{"allow":["GET"]}}],"collection":[{"href":"https:\/\/mnlr.ro\/en\/wp-json\/wp\/v2\/posts"}],"about":[{"href":"https:\/\/mnlr.ro\/en\/wp-json\/wp\/v2\/types\/post"}],"author":[{"embeddable":true,"href":"https:\/\/mnlr.ro\/en\/wp-json\/wp\/v2\/users\/1"}],"replies":[{"embeddable":true,"href":"https:\/\/mnlr.ro\/en\/wp-json\/wp\/v2\/comments?post=3825"}],"version-history":[{"count":1,"href":"https:\/\/mnlr.ro\/en\/wp-json\/wp\/v2\/posts\/3825\/revisions"}],"predecessor-version":[{"id":3827,"href":"https:\/\/mnlr.ro\/en\/wp-json\/wp\/v2\/posts\/3825\/revisions\/3827"}],"wp:featuredmedia":[{"embeddable":true,"href":"https:\/\/mnlr.ro\/en\/wp-json\/wp\/v2\/media\/3826"}],"wp:attachment":[{"href":"https:\/\/mnlr.ro\/en\/wp-json\/wp\/v2\/media?parent=3825"}],"wp:term":[{"taxonomy":"category","embeddable":true,"href":"https:\/\/mnlr.ro\/en\/wp-json\/wp\/v2\/categories?post=3825"},{"taxonomy":"post_tag","embeddable":true,"href":"https:\/\/mnlr.ro\/en\/wp-json\/wp\/v2\/tags?post=3825"}],"curies":[{"name":"wp","href":"https:\/\/api.w.org\/{rel}","templated":true}]}}