{"id":38260,"date":"2026-01-11T23:15:52","date_gmt":"2026-01-11T21:15:52","guid":{"rendered":"https:\/\/mnlr.ro\/?p=38260"},"modified":"2026-01-11T23:17:26","modified_gmt":"2026-01-11T21:17:26","slug":"lansare-de-album-dan-vana-stea-adusa-de-vant","status":"publish","type":"post","link":"https:\/\/mnlr.ro\/en\/lansare-de-album-dan-vana-stea-adusa-de-vant\/","title":{"rendered":"Lansare de album \u2013 Dan Van\u0103 \u2013 \u201eStea adus\u0103 de v\u00e2nt\u201d"},"content":{"rendered":"<p>Muzeul Na\u021bional al Literaturii Rom\u00e2ne organizeaz\u0103, la sediul s\u0103u din strada N. Cre\u021bulescu 8, \u00een data de 17 ianuarie 2026, ora 16.00, evenimentul <strong>Lansare de album \u2013 Dan Van\u0103 \u2013 \u201eStea adus\u0103 de v\u00e2nt\u201d<\/strong>.<\/p>\n<p>Om de cultur\u0103 \u0219i suflet al Taberei Folk de la Calafat, ajuns\u0103 la cea de-a 28-a edi\u021bie, interpretul de muzic\u0103 folk Dan Van\u0103 are harul de a aduna \u00eempreun\u0103 oameni, poezie \u0219i c\u00e2ntec sub acela\u0219i cer al unei lumi mai bune. N\u0103scut la Basarabi, la o r\u0103suflare distan\u021b\u0103 de Calafat, Dan Van\u0103 poart\u0103 \u00een glas \u0219uierul Dun\u0103rii \u0219i fo\u0219netul viilor de pe deal. Primele acorduri le-a \u00eenv\u0103\u021bat pe o chitar\u0103 care sc\u00e2r\u021b\u00e2ia asemenea podelelor Palatului Marincu, ast\u0103zi Muzeul de Art\u0103, institu\u021bie pe care, ani mai t\u00e2rziu, avea s\u0103 o conduc\u0103. Dan Van\u0103 invit\u0103 publicul \u00eentr-un univers al simplit\u0103\u021bii \u0219i sincerit\u0103\u021bii, unde cuvintele \u00ee\u0219i cap\u0103t\u0103 greutatea prin emo\u021bie, iar muzica devine o punte \u00eentre suflete. Nu impresioneaz\u0103 prin artificii sonore, ci prin firescul cu care transform\u0103 tr\u0103irile \u00een versuri \u0219i acorduri, cre\u00e2nd o intimitate rar\u0103 \u00eentre scen\u0103 \u0219i cei care ascult\u0103. Astfel, folkul redevine ceea ce a fost dintotdeauna: o confesiune cald\u0103, spus\u0103 la lumina unui foc imaginar, \u00eentre prieteni deschi\u0219i cunoa\u0219terii.<\/p>\n<p>Moderator: Loreta Popa<\/p>\n<p>Evenimentul face parte din cadrul programului dedicat celebr\u0103rii Zilei Culturii Na\u021bionale la MNLR 2026.<\/p>","protected":false},"excerpt":{"rendered":"<p>Muzeul Na\u021bional al Literaturii Rom\u00e2ne organizeaz\u0103, la sediul s\u0103u din strada N. Cre\u021bulescu 8, \u00een data de 17 ianuarie 2026,&#8230;<\/p>","protected":false},"author":13,"featured_media":38261,"comment_status":"closed","ping_status":"closed","sticky":false,"template":"","format":"standard","meta":{"_exactmetrics_skip_tracking":false,"_exactmetrics_sitenote_active":false,"_exactmetrics_sitenote_note":"","_exactmetrics_sitenote_category":0,"footnotes":""},"categories":[9],"tags":[],"class_list":["post-38260","post","type-post","status-publish","format-standard","has-post-thumbnail","hentry","category-evenimente"],"_links":{"self":[{"href":"https:\/\/mnlr.ro\/en\/wp-json\/wp\/v2\/posts\/38260","targetHints":{"allow":["GET"]}}],"collection":[{"href":"https:\/\/mnlr.ro\/en\/wp-json\/wp\/v2\/posts"}],"about":[{"href":"https:\/\/mnlr.ro\/en\/wp-json\/wp\/v2\/types\/post"}],"author":[{"embeddable":true,"href":"https:\/\/mnlr.ro\/en\/wp-json\/wp\/v2\/users\/13"}],"replies":[{"embeddable":true,"href":"https:\/\/mnlr.ro\/en\/wp-json\/wp\/v2\/comments?post=38260"}],"version-history":[{"count":3,"href":"https:\/\/mnlr.ro\/en\/wp-json\/wp\/v2\/posts\/38260\/revisions"}],"predecessor-version":[{"id":38264,"href":"https:\/\/mnlr.ro\/en\/wp-json\/wp\/v2\/posts\/38260\/revisions\/38264"}],"wp:featuredmedia":[{"embeddable":true,"href":"https:\/\/mnlr.ro\/en\/wp-json\/wp\/v2\/media\/38261"}],"wp:attachment":[{"href":"https:\/\/mnlr.ro\/en\/wp-json\/wp\/v2\/media?parent=38260"}],"wp:term":[{"taxonomy":"category","embeddable":true,"href":"https:\/\/mnlr.ro\/en\/wp-json\/wp\/v2\/categories?post=38260"},{"taxonomy":"post_tag","embeddable":true,"href":"https:\/\/mnlr.ro\/en\/wp-json\/wp\/v2\/tags?post=38260"}],"curies":[{"name":"wp","href":"https:\/\/api.w.org\/{rel}","templated":true}]}}