{"id":38285,"date":"2026-01-12T11:27:45","date_gmt":"2026-01-12T09:27:45","guid":{"rendered":"https:\/\/mnlr.ro\/?p=38285"},"modified":"2026-01-12T11:39:14","modified_gmt":"2026-01-12T09:39:14","slug":"expozitia-familia-pillat-in-umbra-timpului","status":"publish","type":"post","link":"https:\/\/mnlr.ro\/en\/expozitia-familia-pillat-in-umbra-timpului\/","title":{"rendered":"Expozi\u021bie \u201eFamilia Pillat \u2013 \u00een umbra timpului\u201d"},"content":{"rendered":"<p>Muzeul Na\u021bional al Literaturii Rom\u00e2ne anun\u021b\u0103 prelungirea expozi\u021biei \u201eFamilia Pillat \u2013 \u00een umbra timpului\u201d p\u00e2n\u0103 \u00een data de <strong>18 ianuarie 2025<\/strong>.<\/p>\n<p>\u00centr-un demers dedicat recuper\u0103rii memoriei literare \u0219i culturale rom\u00e2ne\u0219ti, Muzeul Na\u021bional al Literaturii Rom\u00e2ne a deschis, \u00een luna decembrie a anului trecut, o expozi\u021bie-eveniment ce aduce \u00een prim-plan una dintre cele mai reprezentative familii din istoria intelectual\u0103 a Rom\u00e2niei: familia Pillat. Prin documente rare, manuscrise, lucr\u0103ri de art\u0103, obiecte personale \u0219i m\u0103rturii vizuale, \u201eFamilia Pillat \u2013 \u00een umbra timpului\u201d ofer\u0103 o incursiune \u00een universul intim \u0219i creativ al unei dinastii pentru care tradi\u021bia, cultura \u0219i continuitatea au fost valori fundamentale.<\/p>\n<p>Expozi\u021bia este construit\u0103 \u00een jurul dimensiunii intime a familiei Pillat, dar \u0219i a geografiei literare care i-a inspirat pe membrii acesteia. Publicul va putea descoperi:<br \/>\n\u2022 Ion Pillat: poezii compuse la Balcic \u0219i la Miorcani, \u00eenso\u021bite de iconografie;<br \/>\n\u2022 Florica Pillat: iconografie;<br \/>\n\u2022 Dinu Pillat: Jurnalul unui adolescent;<br \/>\n\u2022 Iosif Iser: proiecte de copert\u0103 (acuarele) realizate pentru Antologia toamnei \u0219i Vis\u0103ri p\u0103g\u00e2ne;<br \/>\n\u2022 Maria Pillat-Brate\u0219: acuarele, ochelari, pensule \u0219i alte obiecte personale;<br \/>\n\u2022 coresponden\u021b\u0103 \u00eentre Ion, Maria \u0219i Dinu Pillat \u0219i Lucian Blaga;<br \/>\n\u2022 Agenda din 1945 a lui Ion Pillat;<br \/>\n\u2022 volume cu dedica\u021bii primite de familia Pillat;<br \/>\n\u2022 fotografii, documente \u0219i materiale de arhiv\u0103 inedite.<\/p>\n<p>La realizarea expozi\u021biei au contribuit: Anca D\u0103nil\u0103, \u0218tefana Baicu, Adrian David, Antoanella B\u0103nciulescu \u0219i Alina Niculescu.<\/p>\n<p>Scriitoarea Monica Pillat evoc\u0103, \u00een leg\u0103tur\u0103 cu aceast\u0103 expozi\u021bie, for\u021ba memoriei care a unit genera\u021biile familiei: \u201eAm crescut \u00eentr-o familie care a avut acest cult al memoriei. \u0218i nu m\u0103 refer numai la familia Pillat, ci \u0219i la familia Br\u0103tianu. [\u2026] Poetul Ion Pillat numea trecutul trecutul viu. Pentru el, cultura pe care \u0219i-a format-o \u0219i familia \u00een care a crescut au fost subiecte de cult. [\u2026] Dup\u0103 moartea lui, \u00een 1945, bunica mea, pictori\u021ba Maria Pillat Brate\u0219, a \u00eenceput s\u0103-i str\u00e2ng\u0103 opera \u0219i s\u0103 se g\u00e2ndeasc\u0103 la \u00eemplinirea testamentului literar al so\u021bului ei. [\u2026] Dup\u0103 ce tata s-a \u00eentors din \u00eenchisoare, unde a fost \u00eenchis \u00een urma procesului Noica-Pillat, el s-a apucat s\u0103 continue munca mamei sale. [\u2026] C\u00e2nd tata a murit, \u00een 1975, mama a preluat tor\u021ba memoriei \u0219i a reeditat opera tatei \u0219i s-a apucat de operele complete ale socrului ei, pe care le-a editat \u00een \u0219ase volume, o munc\u0103 uria\u0219\u0103.\u201d<\/p>\n<p>Expozi\u021bia \u201eFamilia Pillat \u2013 \u00een umbra timpului\u201d \u00ee\u0219i propune s\u0103 ofere publicului o perspectiv\u0103 ampl\u0103 asupra unei dinastii culturale pentru care memoria, crea\u021bia \u0219i solidaritatea familial\u0103 au fost repere esen\u021biale.<\/p>\n<p>V\u0103 a\u0219tept\u0103m cu drag s\u0103 o vizita\u021bi p\u00e2n\u0103 \u00een data de 18 ianuarie\u00a0de mar\u021bi p\u00e2n\u0103 duminic\u0103. Pentru costul biletelor, consulta\u021bi\u00a0<a role=\"link\" href=\"https:\/\/mnlr.ro\/contact\/\">https:\/\/mnlr.ro\/contact\/<\/a>.<\/p>\n","protected":false},"excerpt":{"rendered":"<p>Muzeul Na\u021bional al Literaturii Rom\u00e2ne anun\u021b\u0103 prelungirea expozi\u021biei \u201eFamilia Pillat \u2013 \u00een umbra timpului\u201d p\u00e2n\u0103 \u00een data de 18 ianuarie&#8230;<\/p>","protected":false},"author":13,"featured_media":38289,"comment_status":"closed","ping_status":"closed","sticky":false,"template":"","format":"standard","meta":{"_exactmetrics_skip_tracking":false,"_exactmetrics_sitenote_active":false,"_exactmetrics_sitenote_note":"","_exactmetrics_sitenote_category":0,"footnotes":""},"categories":[9,66],"tags":[],"class_list":["post-38285","post","type-post","status-publish","format-standard","has-post-thumbnail","hentry","category-evenimente","category-expozitii-temporare-mnlr-str-nicolae-cretulescu-nr-8"],"_links":{"self":[{"href":"https:\/\/mnlr.ro\/en\/wp-json\/wp\/v2\/posts\/38285","targetHints":{"allow":["GET"]}}],"collection":[{"href":"https:\/\/mnlr.ro\/en\/wp-json\/wp\/v2\/posts"}],"about":[{"href":"https:\/\/mnlr.ro\/en\/wp-json\/wp\/v2\/types\/post"}],"author":[{"embeddable":true,"href":"https:\/\/mnlr.ro\/en\/wp-json\/wp\/v2\/users\/13"}],"replies":[{"embeddable":true,"href":"https:\/\/mnlr.ro\/en\/wp-json\/wp\/v2\/comments?post=38285"}],"version-history":[{"count":4,"href":"https:\/\/mnlr.ro\/en\/wp-json\/wp\/v2\/posts\/38285\/revisions"}],"predecessor-version":[{"id":38291,"href":"https:\/\/mnlr.ro\/en\/wp-json\/wp\/v2\/posts\/38285\/revisions\/38291"}],"wp:featuredmedia":[{"embeddable":true,"href":"https:\/\/mnlr.ro\/en\/wp-json\/wp\/v2\/media\/38289"}],"wp:attachment":[{"href":"https:\/\/mnlr.ro\/en\/wp-json\/wp\/v2\/media?parent=38285"}],"wp:term":[{"taxonomy":"category","embeddable":true,"href":"https:\/\/mnlr.ro\/en\/wp-json\/wp\/v2\/categories?post=38285"},{"taxonomy":"post_tag","embeddable":true,"href":"https:\/\/mnlr.ro\/en\/wp-json\/wp\/v2\/tags?post=38285"}],"curies":[{"name":"wp","href":"https:\/\/api.w.org\/{rel}","templated":true}]}}