{"id":3862,"date":"2017-12-17T11:00:29","date_gmt":"2017-12-17T09:00:29","guid":{"rendered":"http:\/\/mnlr.ro\/?p=3862"},"modified":"2017-12-17T11:02:34","modified_gmt":"2017-12-17T09:02:34","slug":"lectura-de-poezie-de-ziua-minoritatilor-nationale","status":"publish","type":"post","link":"https:\/\/mnlr.ro\/en\/lectura-de-poezie-de-ziua-minoritatilor-nationale\/","title":{"rendered":"Lectur\u0103 de poezie de Ziua Minorit\u0103\u0163ilor Na\u0163ionale"},"content":{"rendered":"<p><strong>Muzeul Na\u021bional al Literaturii Rom\u00e2ne v\u0103 invit\u0103 la o lectur\u0103 de poezie, prilejuit\u0103 de Ziua Minorit\u0103\u0163ilor Na\u0163ionale, s\u0103rb\u0103torit\u0103 \u00een fiecare an, a\u015fa cum prevede \u015fi Hot\u0103r\u00e2rea de Guvern nr. 881\/1998 la 18 decembrie. Vor recita poezii apar\u021bin\u00e2nd colegilor de breasl\u0103 care fac parte din diverse comunit\u0103\u021bi minoritare actri\u021ba Ioana Cr\u0103ciunescu \u0219i poetul Eugen Suciu. Evenimentul are loc luni, 18 decembrie 2017, de la ora 17.00, la sediul MNLR din Str. Nicolae Cre\u021bulescu, nr. 8 (\u00een spatele Bisericii Albe).<\/strong><\/p>\n<p><strong>Ioana CR\u0102CIUNESCU<\/strong>, actri\u0163\u0103 de teatru \u015fi cinema \u015fi poet\u0103, s-a n\u0103scut la 13 noiembrie 1950, la Bucure\u015fti. \u00cen 1973 a absolvit Institutului de Art\u0103 Teatral\u0103 \u015fi Cinematografic\u0103 I. L. Caragiale din Bucure\u015fti \u015fi a devenit actri\u0163\u0103 a Teatrului Nottara. A publicat volumele: <em>Duminica absent<\/em>, 1980; <em>Supa de ceap\u0103<\/em>, 1981; <em>Iarna clinic\u0103<\/em>, 1983; <em>Ma\u0219in\u0103ria cu aburi<\/em>, 1984; <em>Cre\u0219tet \u0219i gheare<\/em>, 1998; <em>Supa de ceap\u0103 \/ Soupe \u00e0 l&#8217;oignon<\/em>, 2007; Mon general, 2014. Ioana Cr\u0103ciunescu este membr\u0103 a Uniunii Scriitorilor din Rom\u00e2nia, a Uniunii Ziari\u015ftilor rom\u00e2ni, a UCIN \u015fi UNITER.<\/p>\n<p><strong>Eugen SUCIU<\/strong> s-a n\u0103scut la Arad, la 22 august 1952. Este membru al Uniunii Scriitorilor din Rom\u00e2nia. Prima apari\u0163ie editorial\u0103 a fost \u00een anul 1976, \u00een Caietul debutan\u0163ilor, Editura Albatros. A debutat cu volumul <em>Bucuria anonimatului<\/em> \u00een 1979, pentru care a ob\u0163inut premiul de debut al Editurii Albatros. \u00cen 1991 \u00eei apare volumul <em>Cinema Union<\/em>, la Universitatea de Art\u0103 din Bucure\u015fti. \u00cen 2011, public\u0103 volumul de versuri <em>Motanul<\/em>, Editura Cartea Rom\u00e2neasc\u0103. \u00cen 2013, apare volumul <em>\u0162easta<\/em>, Editura Tracus Arte, pentru care a primit Premiul Cartea de poezie a anului 2013 acordat de Uniunea Scriitorilor din Rom\u00e2nia.<\/p>\n<p>Evenimentul organizat de Muzeul Na\u021bional al Literaturii Rom\u00e2ne are ca scop punerea \u00een valoare a segmentului multietnic \u015fi multicultural din Rom\u00e2nia, \u00een cadrul unei manifest\u0103ri ce are ca principiu de baz\u0103 colaborarea intercultural\u0103. Promovarea poeziei contemporane din Rom\u00e2nia prin prisma minorit\u0103\u021bilor este o abordare a rela\u0163iilor interetnice din punct de vedere artistic, care permite \u00eembog\u0103\u021birea vie\u021bii culturale rom\u00e2ne\u0219ti prin prezentarea unor texte reprezent\u00e2nd culturi \u015fi tradi\u0163ii diferite, dar \u0219i conexiuni \u00eentre acestea.<\/p>\n<p>Adunarea General\u0103 a ONU a adoptat, pe 18 decembrie 1992, Declara\u0163ia cu privire la drepturile persoanelor apar\u0163in\u00e2nd minorit\u0103\u0163ilor na\u0163ionale, etnice, lingvistice \u015fi religioase. \u00cen Rom\u00e2nia, dreptul la identitate este unul dintre drepturile fundamentale consacrate de c\u0103tre Constitu\u0163ie.<\/p>\n<p>Intrarea este liber\u0103, \u00een limita locurilor disponibile.<\/p>","protected":false},"excerpt":{"rendered":"<p>Muzeul Na\u021bional al Literaturii Rom\u00e2ne v\u0103 invit\u0103 la o lectur\u0103 de poezie, prilejuit\u0103 de Ziua Minorit\u0103\u0163ilor Na\u0163ionale, s\u0103rb\u0103torit\u0103 \u00een fiecare&#8230;<\/p>","protected":false},"author":1,"featured_media":208,"comment_status":"closed","ping_status":"closed","sticky":false,"template":"","format":"standard","meta":{"_exactmetrics_skip_tracking":false,"_exactmetrics_sitenote_active":false,"_exactmetrics_sitenote_note":"","_exactmetrics_sitenote_category":0,"footnotes":""},"categories":[9],"tags":[],"class_list":["post-3862","post","type-post","status-publish","format-standard","has-post-thumbnail","hentry","category-evenimente"],"_links":{"self":[{"href":"https:\/\/mnlr.ro\/en\/wp-json\/wp\/v2\/posts\/3862","targetHints":{"allow":["GET"]}}],"collection":[{"href":"https:\/\/mnlr.ro\/en\/wp-json\/wp\/v2\/posts"}],"about":[{"href":"https:\/\/mnlr.ro\/en\/wp-json\/wp\/v2\/types\/post"}],"author":[{"embeddable":true,"href":"https:\/\/mnlr.ro\/en\/wp-json\/wp\/v2\/users\/1"}],"replies":[{"embeddable":true,"href":"https:\/\/mnlr.ro\/en\/wp-json\/wp\/v2\/comments?post=3862"}],"version-history":[{"count":1,"href":"https:\/\/mnlr.ro\/en\/wp-json\/wp\/v2\/posts\/3862\/revisions"}],"predecessor-version":[{"id":3863,"href":"https:\/\/mnlr.ro\/en\/wp-json\/wp\/v2\/posts\/3862\/revisions\/3863"}],"wp:featuredmedia":[{"embeddable":true,"href":"https:\/\/mnlr.ro\/en\/wp-json\/wp\/v2\/media\/208"}],"wp:attachment":[{"href":"https:\/\/mnlr.ro\/en\/wp-json\/wp\/v2\/media?parent=3862"}],"wp:term":[{"taxonomy":"category","embeddable":true,"href":"https:\/\/mnlr.ro\/en\/wp-json\/wp\/v2\/categories?post=3862"},{"taxonomy":"post_tag","embeddable":true,"href":"https:\/\/mnlr.ro\/en\/wp-json\/wp\/v2\/tags?post=3862"}],"curies":[{"name":"wp","href":"https:\/\/api.w.org\/{rel}","templated":true}]}}