{"id":39187,"date":"2026-04-27T12:29:53","date_gmt":"2026-04-27T09:29:53","guid":{"rendered":"https:\/\/mnlr.ro\/?p=39187"},"modified":"2026-04-27T16:41:07","modified_gmt":"2026-04-27T13:41:07","slug":"lansare-de-carte-in-cautarea-nefericirii-in-continuare-de-ioana-dragan","status":"publish","type":"post","link":"https:\/\/mnlr.ro\/en\/lansare-de-carte-in-cautarea-nefericirii-in-continuare-de-ioana-dragan\/","title":{"rendered":"Lansare de carte | \u201e\u00cen c\u0103utarea nefericirii, \u00een continuare\u201d de Ioana Dr\u0103gan"},"content":{"rendered":"<p>Ioana Dr\u0103gan \u00ee\u0219i invit\u0103 cititorii la lansarea celui mai recent roman, \u201e\u00cen c\u0103utarea nefericirii, \u00een continuare\u201d, publicat la Editura Tracus Arte. Evenimentul va avea loc mar\u021bi, 5 mai 2026, \u00eencep\u00e2nd cu ora 17.00, \u00een Gr\u0103dina Muzeului Na\u021bional al Literaturii Rom\u00e2ne, Str. Nicolae Cre\u021bulescu 8.<\/p>\n<p>La \u00eent\u00e2lnire vor participa Ioan Cristescu \u0219i Varujan Vosganian, iar discu\u021bia va fi moderat\u0103 de Oana Boca St\u0103nescu.<\/p>\n<p>Noul roman continu\u0103 universul fic\u021bional deschis \u00een volumul \u201e\u00cen c\u0103utarea nefericirii\u201d (2023), propun\u00e2nd o explorare subtil\u0103 a singur\u0103t\u0103\u021bii, a rela\u021biilor fragile \u0219i a diferen\u021belor de mentalitate dintre spa\u021biul rom\u00e2nesc \u0219i cel nordic-finlandez. Personajele &#8211; Onni, de origine finlandez\u0103, \u0219i Gelu, protagonistul deja cunoscut cititorilor &#8211; traverseaz\u0103 un teritoriu al ne\u00eemplinirii \u0219i al c\u0103ut\u0103rii sensului, \u00eentr-o nara\u021biune marcat\u0103 de ironie fin\u0103, umor discret \u0219i o construc\u021bie aproape cinematografic\u0103.<\/p>\n<p>Potrivit lui Ioan Cristescu, romanul \u201eofer\u0103 o lectur\u0103 deopotriv\u0103 incitant\u0103 \u0219i relaxant\u0103\u201d, pun\u00e2nd \u00een lumin\u0103 \u201eo nefericire tr\u0103it\u0103 \u0219i con\u0219tientizat\u0103 omenesc\u201d, \u00eentr-un univers unde diferen\u021bele culturale coexist\u0103 f\u0103r\u0103 conflict, dar cu efecte profunde asupra rela\u021biilor umane.<\/p>\n<p>Evenimentul de lansare promite o atmosfer\u0103 intim\u0103, \u00een spiritul preferin\u021belor autoarei pentru dialoguri autentice \u0219i \u00eent\u00e2lniri reale cu publicul. \u201eEmo\u021biile unei lans\u0103ri sunt constructive, pentru c\u0103 \u00eent\u00e2lnirea cu cititorii d\u0103 substan\u021b\u0103 unui astfel de moment\u201d, m\u0103rturise\u0219te Ioana Dr\u0103gan.<\/p>\n<p>Ioana Dr\u0103gan (n. 10 august 1969, Bucure\u0219ti) este scriitor \u0219i jurnalist, doctor \u00een \u0219tiin\u021be filologice \u0219i membru al Uniunii Scriitorilor din Rom\u00e2nia. A debutat \u00een anii \u201990 \u00een presa literar\u0103 \u0219i este autoarea mai multor volume apreciate, printre care \u201eBibliotecile din oglind\u0103\u201d, \u201eMafalda\u201d, \u201eGripa. O poveste de Cr\u0103ciun\u201d \u0219i \u201e\u00cen c\u0103utarea nefericirii\u201d, roman pentru care a ob\u021binut Premiul \u201eIon Creang\u0103\u201d al Academiei Rom\u00e2ne \u00een 2025. Activitatea sa a fost recompensat\u0103 cu numeroase premii, inclusiv Premiul Uniunii Scriitorilor din Rom\u00e2nia pentru debut \u0219i distinc\u021bii acordate de Academia Rom\u00e2n\u0103.<\/p>\n<p>Accesul publicului este liber.<\/p>","protected":false},"excerpt":{"rendered":"<p>Ioana Dr\u0103gan \u00ee\u0219i invit\u0103 cititorii la lansarea celui mai recent roman, \u201e\u00cen c\u0103utarea nefericirii, \u00een continuare\u201d, publicat la Editura Tracus&#8230;<\/p>","protected":false},"author":11,"featured_media":39188,"comment_status":"closed","ping_status":"closed","sticky":false,"template":"","format":"standard","meta":{"_exactmetrics_skip_tracking":false,"_exactmetrics_sitenote_active":false,"_exactmetrics_sitenote_note":"","_exactmetrics_sitenote_category":0,"footnotes":""},"categories":[9,21],"tags":[],"class_list":["post-39187","post","type-post","status-publish","format-standard","has-post-thumbnail","hentry","category-evenimente","category-lansari-de-carte"],"_links":{"self":[{"href":"https:\/\/mnlr.ro\/en\/wp-json\/wp\/v2\/posts\/39187","targetHints":{"allow":["GET"]}}],"collection":[{"href":"https:\/\/mnlr.ro\/en\/wp-json\/wp\/v2\/posts"}],"about":[{"href":"https:\/\/mnlr.ro\/en\/wp-json\/wp\/v2\/types\/post"}],"author":[{"embeddable":true,"href":"https:\/\/mnlr.ro\/en\/wp-json\/wp\/v2\/users\/11"}],"replies":[{"embeddable":true,"href":"https:\/\/mnlr.ro\/en\/wp-json\/wp\/v2\/comments?post=39187"}],"version-history":[{"count":4,"href":"https:\/\/mnlr.ro\/en\/wp-json\/wp\/v2\/posts\/39187\/revisions"}],"predecessor-version":[{"id":39207,"href":"https:\/\/mnlr.ro\/en\/wp-json\/wp\/v2\/posts\/39187\/revisions\/39207"}],"wp:featuredmedia":[{"embeddable":true,"href":"https:\/\/mnlr.ro\/en\/wp-json\/wp\/v2\/media\/39188"}],"wp:attachment":[{"href":"https:\/\/mnlr.ro\/en\/wp-json\/wp\/v2\/media?parent=39187"}],"wp:term":[{"taxonomy":"category","embeddable":true,"href":"https:\/\/mnlr.ro\/en\/wp-json\/wp\/v2\/categories?post=39187"},{"taxonomy":"post_tag","embeddable":true,"href":"https:\/\/mnlr.ro\/en\/wp-json\/wp\/v2\/tags?post=39187"}],"curies":[{"name":"wp","href":"https:\/\/api.w.org\/{rel}","templated":true}]}}