{"id":39190,"date":"2026-04-27T12:49:30","date_gmt":"2026-04-27T09:49:30","guid":{"rendered":"https:\/\/mnlr.ro\/?p=39190"},"modified":"2026-04-27T12:49:30","modified_gmt":"2026-04-27T09:49:30","slug":"colocviul-vladimir-zamfirescu-90","status":"publish","type":"post","link":"https:\/\/mnlr.ro\/en\/colocviul-vladimir-zamfirescu-90\/","title":{"rendered":"Colocviul Vladimir Zamfirescu \u2013 90"},"content":{"rendered":"<p>Muzeul Na\u021bional al Literaturii Rom\u00e2ne organizeaz\u0103 mar\u021bi, <strong>5 mai 2026<\/strong>, de la ora <strong>16.00<\/strong>, la sediul s\u0103u din Calea Grivi\u021bei 64-66 \u2013 Sala Iosif Naghiu, <strong>Colocviul Vladimir Zamfirescu \u2013 90<\/strong>, dedicat evoc\u0103rii marelui pictor la 90 de la na\u0219terea sa. Evenimentul se va deschide cu o dezbatere la care vor participa acad. Mircia Dumitrescu, Mihai Ispirescu \u0219i Pavel \u0218u\u0219ar\u0103, urmat\u0103 de proiec\u021bia filmului <em>Primul meu scenariu<\/em> de Cornel Ghiorghi\u021b\u0103. Seara se va \u00eencheia cu vernisajul expozi\u021biei \u201eMirel Zamfirescu&#8221;, care va avea loc \u00een sala Al. Oprea.<\/p>\n<p><strong>Mihai Vladimir Zamfirescu<\/strong> s-a n\u0103scut la 3 mai 1936, la Ploie\u0219ti, \u0219i a \u00eencetat din via\u021b\u0103 pe 1 iunie 2020, la Bucure\u0219ti. Personalitate marcant\u0103 a picturii rom\u00e2ne\u0219ti \u0219i europene, Vladimir Zamfirescu a absolvit Institutul de Arte Plastice \u201eNicolae Grigorescu&#8221; la clasa Maestrului Corneliu Baba, av\u00e2ndu-i ca profesori \u0219i pe Tiberiu Krausz \u0219i Aurel Vlad. \u00cen 1968 ob\u021bine atestatul de pictor bisericesc \u0219i devine Membru al Uniunii Arti\u0219tilor Plastici din Rom\u00e2nia. Din 1991, devine profesor la Academia de Arte din Bucure\u0219ti.<\/p>\n<p>Opera sa, \u00a0traversat\u0103 de o profund\u0103 tensiune spiritual\u0103, reflect\u0103 o condi\u021bie existen\u021bial\u0103 a culturii \u00een deriv\u0103, a miturilor \u00een agonie, pictorul asum\u00e2ndu-\u0219i cu luciditate \u0219i patetism rolul de martor al unui amurg civiliza\u021bional. Aflat\u0103 la intersec\u021bia dintre sacru \u0219i laic, dintre tradi\u021bia icoanei bizantine \u0219i modernitatea european\u0103, crea\u021bia sa constituie una dintre cele mai complexe \u0219i personale contribu\u021bii la arta plastic\u0103 rom\u00e2neasc\u0103 a secolului XX.<\/p>\n<p>\u201eTipul antropologic al picturii lui Vladimir Zamfirescu este chipul \u00eentors, chipul care se retrage; chipul eluziv, r\u0103sucit nu \u00een\u0103untru, ci \u00eenspre despic\u0103tura prin care toat\u0103 suferin\u021ba lumii fie se scurge \u00een afar\u0103, fie se revars\u0103, valuri-valuri, \u00een\u0103untru. Temele sale fac parte dintr-o cosmogonie care ar fi complet\u0103 numai dac\u0103 pictorul ar fi nemuritor \u0219i ar putea picta toat\u0103 eternitatea. El nu este Dumnezeu, este un interpret al nodurilor crea\u021biei. Un nod este un prilej de poticnire a vie\u021bii, o problem\u0103: lucrul de care te \u00eempiedici c\u00e2nd mergi \u00eentins, bucuros c\u0103 toate \u00ee\u021bi merg. \u00cen miezul lor care despic\u0103 lumea, vie\u021bile noastre sunt f\u0103cute din poticneli, din noduri, din \u00eempiedic\u0103ri: iubirea, moartea, izgonirea, crima, tr\u0103darea, tortura, frumuse\u021bea. Tablourile lui Vladimir Zamfirescu sunt priviri aruncate acestor noduri ale vie\u021bii. De\u0219i religioase \u00een tem\u0103, ele nu apar\u021bin exerci\u021biului religios.&#8221; (Horia Roman Patapievici)<\/p>\n<p>Artistul \u00eensu\u0219i a l\u0103sat o formulare memorabil\u0103 a propriului demers: \u201eMi-am vindecat r\u0103nile pictur\u0103 cu pictur\u0103, pentru ca acum s\u0103 pot m\u0103rturisi c\u0103 nimic nu este o bucurie mai mare dec\u00e2t aceea de a a\u0219terne pe p\u00e2nz\u0103 inseparabilele n\u0103luci ale tr\u0103irilor mele, \u00eendoielile, melancoliile, st\u0103rile intermediare, exalt\u0103rile ori c\u0103derile mele.&#8221;<\/p>\n<p>Lucr\u0103rile lui Vladimir Zamfirescu se g\u0103sesc \u00een colec\u021bii particulare \u0219i \u00een muzee de art\u0103 din Fran\u021ba, Anglia (Tate Gallery, Londra), Italia, Germania, Spania, Austria, Elve\u021bia, Olanda, Suedia, Norvegia, Portugalia, Grecia, Rusia (Muzeul Pu\u0219kin), Iran, Turcia, Polonia, S.U.A., \u00een colec\u021bii regale, mari pinacoteci \u0219i colec\u021biile unor \u0219efi de stat din Norvegia, Danemarca, Rom\u00e2nia, Italia, China, Bulgaria, precum \u0219i \u00een Colec\u021bia Muzeului de Art\u0103 al Vaticanului.<\/p>\n<p>De-a lungul timpului a primit numeroase distinc\u021bii: Premiul Trienalei Interna\u021bionale de la Sofia (1971); Bursa Academiei Regale Suedeze (1980); Bursa Academiei Italiene pentru Pictur\u0103 \u0219i Medalia Raffael a Academiei Caravaggio din Roma (1982); Ordinul Na\u021bional pentru Serviciul Credincios \u00een grad de Cavaler (2003); titlul de Doctor Honoris Causa al Universit\u0103\u021bii de Art\u0103 din Cluj (2006).<\/p>","protected":false},"excerpt":{"rendered":"<p>Muzeul Na\u021bional al Literaturii Rom\u00e2ne organizeaz\u0103 mar\u021bi, 5 mai 2026, de la ora 16.00, la sediul s\u0103u din Calea Grivi\u021bei&#8230;<\/p>","protected":false},"author":13,"featured_media":39191,"comment_status":"closed","ping_status":"closed","sticky":false,"template":"","format":"standard","meta":{"_exactmetrics_skip_tracking":false,"_exactmetrics_sitenote_active":false,"_exactmetrics_sitenote_note":"","_exactmetrics_sitenote_category":0,"footnotes":""},"categories":[9,36,65],"tags":[],"class_list":["post-39190","post","type-post","status-publish","format-standard","has-post-thumbnail","hentry","category-evenimente","category-expozitii","category-expozitii-temporare-mnlr-calea-grivitei-64-66"],"_links":{"self":[{"href":"https:\/\/mnlr.ro\/en\/wp-json\/wp\/v2\/posts\/39190","targetHints":{"allow":["GET"]}}],"collection":[{"href":"https:\/\/mnlr.ro\/en\/wp-json\/wp\/v2\/posts"}],"about":[{"href":"https:\/\/mnlr.ro\/en\/wp-json\/wp\/v2\/types\/post"}],"author":[{"embeddable":true,"href":"https:\/\/mnlr.ro\/en\/wp-json\/wp\/v2\/users\/13"}],"replies":[{"embeddable":true,"href":"https:\/\/mnlr.ro\/en\/wp-json\/wp\/v2\/comments?post=39190"}],"version-history":[{"count":1,"href":"https:\/\/mnlr.ro\/en\/wp-json\/wp\/v2\/posts\/39190\/revisions"}],"predecessor-version":[{"id":39192,"href":"https:\/\/mnlr.ro\/en\/wp-json\/wp\/v2\/posts\/39190\/revisions\/39192"}],"wp:featuredmedia":[{"embeddable":true,"href":"https:\/\/mnlr.ro\/en\/wp-json\/wp\/v2\/media\/39191"}],"wp:attachment":[{"href":"https:\/\/mnlr.ro\/en\/wp-json\/wp\/v2\/media?parent=39190"}],"wp:term":[{"taxonomy":"category","embeddable":true,"href":"https:\/\/mnlr.ro\/en\/wp-json\/wp\/v2\/categories?post=39190"},{"taxonomy":"post_tag","embeddable":true,"href":"https:\/\/mnlr.ro\/en\/wp-json\/wp\/v2\/tags?post=39190"}],"curies":[{"name":"wp","href":"https:\/\/api.w.org\/{rel}","templated":true}]}}