{"id":39202,"date":"2026-04-27T15:49:23","date_gmt":"2026-04-27T12:49:23","guid":{"rendered":"https:\/\/mnlr.ro\/?p=39202"},"modified":"2026-04-27T15:54:26","modified_gmt":"2026-04-27T12:54:26","slug":"update-required-sergiu-roman","status":"publish","type":"post","link":"https:\/\/mnlr.ro\/en\/update-required-sergiu-roman\/","title":{"rendered":"UPDATE REQUIRED \u2013 Sergiu Roman"},"content":{"rendered":"<p>Muzeul Na\u021bional al Literaturii Rom\u00e2ne organizeaz\u0103, \u00een perioada <strong>05\u201330 mai 2026<\/strong>, expozi\u021bia personal\u0103 a artistului Sergiu Roman, intitulat\u0103 <em>Update Required<\/em> (sala \u201eAl. Condescu\u201d), un proiect care reune\u0219te pictur\u0103 \u0219i scurtmetraje \u00eentr-un demers vizual contemporan. Vernisajul va avea loc vineri, <strong>8 mai 2026<\/strong>, ora <strong>17:00<\/strong>.<\/p>\n<p>\u201eExpozi\u021bia <em>Update Required<\/em> marcheaz\u0103 f\u0103r\u0103 nici o umbr\u0103 de \u00eendoial\u0103 un prag de reconfigurare conceptual\u0103. Pentru Sergiu Roman, acest moment reprezint\u0103 mai mult dec\u00e2t o premier\u0103; este o muta\u021bie asumat\u0103 a limbajului artistic, o ie\u0219ire necesar\u0103 din cadrul static al picturii pentru a st\u0103p\u00e2ni timpul \u0219i sunetul prin filmul de autor. Identific\u00e2nd \u00een pictur\u0103 o limitare structural\u0103 \u00een fa\u021ba fluxului dens de idei metafizice pe care dore\u0219te s\u0103 le exploreze, artistul alege crea\u021bia filmic\u0103 \u0219i experimentul video drept noile instrumente privilegiate de analiz\u0103, disec\u021bie \u0219i asediu asupra realit\u0103\u021bii. Vorbim a\u0219adar de un eveniment inter-mediatic, de pictur\u0103 \u0219i proiec\u021bie de scurtmetraje.<\/p>\n<p>\u00cen planul pictural, Sergiu r\u0103m\u00e2ne fidel radiografiei tragi-comice a macro-structurilor sociale. A\u0219a cum ne-a obi\u0219nuit p\u00e2n\u0103 acum, p\u00e2nzele sale func\u021bioneaz\u0103 ca zone de impact, unde resturile culturii pop, simbolurile politice, imaginile media \u0219i bruiajul informa\u021bional se ciocnesc \u00eentr-o estetic\u0103 a urgen\u021bei. Aici, pictura \u00eenregistreaz\u0103 tensiunea politic\u0103 \u0219i derivele ideologice ale unei lumi tot mai opace la valorile umanismului clasic, unde \u00eens\u0103\u0219i ideea de resetare \u201esoft\u201d pare un vis naiv. \u00cens\u0103, acolo unde p\u00e2nza amu\u021be\u0219te sub propria-i densitate \u0219i izolare bidimensional\u0103, intervine filmul, imaginea animat\u0103 \u0219i designul de sunet.<\/p>\n<p>Reorientarea spre filmul de autor nu este o simpl\u0103 alternativ\u0103, ci o necesitate de a conferi compozi\u021biilor un alt fel de via\u021b\u0103, \u0219i anume una mai dinamic\u0103, imprevizibil\u0103 \u0219i atmosferizat\u0103 prin sunet. \u00cen scurtmetrajele sale, Sergiu mut\u0103 accentul de pe observa\u021bie pe imersiune. Designul sonor \u0219i muzica &#8211; compuse integral de autor &#8211; nu acompaniaz\u0103 imaginea, pur \u0219i simplu, ci o atac\u0103, o subliniaz\u0103 \u0219i o descompune, for\u021b\u00e2nd spectatorul s\u0103 tr\u0103iasc\u0103 \u201enebunia umanit\u0103\u021bii\u201d \u00een timp real. Dac\u0103 pictura fixeaz\u0103 simptomele straniet\u0103\u021bii lumii, filmul \u00eei captureaz\u0103 pulsul, ad\u0103ug\u00e2nd straturile alien\u0103rii \u0219i ale inautenticit\u0103\u021bii existen\u021biale pe care imaginea static\u0103 nu le putea reda \u00een profunzimile sale multidimensionale.<\/p>\n<p>\u201eActualizarea\u201d propus\u0103 prin titlul expozi\u021biei nu se rezum\u0103 doar la o restructurare a mediumului de lucru, ci vizeaz\u0103 o recalibrare a con\u0219tiin\u021bei. Exist\u0103 o distinc\u021bie clar\u0103 \u00eentre tensiunea colectiv\u0103, redat\u0103 prin densitatea cromatic\u0103 a p\u00e2nzelor, \u0219i t\u0103cerea nelini\u0219titoare a cadrelor filmice, unde sunetul devine martorul unei rupturi ontologice. \u00cen aceast\u0103 viziune, inautenticitatea nu este doar un concept teoretic, ci o stare \u201epalpabil\u0103\u201d prin <em>glitch<\/em>-ul vizual \u0219i auditiv, prin deformarea realit\u0103\u021bii care \u00eenceteaz\u0103 s\u0103 mai fie un reper sigur.<\/p>\n<p>Prin acest mix mediatic, Sergiu Roman refuz\u0103 confortul unei singure perspective. Expozi\u021bia devine astfel un teren de confruntare \u00eentre zgomotul asurzitor al politicului \u0219i lini\u0219tea traumatic\u0103 a alien\u0103rii individuale. Este un parcurs care oblig\u0103 la o reevaluare a modului \u00een care individul mai poate locui o realitate aflat\u0103 \u00eentr-o continu\u0103 \u201eeroare de sistem\u201d, demonstr\u00e2nd c\u0103, \u00eentre pictur\u0103 \u0219i film, libertatea de crea\u021bie r\u0103m\u00e2ne singura instan\u021b\u0103 capabil\u0103 s\u0103 unifice fragmentul social cu abisul interior. Prin aceast\u0103 trecere spre cinematografie, Sergiu reu\u0219e\u0219te s\u0103 recupereze func\u021bia primar\u0103 a artei sale: aceea de a fi un vehicul pentru \u00eentreb\u0103ri care, dac\u0103 nu pot fi \u00eentotdeauna redate pe p\u00e2nz\u0103, pot fi tr\u0103ite \u201ealtfel\u201d \u2013 prin mi\u0219care, sunet \u0219i timp.\u201d (Diana Roman, critic de art\u0103)<\/p>","protected":false},"excerpt":{"rendered":"<p>Muzeul Na\u021bional al Literaturii Rom\u00e2ne organizeaz\u0103, \u00een perioada 05\u201330 mai 2026, expozi\u021bia personal\u0103 a artistului Sergiu Roman, intitulat\u0103 Update Required&#8230;<\/p>","protected":false},"author":13,"featured_media":39204,"comment_status":"closed","ping_status":"closed","sticky":false,"template":"","format":"standard","meta":{"_exactmetrics_skip_tracking":false,"_exactmetrics_sitenote_active":false,"_exactmetrics_sitenote_note":"","_exactmetrics_sitenote_category":0,"footnotes":""},"categories":[9,36,65],"tags":[],"class_list":["post-39202","post","type-post","status-publish","format-standard","has-post-thumbnail","hentry","category-evenimente","category-expozitii","category-expozitii-temporare-mnlr-calea-grivitei-64-66"],"_links":{"self":[{"href":"https:\/\/mnlr.ro\/en\/wp-json\/wp\/v2\/posts\/39202","targetHints":{"allow":["GET"]}}],"collection":[{"href":"https:\/\/mnlr.ro\/en\/wp-json\/wp\/v2\/posts"}],"about":[{"href":"https:\/\/mnlr.ro\/en\/wp-json\/wp\/v2\/types\/post"}],"author":[{"embeddable":true,"href":"https:\/\/mnlr.ro\/en\/wp-json\/wp\/v2\/users\/13"}],"replies":[{"embeddable":true,"href":"https:\/\/mnlr.ro\/en\/wp-json\/wp\/v2\/comments?post=39202"}],"version-history":[{"count":2,"href":"https:\/\/mnlr.ro\/en\/wp-json\/wp\/v2\/posts\/39202\/revisions"}],"predecessor-version":[{"id":39206,"href":"https:\/\/mnlr.ro\/en\/wp-json\/wp\/v2\/posts\/39202\/revisions\/39206"}],"wp:featuredmedia":[{"embeddable":true,"href":"https:\/\/mnlr.ro\/en\/wp-json\/wp\/v2\/media\/39204"}],"wp:attachment":[{"href":"https:\/\/mnlr.ro\/en\/wp-json\/wp\/v2\/media?parent=39202"}],"wp:term":[{"taxonomy":"category","embeddable":true,"href":"https:\/\/mnlr.ro\/en\/wp-json\/wp\/v2\/categories?post=39202"},{"taxonomy":"post_tag","embeddable":true,"href":"https:\/\/mnlr.ro\/en\/wp-json\/wp\/v2\/tags?post=39202"}],"curies":[{"name":"wp","href":"https:\/\/api.w.org\/{rel}","templated":true}]}}