{"id":39209,"date":"2026-04-28T10:27:05","date_gmt":"2026-04-28T07:27:05","guid":{"rendered":"https:\/\/mnlr.ro\/?p=39209"},"modified":"2026-04-28T10:34:28","modified_gmt":"2026-04-28T07:34:28","slug":"platforma-adolescentului-filip-catalin-marius-negoita","status":"publish","type":"post","link":"https:\/\/mnlr.ro\/en\/platforma-adolescentului-filip-catalin-marius-negoita\/","title":{"rendered":"\u201ePlatforma adolescentului Filip\u201d &#8211; C\u0103t\u0103lin Marius Negoi\u021b\u0103"},"content":{"rendered":"<p>Muzeul Na\u021bional al Literaturii Rom\u00e2ne g\u0103zduie\u0219te, \u00een perioada <strong>6 -30 mai 2026<\/strong>, la sediul s\u0103u din Calea Grivi\u021bei 64-66 \u2013 sala Petru Cre\u021bia, expozi\u021bia \u201ePlatforma adolescentului Filip\u201d a artistului C\u0103t\u0103lin Marius Negoi\u021b\u0103.<\/p>\n<p>Personajul principal al acestei expozi\u021bii este, doar \u00een parte, unul imaginar. Asta nu se \u00eent\u00e2mpl\u0103 doar pentru c\u0103 arta nu este o copie a vie\u021bii, ci pentru c\u0103 Mugur C\u0103linescu, personajul care \u00een imagina\u021bia autorului se transform\u0103 \u00een adolescentul Filip, a fost un om despre existen\u021ba c\u0103ruia noi, concet\u0103\u021benii lui, am aflat abia \u00een urm\u0103 cu c\u00e2\u021biva ani. Din p\u0103cate, \u00een ultimul deceniu al dictaturii ceau\u0219iste, prea pu\u021bini au fost rom\u00e2nii curajo\u0219i, care au \u00eendr\u0103znit s\u0103 protesteze.<\/p>\n<p>\u201eDrama adolescentului Mugur C\u0103linescu, care \u00een 1981 a \u00eenfruntat organele securit\u0103\u021bii scriind cu creta pe pere\u021bii str\u0103zilor din Boto\u0219ani mesaje antisistem, m-a inspirat \u00een abordarea acestui subiect pictopoetic. Filip este numele personajului meu, iar numele l-am \u00eemprumutat de la Filip al II-lea al Macedoniei, tat\u0103l lui Alexandru cel Mare. Desigur, nu \u00eent\u00e2mpl\u0103tor, ci pentru a eviden\u021bia o rela\u021bie \u00een antitez\u0103 cu majoritatea rela\u021biilor tat\u0103-fiu din epoca comunist\u0103. Acest joc de asociere \u00een care \u0219i eu, ca autor, am contribu\u021bia mea biografic\u0103, reprezint\u0103 \u00eencercarea de a defini interac\u021biunea p\u0103rinte-copil, de a face o paralel\u0103 peste timp \u00eentre cele dou\u0103 tipologii. Pun\u00e2nd accentul pe portretul adolescentului optzecist, c\u0103ruia comuni\u0219tii i-au marcat tinere\u021bea, impun\u00e2nd un sistem deformat bazat pe fric\u0103 \u0219i supunere fa\u021b\u0103 de autorit\u0103\u021bi, \u00eentr-un mediu cu orizonturile blocate, prin\u0219i \u00een colivii de imbecilitate, dispre\u021b \u0219i umilin\u021b\u0103, am \u00eencercat s\u0103 redau c\u00e2teva flash-uri de con\u021binut. A\u0219adar, Filip este un individ curajos care sfideaz\u0103 sistemul \u0219i intr\u0103 \u00een lupt\u0103 cu Goliat, \u00een pofida unui sf\u00e2r\u0219it anun\u021bat \u0219i aparent f\u0103r\u0103 ie\u0219ire. Dictatura este pentru mine o tem\u0103 predilect\u0103 \u0219i totodat\u0103 o datorie moral\u0103 de a devoala genera\u021biilor actuale pericolul acestui sistem social, din perspectiva celui care a tr\u0103it pe pielea lui aceast\u0103 oribil\u0103 experien\u021b\u0103. Oric\u00e2t de seduc\u0103toare \u0219i oric\u00e2t de bine inten\u021bionate ar p\u0103rea, trebuie \u0219tiut c\u0103 dictaturile nu au adus dec\u00e2t suferin\u021b\u0103, fric\u0103 permanent\u0103, regres moral \u0219i spiritual, mizerie \u0219i crime odioase. Omul s-a dovedit incapabil s\u0103 gestioneze puterea f\u0103r\u0103 limite, iar voin\u021ba autocrat\u0103 nu poate s\u0103 substituie voin\u021ba colectiv\u0103; malforma\u021biile psihice venite din uzura dat\u0103 de aceast\u0103 putere creeaz\u0103 personaje demente care pot face r\u0103u nu numai unei \u021b\u0103ri, ci unei \u00eentregi lumi. Utopia pream\u0103ririi, credin\u021ba oarb\u0103 \u00een deciziile f\u0103r\u0103 de fisur\u0103 ale unui Dumnezeu biped sunt semne c\u0103 societatea trebuie s\u0103 ac\u021bioneze \u0219i s\u0103 opreasc\u0103 din fa\u0219\u0103 embrionul comportamentelor dictatoriale. De multe ori a fost nevoie de un Filip pentru a da semnalul acestei st\u0103ri de fapt \u0219i de a face diferen\u021ba \u00eentre bine \u0219i r\u0103u.\u201d (C\u0103t\u0103lin Marius Negoi\u021b\u0103)<\/p>\n<p>Lucr\u0103rile prezente \u00een expozi\u021bie ilustreaz\u0103 seria de poeme ale autorului. Compozi\u021bii dramatice, cu perspective \u00een care se simte tensiunea, personaje care \u00ee\u0219i tr\u0103iesc durerea \u0219i neputin\u021ba, alc\u0103tuiesc scene pline de tragism care zugr\u0103vesc o realitate pe care unii dintre noi am tr\u0103it-o, al\u021bii doar au auzit-o iar unii o regret\u0103.<\/p>\n<p>Aceast\u0103 expozi\u021bie este un omagiu adus acelor pu\u021bini eroi care au vorbit atunci c\u00e2nd majoritatea a t\u0103cut \u0219i care a ales demnitatea \u00een locul la\u0219it\u0103\u021bii. Probabil c\u0103 lui Mugur C\u0103linescu i-ar fi pl\u0103cut aceast\u0103 expozi\u021bie, mai ales, pentru c\u0103 \u0219i el s-ar fi identificat cu personajul Filip. \u00centr-un fel, a \u0219i f\u0103cut-o!<\/p>\n<p>Vernisajul expozi\u021biei va avea loc \u00een data de <strong>12 mai 2026<\/strong>, ora <strong>18.30<\/strong>. Expozi\u021bia va fi deschis\u0103 \u00een perioada <strong>6 -30 mai 2026<\/strong>, de mar\u021bi p\u00e2n\u0103 s\u00e2mb\u0103t\u0103, \u00een intervalul orar 10.00 \u2013 18.00. Pentru costul biletelor, consulta\u021bi <a role=\"link\" href=\"https:\/\/mnlr.ro\/en\/contact\/\">https:\/\/mnlr.ro\/contact\/<\/a>.\u00a0<strong>Intrarea la vernisaj este liber\u0103.<\/strong><\/p>","protected":false},"excerpt":{"rendered":"<p>Muzeul Na\u021bional al Literaturii Rom\u00e2ne g\u0103zduie\u0219te, \u00een perioada 6 -30 mai 2026, la sediul s\u0103u din Calea Grivi\u021bei 64-66 \u2013&#8230;<\/p>","protected":false},"author":13,"featured_media":39210,"comment_status":"closed","ping_status":"closed","sticky":false,"template":"","format":"standard","meta":{"_exactmetrics_skip_tracking":false,"_exactmetrics_sitenote_active":false,"_exactmetrics_sitenote_note":"","_exactmetrics_sitenote_category":0,"footnotes":""},"categories":[9,36,65],"tags":[],"class_list":["post-39209","post","type-post","status-publish","format-standard","has-post-thumbnail","hentry","category-evenimente","category-expozitii","category-expozitii-temporare-mnlr-calea-grivitei-64-66"],"_links":{"self":[{"href":"https:\/\/mnlr.ro\/en\/wp-json\/wp\/v2\/posts\/39209","targetHints":{"allow":["GET"]}}],"collection":[{"href":"https:\/\/mnlr.ro\/en\/wp-json\/wp\/v2\/posts"}],"about":[{"href":"https:\/\/mnlr.ro\/en\/wp-json\/wp\/v2\/types\/post"}],"author":[{"embeddable":true,"href":"https:\/\/mnlr.ro\/en\/wp-json\/wp\/v2\/users\/13"}],"replies":[{"embeddable":true,"href":"https:\/\/mnlr.ro\/en\/wp-json\/wp\/v2\/comments?post=39209"}],"version-history":[{"count":3,"href":"https:\/\/mnlr.ro\/en\/wp-json\/wp\/v2\/posts\/39209\/revisions"}],"predecessor-version":[{"id":39213,"href":"https:\/\/mnlr.ro\/en\/wp-json\/wp\/v2\/posts\/39209\/revisions\/39213"}],"wp:featuredmedia":[{"embeddable":true,"href":"https:\/\/mnlr.ro\/en\/wp-json\/wp\/v2\/media\/39210"}],"wp:attachment":[{"href":"https:\/\/mnlr.ro\/en\/wp-json\/wp\/v2\/media?parent=39209"}],"wp:term":[{"taxonomy":"category","embeddable":true,"href":"https:\/\/mnlr.ro\/en\/wp-json\/wp\/v2\/categories?post=39209"},{"taxonomy":"post_tag","embeddable":true,"href":"https:\/\/mnlr.ro\/en\/wp-json\/wp\/v2\/tags?post=39209"}],"curies":[{"name":"wp","href":"https:\/\/api.w.org\/{rel}","templated":true}]}}