{"id":39228,"date":"2026-04-29T13:54:50","date_gmt":"2026-04-29T10:54:50","guid":{"rendered":"https:\/\/mnlr.ro\/?p=39228"},"modified":"2026-04-29T13:55:08","modified_gmt":"2026-04-29T10:55:08","slug":"dubla-lansare-de-carte-ana-intre-intemeiere-si-legenda-si-rusalii-insangerate-de-florin-horvath","status":"publish","type":"post","link":"https:\/\/mnlr.ro\/en\/dubla-lansare-de-carte-ana-intre-intemeiere-si-legenda-si-rusalii-insangerate-de-florin-horvath\/","title":{"rendered":"Dubl\u0103 lansare de carte | \u201eAna, \u00eentre \u00eentemeiere \u0219i legend\u0103\u201d \u0219i \u201eRusalii \u00eens\u00e2ngerate\u201d de Florin Horvath\u00a0"},"content":{"rendered":"<p>Muzeul Na\u021bional al Literaturii Rom\u00e2ne g\u0103zduie\u0219te vineri, 15 mai 2026, ora 18.00, \u00een Sala Perpessicius (Str. Nicolae Cre\u021bulescu nr. 8), evenimentul de lansare a dou\u0103 volume semnate de Florin Horvath: \u201eAna, \u00eentre \u00eentemeiere \u0219i legend\u0103\u201d \u0219i \u201eRusalii \u00eens\u00e2ngerate\u201d, ap\u0103rute la Editura Ighemonicon, care continu\u0103 explorarea rela\u021biei dintre istorie \u0219i legend\u0103 a autorului, propun\u00e2nd cititorilor o incursiune \u00een zonele sensibile ale memoriei culturale \u0219i ale imaginarului colectiv.<\/p>\n<p>Al\u0103turi de Florin Horvath vor participa Aurelian Pavelescu \u0219i \u0218tefan Dumitrache, \u00eentr-un dialog despre literatur\u0103, istorie \u0219i imaginar cultural.<\/p>\n<p>Autor prolific al literaturii contemporane, Florin Horvath (n. 1945) a publicat peste 20 de volume, construind un univers narativ \u00een care istoria, mitul \u0219i reflec\u021bia simbolic\u0103 se \u00eempletesc \u00eentr-o formul\u0103 personal\u0103. Este membru al Cenaclului literar \u201eSilvania\u201d \u0219i al Asocia\u021biei Scriitorilor din Jude\u021bul S\u0103laj \u0219i colaborator al revistelor Curtea de la Arge\u0219 \u0219i Caiete Silvane.<\/p>\n<p>Printre titlurile reprezentative ale autorului se num\u0103r\u0103: <em>O lacrim\u0103 pentru M\u0103ria Sa, Coroana celor \u0219apte mari mae\u0219tri, Voievodul albastru, Un templier la Sarmizegetusa, Legenda marelui Zalmoxis, Na\u0219terea Daciei \u0219i Vlaherne. Mica Dacie din inima Byzan\u021bului<\/em>. Anul trecut a lansat tot la Muzeul Na\u021bional al Literaturii Rom\u00e2ne volumele <em>Ve\u0219m\u00e2ntul nemuririi<\/em> \u0219i <em>Osp\u0103\u021bul cuvintelor<\/em>.<\/p>\n<p>\u00centr-o declara\u021bie despre propria scriitur\u0103, autorul m\u0103rturise\u0219te: \u201eFaptul c\u0103 eu tr\u0103iesc \u0219i ast\u0103zi dup\u0103 regulile cavalere\u0219ti \u00eemi confer\u0103 o mai mare u\u0219urin\u021b\u0103 \u00een a descrie lumi \u0219i personaje demult apuse.\u201d<\/p>\n<p>Evenimentul este deschis publicului larg, iar accesul este liber, \u00een limita locurilor disponibile.<\/p>\n<p>&nbsp;<\/p>","protected":false},"excerpt":{"rendered":"<p>Muzeul Na\u021bional al Literaturii Rom\u00e2ne g\u0103zduie\u0219te vineri, 15 mai 2026, ora 18.00, \u00een Sala Perpessicius (Str. Nicolae Cre\u021bulescu nr. 8),&#8230;<\/p>","protected":false},"author":11,"featured_media":39229,"comment_status":"closed","ping_status":"closed","sticky":false,"template":"","format":"standard","meta":{"_exactmetrics_skip_tracking":false,"_exactmetrics_sitenote_active":false,"_exactmetrics_sitenote_note":"","_exactmetrics_sitenote_category":0,"footnotes":""},"categories":[9,21],"tags":[],"class_list":["post-39228","post","type-post","status-publish","format-standard","has-post-thumbnail","hentry","category-evenimente","category-lansari-de-carte"],"_links":{"self":[{"href":"https:\/\/mnlr.ro\/en\/wp-json\/wp\/v2\/posts\/39228","targetHints":{"allow":["GET"]}}],"collection":[{"href":"https:\/\/mnlr.ro\/en\/wp-json\/wp\/v2\/posts"}],"about":[{"href":"https:\/\/mnlr.ro\/en\/wp-json\/wp\/v2\/types\/post"}],"author":[{"embeddable":true,"href":"https:\/\/mnlr.ro\/en\/wp-json\/wp\/v2\/users\/11"}],"replies":[{"embeddable":true,"href":"https:\/\/mnlr.ro\/en\/wp-json\/wp\/v2\/comments?post=39228"}],"version-history":[{"count":2,"href":"https:\/\/mnlr.ro\/en\/wp-json\/wp\/v2\/posts\/39228\/revisions"}],"predecessor-version":[{"id":39231,"href":"https:\/\/mnlr.ro\/en\/wp-json\/wp\/v2\/posts\/39228\/revisions\/39231"}],"wp:featuredmedia":[{"embeddable":true,"href":"https:\/\/mnlr.ro\/en\/wp-json\/wp\/v2\/media\/39229"}],"wp:attachment":[{"href":"https:\/\/mnlr.ro\/en\/wp-json\/wp\/v2\/media?parent=39228"}],"wp:term":[{"taxonomy":"category","embeddable":true,"href":"https:\/\/mnlr.ro\/en\/wp-json\/wp\/v2\/categories?post=39228"},{"taxonomy":"post_tag","embeddable":true,"href":"https:\/\/mnlr.ro\/en\/wp-json\/wp\/v2\/tags?post=39228"}],"curies":[{"name":"wp","href":"https:\/\/api.w.org\/{rel}","templated":true}]}}