{"id":39232,"date":"2026-04-29T13:57:49","date_gmt":"2026-04-29T10:57:49","guid":{"rendered":"https:\/\/mnlr.ro\/?p=39232"},"modified":"2026-04-29T13:57:49","modified_gmt":"2026-04-29T10:57:49","slug":"nicu-alifantis-zan-in-concert-in-gradina-mnlr","status":"publish","type":"post","link":"https:\/\/mnlr.ro\/en\/nicu-alifantis-zan-in-concert-in-gradina-mnlr\/","title":{"rendered":"Nicu Alifantis &#038; ZAN \u00een concert \u00een Gr\u0103dina MNLR"},"content":{"rendered":"<p>Muzeul Na\u021bional al Literaturii Rom\u00e2ne, \u00een parteneriat cu Uniunea Scriitorilor din Rom\u00e2nia \u0219i AlifantisMusic, cu sprijinul BES Romania, organizeaz\u0103 un concert special sus\u021binut de Nicu Alifantis &amp; ZAN (Nicu Alifantis, Virgil Popescu, R\u0103zvan Miric\u0103, Sorin Voinea, Relu Bi\u021bulescu), s\u00e2mb\u0103t\u0103, 16 mai 2026, de la ora 20.00, \u00een Gr\u0103dina MNLR, Str. Nicolae Cre\u021bulescu nr. 8.<\/p>\n<p>Evenimentul propune o \u00eent\u00e2lnire \u00eentre muzic\u0103 \u0219i poezie, \u00eentr-un spa\u021biu cultural aparte, \u00een care crea\u021bia lui Nicu Alifantis intr\u0103 \u00een dialog cu universul liric al poetului Leonid Dimov.<\/p>\n<p>Concertul face parte din seria de manifest\u0103ri dedicate marc\u0103rii centenarului na\u0219terii lui Leonid Dimov (1926\u20131987), una dintre vocile emblematice ale poeziei rom\u00e2ne\u0219ti postbelice. La 11 ianuarie 2026 s-au \u00eemplinit 100 de ani de la na\u0219terea sa, moment celebrat printr-o suit\u0103 de evenimente organizate de Muzeul Na\u021bional al Literaturii Rom\u00e2ne, Uniunea Scriitorilor din Rom\u00e2nia \u0219i AlifantisMusic.<\/p>\n<p>Proiectul \u201eLeoneed Is Love\u201d are \u00een spate o poveste artistic\u0103 de durat\u0103, n\u0103scut\u0103 din \u00eent\u00e2lniri decisive \u0219i colabor\u0103ri memorabile. Originile sale coboar\u0103 \u00een anul 1973, la Br\u0103ila, c\u00e2nd regizorul Alexandru Tocilescu monteaz\u0103 spectacolul \u201eSwanewit\u201d la Teatrul \u201eMaria Filotti\u201d, introduc\u00e2ndu-l pe Nicu Alifantis \u00een universul poetic al lui Leonid Dimov: \u201eMi-a pus atunci \u00een bra\u021be, pentru prima dat\u0103, poezia lui Dimov. A vrut ca toate c\u00e2ntecele din acel spectacol s\u0103 fie pe versurile lui.\u201d<\/p>\n<p>Din aceast\u0103 \u00eent\u00e2lnire s-au n\u0103scut primele compozi\u021bii, completate ulterior de noi crea\u021bii, \u00eentr-un parcurs artistic r\u0103mas viu de-a lungul anilor. Reeditarea albumului, realizat\u0103 cu prilejul centenarului Dimov, reune\u0219te muzica \u0219i literatura \u00eentr-o form\u0103 extins\u0103, \u00eenso\u021bit\u0103 de o carte de confesiuni \u0219i pove\u0219ti de crea\u021bie:<\/p>\n<p>Albumul este \u00eenso\u021bit \u0219i de o carte \u00een care am scris toate pove\u0219tile legate de Swanewit, de Tocilescu, de Dimov, de poeziile respective. \u201eFaptul c\u0103 Nicu Alifantis realizeaz\u0103 acest volum-album, cu 12 c\u00e2ntece pe versuri de Leonid Dimov, este un bun prilej pentru o constatare amar\u0103: \u00een literatura rom\u00e2n\u0103, acest mare poet este \u00eenc\u0103 insuficient citit, de\u0219i posteritatea sa artistic\u0103 este \u00een continu\u0103 cre\u0219tere\u201d, a declarat Ioan Cristescu, directorul Muzeului Na\u021bional al Literaturii Rom\u00e2ne.<\/p>\n<p>Concertul Nicu Alifantis &amp; ZAN de la MNLR promite o sear\u0103 dedicat\u0103 sensibilit\u0103\u021bii poetice, memoriei culturale \u0219i for\u021bei expresive a muzicii, \u00eentr-un dialog viu \u00eentre genera\u021bii \u0219i arte.<\/p>\n<p>Intrarea este liber\u0103. V\u0103 a\u0219tept\u0103m!<\/p>","protected":false},"excerpt":{"rendered":"<p>Muzeul Na\u021bional al Literaturii Rom\u00e2ne, \u00een parteneriat cu Uniunea Scriitorilor din Rom\u00e2nia \u0219i AlifantisMusic, cu sprijinul BES Romania, organizeaz\u0103 un&#8230;<\/p>","protected":false},"author":11,"featured_media":39233,"comment_status":"closed","ping_status":"closed","sticky":false,"template":"","format":"standard","meta":{"_exactmetrics_skip_tracking":false,"_exactmetrics_sitenote_active":false,"_exactmetrics_sitenote_note":"","_exactmetrics_sitenote_category":0,"footnotes":""},"categories":[9,38],"tags":[],"class_list":["post-39232","post","type-post","status-publish","format-standard","has-post-thumbnail","hentry","category-evenimente","category-seri-de-poezie-si-muzica"],"_links":{"self":[{"href":"https:\/\/mnlr.ro\/en\/wp-json\/wp\/v2\/posts\/39232","targetHints":{"allow":["GET"]}}],"collection":[{"href":"https:\/\/mnlr.ro\/en\/wp-json\/wp\/v2\/posts"}],"about":[{"href":"https:\/\/mnlr.ro\/en\/wp-json\/wp\/v2\/types\/post"}],"author":[{"embeddable":true,"href":"https:\/\/mnlr.ro\/en\/wp-json\/wp\/v2\/users\/11"}],"replies":[{"embeddable":true,"href":"https:\/\/mnlr.ro\/en\/wp-json\/wp\/v2\/comments?post=39232"}],"version-history":[{"count":1,"href":"https:\/\/mnlr.ro\/en\/wp-json\/wp\/v2\/posts\/39232\/revisions"}],"predecessor-version":[{"id":39234,"href":"https:\/\/mnlr.ro\/en\/wp-json\/wp\/v2\/posts\/39232\/revisions\/39234"}],"wp:featuredmedia":[{"embeddable":true,"href":"https:\/\/mnlr.ro\/en\/wp-json\/wp\/v2\/media\/39233"}],"wp:attachment":[{"href":"https:\/\/mnlr.ro\/en\/wp-json\/wp\/v2\/media?parent=39232"}],"wp:term":[{"taxonomy":"category","embeddable":true,"href":"https:\/\/mnlr.ro\/en\/wp-json\/wp\/v2\/categories?post=39232"},{"taxonomy":"post_tag","embeddable":true,"href":"https:\/\/mnlr.ro\/en\/wp-json\/wp\/v2\/tags?post=39232"}],"curies":[{"name":"wp","href":"https:\/\/api.w.org\/{rel}","templated":true}]}}