{"id":39241,"date":"2026-04-30T15:05:52","date_gmt":"2026-04-30T12:05:52","guid":{"rendered":"https:\/\/mnlr.ro\/?p=39241"},"modified":"2026-04-30T15:08:04","modified_gmt":"2026-04-30T12:08:04","slug":"agenda-culturala-a-mnlr-pentru-saptamana-4-10-mai-2026","status":"publish","type":"post","link":"https:\/\/mnlr.ro\/en\/agenda-culturala-a-mnlr-pentru-saptamana-4-10-mai-2026\/","title":{"rendered":"Agenda cultural\u0103 a MNLR pentru s\u0103pt\u0103m\u00e2na 4 \u2013 10 mai 2026"},"content":{"rendered":"<p><strong>EVENIMENTE CU PUBLIC<\/strong><\/p>\n<p><strong>Mar\u021bi, 5 mai 2026, ora 11.00<\/strong><\/p>\n<p><em>Aula Academiei Rom\u00e2ne, Calea Victoriei 125<\/em><\/p>\n<p><strong>Sesiune omagial\u0103 Zoe Dumitrescu-Bu\u0219ulenga<\/strong><\/p>\n<p>Academia Rom\u00e2n\u0103, Funda\u021bia \u201eCredin\u021b\u0103 \u0219i Crea\u021bie. Acad. Zoe Dumitrescu-Bu\u0219ulenga-Monahia Benedicta\u201d \u2013 M\u0103n\u0103stirea Putna, Muzeul Na\u021bional al Literaturii Rom\u00e2ne \u0219i Institutul de Istorie \u0219i Teorie Literar\u0103 \u201eGeorge C\u0103linescu\u201d v\u0103 invit\u0103 la o sesiune omagial\u0103 dedicat\u0103 unei ilustre personalit\u0103\u021bi a culturii rom\u00e2ne: acad. Zoe Dumitrescu-Bu\u0219ulenga \u2013 eminescolog, comparatist, critic \u0219i istoric literar, profesor universitar \u0219i membru marcant al Academiei Rom\u00e2ne \u2013, la 20 de ani de la trecerea \u00een ve\u0219nicie.<\/p>\n<p>Evenimentul \u00ee\u0219i propune s\u0103 aduc\u0103 \u00een aten\u021bia publicului complexitatea unei biografii intelectuale \u0219i spirituale de excep\u021bie, care a marcat indenegabil dezvoltarea studiilor umaniste din Rom\u00e2nia.<\/p>\n<p>Programul sesiunii omagiale reune\u0219te personalit\u0103\u021bi ale vie\u021bii academice, culturale \u0219i religioase:<br \/>\n\u2022 acad. Marius Andruh, Pre\u0219edintele Academiei Rom\u00e2ne<br \/>\n\u2022 acad. Mircea Martin, pre\u0219edintele Sec\u021biei de filologie \u0219i literatur\u0103 a Academiei Rom\u00e2ne<br \/>\n\u2022 Timotei Prahoveanul, Episcop-vicar al Arhiepiscopiei Bucure\u0219tilor<br \/>\n\u2022 Arhimandrit Melchisedec, Stare\u021bul M\u0103n\u0103stirii Putna<br \/>\n\u2022 prof. univ. dr. Mihai Zamfir, membru de onoare al Academiei Rom\u00e2ne<br \/>\n\u2022 prof. univ. dr. Laura B\u0103descu, director al Institutului de Istorie \u0219i Teorie Literar\u0103 \u201eGeorge C\u0103linescu\u201d<br \/>\n\u2022 prof. Teodora Stanciu, jurnalist cultural, Radio Trinitas<br \/>\n\u2022 Carmen Br\u0103garu, cercet\u0103tor la Institutul de Istorie \u0219i Teorie Literar\u0103 \u201eGeorge C\u0103linescu\u201d<br \/>\n\u2022 conf. univ. dr. Silviu Mih\u0103il\u0103, Academia de Studii Economice din Bucure\u0219ti.<\/p>\n<p>Evenimentul va include \u0219i proiec\u021bia filmului documentar \u201eZoe Dumitrescu-Bu\u0219ulenga, cununa devenirii\u201d, realizat de regizoarea Cristina Chirvasie.<\/p>\n<p>Moderatorul sesiunii omagiale: prof. univ. dr. Ioan Cristescu, directorul general al Muzeului Na\u021bional al Literaturii Rom\u00e2ne.<\/p>\n<p>______________<\/p>\n<p><strong>Mar\u021bi, 5 mai 2026, ora 16.00<\/strong><\/p>\n<p><em>Muzeul Na\u021bional al Literaturii Rom\u00e2ne, Sala \u201eIosif Naghiu\u201d, Calea Grivi\u021bei 64-66<\/em><\/p>\n<p><strong>Colocviul Vladimir Zamfirescu \u2013 90<\/strong><\/p>\n<p>Muzeul Na\u021bional al Literaturii Rom\u00e2ne organizeaz\u0103\u00a0<strong>Colocviul Vladimir Zamfirescu \u2013 90<\/strong>, dedicat evoc\u0103rii marelui pictor la 90 de la na\u0219terea sa. Evenimentul se va deschide cu o dezbatere la care vor participa acad. Mircia Dumitrescu, Mihai Ispirescu \u0219i Pavel \u0218u\u0219ar\u0103, urmat\u0103 de proiec\u021bia filmului\u00a0<em>Primul meu scenariu<\/em>\u00a0de Cornel Ghiorghi\u021b\u0103. Seara se va \u00eencheia cu vernisajul expozi\u021biei \u201eMirel Zamfirescu\u201d, care va avea loc \u00een sala \u201eAl. Oprea\u201d.<\/p>\n<p>Detalii, <a href=\"https:\/\/mnlr.ro\/en\/colocviul-vladimir-zamfirescu-90\/\">aici<\/a>.<\/p>\n<p>______________<\/p>\n<p><strong>Mar\u021bi, 5 mai 2026, ora 17.00<\/strong><\/p>\n<p><em>Muzeul Na\u021bional al Literaturii Rom\u00e2ne, Str. Nicolae Cre\u021bulescu 8<\/em><\/p>\n<p><strong>Lansare de carte \u00a0<\/strong><\/p>\n<p>Ioana Dr\u0103gan \u00ee\u0219i invit\u0103 cititorii la lansarea celui mai recent roman, \u201e\u00cen c\u0103utarea nefericirii, \u00een continuare\u201d, publicat la Editura Tracus Arte.<\/p>\n<p>La \u00eent\u00e2lnire vor participa Ioan Cristescu \u0219i Varujan Vosganian, iar discu\u021bia va fi moderat\u0103 de Oana Boca St\u0103nescu.<\/p>\n<p>Noul roman continu\u0103 universul fic\u021bional deschis \u00een volumul \u201e\u00cen c\u0103utarea nefericirii\u201d (2023), propun\u00e2nd o explorare subtil\u0103 a singur\u0103t\u0103\u021bii, a rela\u021biilor fragile \u0219i a diferen\u021belor de mentalitate dintre spa\u021biul rom\u00e2nesc \u0219i cel nordic-finlandez. Personajele \u2013 Onni, de origine finlandez\u0103, \u0219i Gelu, protagonistul deja cunoscut cititorilor \u2013 traverseaz\u0103 un teritoriu al ne\u00eemplinirii \u0219i al c\u0103ut\u0103rii sensului, \u00eentr-o nara\u021biune marcat\u0103 de ironie fin\u0103, umor discret \u0219i o construc\u021bie aproape cinematografic\u0103.<\/p>\n<p>Detalii, <a href=\"https:\/\/mnlr.ro\/en\/lansare-de-carte-in-cautarea-nefericirii-in-continuare-de-ioana-dragan\/\">aici<\/a>.<\/p>\n<p><strong> ______________<\/strong><\/p>\n<p><strong>Miercuri, 6 mai 2026, ora 15.00<\/strong><\/p>\n<p><em>Muzeul Na\u021bional al Literaturii Rom\u00e2ne, Str. Nicolae Cre\u021bulescu 8<\/em><\/p>\n<p><strong>Lansare de carte<\/strong><\/p>\n<p>Muzeul Na\u021bional al Literaturii Rom\u00e2ne g\u0103zduie\u015fte lansarea volumului de poezie \u201eCu bilet doar dus\u201d de Lumini\u021ba S\u00e2mbotin, ap\u0103rut la Editura Neuma, \u00een Colec\u021bia Icar.<\/p>\n<p>Al\u0103turi de autoare vor participa Evelyne Maria Croitoru, Horia G\u00e2rbea \u0219i Loreta Popa, care vor vorbi despre universul poetic al volumului \u0219i despre evolu\u021bia scriiturii Lumini\u021bei S\u00e2mbotin.<\/p>\n<p><strong> ______________<\/strong><\/p>\n<p><strong>Vineri, 8 mai 2026, ora 17.00<\/strong><\/p>\n<p><em>Muzeul Na\u021bional al Literaturii Rom\u00e2ne, Sala \u201eAl. Condeescu\u201d, Calea Grivi\u021bei 64-66<\/em><\/p>\n<p><strong>Vernisaj | Expozi\u021bia <em>Update Required<\/em><\/strong><\/p>\n<p>Muzeul Na\u021bional al Literaturii Rom\u00e2ne organizeaz\u0103, \u00een perioada\u00a0<strong>5-30 mai 2026<\/strong>, expozi\u021bia personal\u0103 a artistului <strong>Sergiu Roman<\/strong>, intitulat\u0103\u00a0<em>Update Required<\/em>, un proiect care reune\u0219te pictur\u0103 \u0219i scurtmetraje \u00eentr-un demers vizual contemporan.<\/p>\n<p>Vernisajul va avea loc vineri,\u00a08 mai 2026, ora\u00a017.00.<\/p>\n<p>\u201eExpozi\u021bia\u00a0<em>Update Required<\/em>\u00a0marcheaz\u0103 f\u0103r\u0103 nici o umbr\u0103 de \u00eendoial\u0103 un prag de reconfigurare conceptual\u0103. Pentru Sergiu Roman, acest moment reprezint\u0103 mai mult dec\u00e2t o premier\u0103; este o muta\u021bie asumat\u0103 a limbajului artistic, o ie\u0219ire necesar\u0103 din cadrul static al picturii pentru a st\u0103p\u00e2ni timpul \u0219i sunetul prin filmul de autor. Identific\u00e2nd \u00een pictur\u0103 o limitare structural\u0103 \u00een fa\u021ba fluxului dens de idei metafizice pe care dore\u0219te s\u0103 le exploreze, artistul alege crea\u021bia filmic\u0103 \u0219i experimentul video drept noile instrumente privilegiate de analiz\u0103, disec\u021bie \u0219i asediu asupra realit\u0103\u021bii. Vorbim a\u0219adar de un eveniment inter-mediatic, de pictur\u0103 \u0219i proiec\u021bie de scurtmetraje.\u201d \u2013 Diana Roman, critic de art\u0103<\/p>\n<p>Detalii, <a href=\"https:\/\/mnlr.ro\/en\/update-required-sergiu-roman\/\">aici<\/a>.<\/p>\n<p><strong>EXPOZI\u021aII PERMANENTE<\/strong><\/p>\n<p><strong>Atelier de artist | Margareta Sterian<\/strong><\/p>\n<p><em>Muzeul Na\u021bional al Literaturii Rom\u00e2ne, Calea Grivi\u021bei 64-66<\/em><\/p>\n<p>V\u0103 invit\u0103m s\u0103 vizita\u021bi spa\u021biul expozi\u021bional\u00a0<em>Atelier de artist \u2013 Margareta Sterian,\u00a0<\/em>deschis la sediul MNLR din Calea Grivi\u021bei 64-66. Amenajat la etajul al doilea al cl\u0103dirii, spa\u021biul intim\u00a0<em>\u2013\u00a0<\/em>recreat prin obiecte de mobilier, obiecte personale \u0219i lucr\u0103ri de pictur\u0103, grafic\u0103, ceramic\u0103, fresc\u0103 \u0219i panouri textile\u00a0<em>\u2013<\/em>\u00a0red\u0103 universul creator \u0219i existen\u021bial al artistei, exemplific\u00e2nd interesul s\u0103u pentru multiplele forme de exprimare artistic\u0103. Toate obiectele expuse \u00een acest spa\u021biu au fost donate Muzeului Na\u021bional al Literaturii Rom\u00e2ne de c\u0103tre pictorul \u0219i criticul de art\u0103 Mircea Barzuca, discipolul \u0219i mo\u0219tenitorul testamentar, omul datorit\u0103 c\u0103ruia opera \u0219i personalitatea Margaretei Sterian vor fi cunoscute de genera\u021biile viitoare.<\/p>\n<p><strong>EXPOZI\u021aII TEMPORARE<\/strong><\/p>\n<p><strong>TZARA DADA \u2013 instala\u021bie de pictopoeme | Mircia Dumitrescu, Mihai Zgondoiu, Dan Mircea Cipariu<\/strong><\/p>\n<p><em>Muzeul Na\u021bional al Literaturii Rom\u00e2ne, Str. Nicolae Cre\u021bulescu 8<\/em><\/p>\n<p>16 aprilie &#8211; 30 iunie 2026<\/p>\n<p>Parte a proiectului Tzara Dada (<a href=\"http:\/\/www.tzaradada.ro\">www.tzaradada.ro<\/a>), expozi\u021bia prezint\u0103 publicului o instala\u021bie de pictopoeme, realizat\u0103 \u00een spiritul Dada de arti\u0219tii Mircia Dumitrescu \u0219i Mihai Zgondoiu, al\u0103turi de scriitorul Dan Mircea Cipariu. Curator: Monica Morariu.<\/p>\n<p>Lucr\u0103rile artistului Mihai Zgondoiu evoc\u0103 un spirit critic fa\u021b\u0103 de cli\u0219eele de g\u00e2ndire din societatea noastr\u0103 actual\u0103, parodiind falsele valori \u0219i <em>icon<\/em>-uri create de noile media prin diferite tipuri de propagand\u0103 <em>fake news<\/em>.<\/p>\n<p>De\u0219i Mircia Dumitrescu nu este un artist dadaist \u00een sens strict, \u00een opera sa se pot identifica ecouri \u0219i influen\u021be subtile ale dadaismului, integrate \u00eentr-un limbaj personal, profund intelectual \u0219i legat de tradi\u021bia cultural\u0103, care dep\u0103\u0219e\u0219te limitele rigide ale artei tradi\u021bionale. Spre deosebire de Mihai Zgondoiu, care propune o art\u0103 a\u00a0prezentului, a criticii \u0219i a experimentului, Mircia Dumitrescu construie\u0219te o art\u0103 a\u00a0memoriei culturale \u0219i a dialogului cu literatura, lucr\u0103rile sale av\u00e2nd o dimensiune reflexiv\u0103, intelectual\u0103, un dialog constant cu trecutul \u0219i identitatea cultural\u0103.<\/p>\n<p>Instala\u021bia este completat\u0103 de textele scriitorului Dan Mircea Cipariu, adev\u0103rate \u201epoezii ale hazardului\u201f, care recupereaz\u0103 \u0219i reinterpreteaz\u0103 spiritul DADA prin fragmentare \u2013 discurs rupt, ne-liniar, asocia\u021bii nea\u0219teptate, colaj textual \u2013 amestec de registre \u0219i stiluri, adapt\u00e2ndu-l la contextul expozi\u021bional. Textele sale devin instrumente de explorare a realit\u0103\u021bii actuale prin absurd \u0219i joc.<\/p>\n<p>Detalii, <a href=\"https:\/\/mnlr.ro\/en\/ziua-tristan-tzara\/\">aici<\/a>.<\/p>\n<p>_____________<\/p>\n<p><strong>Expozi\u021bia \u201eTREI\u201d a artistei Dalina B\u0103descu<\/strong><\/p>\n<p><em>Muzeul Na\u021bional al Literaturii Rom\u00e2ne, Str. Nicolae Cre\u021bulescu 8<\/em><\/p>\n<p>23 aprilie &#8211; 10 mai 2026<\/p>\n<p>Muzeul Na\u021bional al Literaturii Rom\u00e2ne v\u0103 invit\u0103 s\u0103 vizita\u021bi expozi\u021bia \u201eTREI\u201d, un proiect semnat de Dalina B\u0103descu \u0219i curatoriat de Monica Morariu. Punctul de plecare este cartea de proz\u0103 \u201eTrei\u201d a Dalinei B\u0103descu, pe care expozi\u021bia o prelunge\u0219te \u00eentr-un spa\u021biu imersiv. Aici, materia, memoria \u0219i imaginea vizual\u0103 se \u00eent\u00e2lnesc \u0219i se suprapun. Destine feminine sunt readuse \u00een lumin\u0103 prin fragmente, obiecte \u0219i compozi\u021bii vizuale care func\u021bioneaz\u0103 ca ni\u0219te rezervoare de sens. Instala\u021bia \u00eembin\u0103 borangicul, imprim\u0103ri 3d, anima\u021bie \u0219i lucr\u0103ri de grafic\u0103 \u0219i pictur\u0103, pun\u00e2nd fa\u021b\u0103 \u00een fa\u021b\u0103 tehnologia \u0219i tradi\u021bia f\u0103r\u0103 s\u0103 le trateze ca pe dou\u0103 lumi separate.<\/p>\n<p>Expozi\u021bia poate fi vizitat\u0103 \u00een perioada 23 aprilie &#8211; 10 mai 2026, de mar\u021bi p\u00e2n\u0103 duminic\u0103, \u00een intervalul orar 10.00-18.00.<\/p>\n<p>______________<\/p>\n<p><strong>Expozi\u021bia \u201ePlatforma adolescentului Filip\u201d a artistului C\u0103t\u0103lin Marius Negoi\u021b\u0103<\/strong><\/p>\n<p><em>Muzeul Na\u021bional al Literaturii Rom\u00e2ne, Sala \u201eP. Cre\u021bia\u201d, Calea Grivi\u021bei 64-66<\/em><\/p>\n<p>6 &#8211; 30 mai 2026<\/p>\n<p>Muzeul Na\u021bional al Literaturii Rom\u00e2ne g\u0103zduie\u0219te, \u00een perioada\u00a06 -30 mai 2026, expozi\u021bia \u201ePlatforma adolescentului Filip\u201d a artistului C\u0103t\u0103lin Marius Negoi\u021b\u0103.<\/p>\n<p>Personajul principal al acestei expozi\u021bii este, doar \u00een parte, unul imaginar. Asta nu se \u00eent\u00e2mpl\u0103 doar pentru c\u0103 arta nu este o copie a vie\u021bii, ci pentru c\u0103 Mugur C\u0103linescu, personajul care \u00een imagina\u021bia autorului se transform\u0103 \u00een adolescentul Filip, a fost un om despre existen\u021ba c\u0103ruia noi, concet\u0103\u021benii lui, am aflat abia \u00een urm\u0103 cu c\u00e2\u021biva ani. Din p\u0103cate, \u00een ultimul deceniu al dictaturii ceau\u0219iste, prea pu\u021bini au fost rom\u00e2nii curajo\u0219i, care au \u00eendr\u0103znit s\u0103 protesteze.<\/p>\n<p>Expozi\u021bia va fi putea fi vizitat\u0103 p\u00e2n\u0103 \u00een\u00a030 mai 2026, de mar\u021bi p\u00e2n\u0103 s\u00e2mb\u0103t\u0103, \u00een intervalul orar 10.00 \u2013 18.00.\u00a0<a href=\"https:\/\/mnlr.us16.list-manage.com\/track\/click?u=9d8daeb9344f52fc116dbbc7b&amp;id=2bf77bfddd&amp;e=9a7d950f5e\">Tarife,\u00a0aici.<\/a><\/p>\n<p>Detalii, <a href=\"https:\/\/mnlr.ro\/en\/platforma-adolescentului-filip-catalin-marius-negoita\/\">aici<\/a>.<\/p>\n<p>______________<\/p>\n<p><strong>Expozi\u021bia \u201eIlustra\u021bia de carte \/ In memoriam Constantin Baciu\u201d<\/strong><\/p>\n<p><em>Muzeul Na\u021bional al Literaturii Rom\u00e2ne, Str. Nicolae Cre\u021bulescu 8<\/em><\/p>\n<p>Cu ocazia celebr\u0103rii Zilei Interna\u021bionale a C\u0103r\u021bii \u0219i a Drepturilor de Autor, Muzeul Na\u021bional al Literaturii Rom\u00e2ne a deschis, la sediul s\u0103u din strada N. Cre\u021bulescu 8 (demisol), expozi\u021bia \u201eIlustra\u021bia de carte \/ In memoriam Constantin Baciu\u201d, dedicat\u0103 evoc\u0103rii operei artistului Constantin Baciu, pictor \u0219i grafician cu o bogat\u0103 activitate \u00een domeniul ilustra\u021biei de carte. Expozi\u021bia cuprinde o serie de panouri care ilustreaz\u0103 volumul \u201eAmintiri din copil\u0103rie\u201d al lui Ion Creang\u0103.<\/p>\n<p>Constantin Baciu (1930\u20132005) \u0219i-a \u00eenceput studiile la Academia de Belle-Arte din Ia\u0219i (1947) \u0219i le-a continuat la Universitatea de Art\u0103 \u0219i Design din Cluj-Napoca. A absolvit Institutul de Art\u0103 Plastic\u0103 \u201eNicolae Grigorescu\u201d din Bucure\u0219ti, \u00een 1956. Corneliu Baba a fost unul dintre profesorii s\u0103i. Opera sa se remarc\u0103 printr-o \u00eembinare armonioas\u0103 \u00eentre tradi\u021bie \u0219i modernitate, artistul explor\u00e2nd teme precum identitatea, memoria \u0219i rela\u021bia omului cu mediul \u00eenconjur\u0103tor. \u00cen crea\u021biile sale, Baciu folose\u0219te adesea simboluri inspirate din folclor \u0219i din universul rural, reinterpretate \u00eentr-o manier\u0103 contemporan\u0103.<\/p>\n<p>Artistul a acordat un loc important ilustra\u021biei de carte, domeniu \u00een care sensibilitatea sa artistic\u0103 s-a manifestat \u00eentr-un mod aparte. Ilustra\u021biile sale nu sunt simple complet\u0103ri vizuale ale textului, ci adev\u0103rate interpret\u0103ri plastice care \u00eei \u00eembog\u0103\u021besc sensurile. Artistul reu\u0219e\u0219te s\u0103 creeze imagini care dialogheaz\u0103 profund cu textul, surprinz\u00e2nd atmosfera, emo\u021bia \u0219i simbolistica acestuia.<\/p>\n<p>\u00cen special \u00een c\u0103r\u021bile inspirate din basme sau din literatura pentru copii, Constantin Baciu utilizeaz\u0103 elemente vizuale inspirate din folclorul rom\u00e2nesc: motive tradi\u021bionale, costume populare stilizate \u0219i peisaje rurale reinterpretate. Aceste detalii contribuie la crearea unui univers familiar, dar, \u00een acela\u0219i timp, transfigurat artistic. Stilistic, ilustra\u021biile sale se remarc\u0103 printr-o combina\u021bie \u00eentre figurativ \u0219i decorativ.<\/p>\n<p>De-a lungul carierei, a fost distins cu numeroase premii, printre care: Medalia de Aur la Concursul Interna\u021bional \u201ePacea Lumii\u201d, Leipzig, 1959; Premiul pentru ilustra\u021bii la volumul \u201e1907\u201d de Tudor Arghezi, \u00een cadrul Concursului Interna\u021bional \u201eCele mai frumoase c\u0103r\u021bi ale lumii\u201d, Leipzig, 1978; Premiul Na\u021bional pentru ilustra\u021bie de carte pentru Poezii de Alphonse de Lamartine \u0219i Corbul de Edgar Allan Poe, \u00een 2001.<\/p>\n<p>A fost decorat cu Ordinul \u201eMeritul Cultural\u201d, clasa a III-a (1968), \u201epentru activitate deosebit\u0103 \u00een domeniul artelor plastice\u201d, \u0219i cu Ordinul \u201eMeritul Cultural\u201d \u00een grad de Cavaler, \u00een 2005.<\/p>","protected":false},"excerpt":{"rendered":"<p>EVENIMENTE CU PUBLIC Mar\u021bi, 5 mai 2026, ora 11.00 Aula Academiei Rom\u00e2ne, Calea Victoriei 125 Sesiune omagial\u0103 Zoe Dumitrescu-Bu\u0219ulenga Academia&#8230;<\/p>","protected":false},"author":13,"featured_media":38800,"comment_status":"closed","ping_status":"closed","sticky":false,"template":"","format":"standard","meta":{"_exactmetrics_skip_tracking":false,"_exactmetrics_sitenote_active":false,"_exactmetrics_sitenote_note":"","_exactmetrics_sitenote_category":0,"footnotes":""},"categories":[9,1],"tags":[],"class_list":["post-39241","post","type-post","status-publish","format-standard","has-post-thumbnail","hentry","category-evenimente","category-uncategorized"],"_links":{"self":[{"href":"https:\/\/mnlr.ro\/en\/wp-json\/wp\/v2\/posts\/39241","targetHints":{"allow":["GET"]}}],"collection":[{"href":"https:\/\/mnlr.ro\/en\/wp-json\/wp\/v2\/posts"}],"about":[{"href":"https:\/\/mnlr.ro\/en\/wp-json\/wp\/v2\/types\/post"}],"author":[{"embeddable":true,"href":"https:\/\/mnlr.ro\/en\/wp-json\/wp\/v2\/users\/13"}],"replies":[{"embeddable":true,"href":"https:\/\/mnlr.ro\/en\/wp-json\/wp\/v2\/comments?post=39241"}],"version-history":[{"count":3,"href":"https:\/\/mnlr.ro\/en\/wp-json\/wp\/v2\/posts\/39241\/revisions"}],"predecessor-version":[{"id":39244,"href":"https:\/\/mnlr.ro\/en\/wp-json\/wp\/v2\/posts\/39241\/revisions\/39244"}],"wp:featuredmedia":[{"embeddable":true,"href":"https:\/\/mnlr.ro\/en\/wp-json\/wp\/v2\/media\/38800"}],"wp:attachment":[{"href":"https:\/\/mnlr.ro\/en\/wp-json\/wp\/v2\/media?parent=39241"}],"wp:term":[{"taxonomy":"category","embeddable":true,"href":"https:\/\/mnlr.ro\/en\/wp-json\/wp\/v2\/categories?post=39241"},{"taxonomy":"post_tag","embeddable":true,"href":"https:\/\/mnlr.ro\/en\/wp-json\/wp\/v2\/tags?post=39241"}],"curies":[{"name":"wp","href":"https:\/\/api.w.org\/{rel}","templated":true}]}}