{"id":4007,"date":"2018-01-11T15:59:51","date_gmt":"2018-01-11T13:59:51","guid":{"rendered":"http:\/\/mnlr.ro\/?p=4007"},"modified":"2018-01-12T03:11:14","modified_gmt":"2018-01-12T01:11:14","slug":"evocare-george-almosnino","status":"publish","type":"post","link":"https:\/\/mnlr.ro\/en\/evocare-george-almosnino\/","title":{"rendered":"Evocare George Almosnino"},"content":{"rendered":"<p><strong>Muzeul Na\u021bional al Literaturii Rom\u00e2ne v\u0103 invit\u0103 la evocarea poetului George Almosnino ce va avea loc vineri, 19 ianuarie 2018, ora 17.00, la sediul din Str. Nicolae Cre\u021bulescu nr. 8 (\u00een spatele Bisericii Albe). Printre cei care vor veni s\u0103 evoce personalitatea acestuia se num\u0103r\u0103 Gabriela Adame\u0219teanu, Constantin Ab\u0103lu\u021b\u0103, Eugen Negrici, Nicolae Prelipceanu, Ion Bogdan Lefter, Valeriu Mircea Popa, dar \u0219i so\u021bia poetului, Nora Iuga, fiul acestora, Tiberiu Almosnino, \u0219i scriitoarea Angela Baciu.<\/strong><\/p>\n<p><strong>GEORGE ALMOSNINO<\/strong>, poet de expresie neomodernist\u0103 cu o personalitate aparte, s-a n\u0103scut la 17 iulie 1936, la Bucure\u0219ti, a absolvit Facultatea de Istorie, a practicat diverse meserii, a publicat rar \u00een presa literar\u0103, dar la \u201eCartea Rom\u00e2neasc\u0103\u201d, datorit\u0103 lui Florin Mugur i-au ap\u0103rut patru c\u0103r\u021bi de poezie \u00een circa un deceniu (1971-1982). A murit la 24 noiembrie 1994.<\/p>\n<p>\u00cen 1999, a ap\u0103rut o antologie, \u00een colec\u021bia \u201eScriitori rom\u00e2ni\u201d, cu poeme de George Almosnino. Crea\u021bii ale sale au fost traduse la Viena, Luxemburg, Basel. I-au fost prieteni \u0219i au scris despre el Florin Mugur, Constantin Ab\u0103lu\u021b\u0103, Miron Radu Paraschivescu, Dinu Fl\u0103m\u00e2nd, Gh. Grigurcu, Alex. \u0218tef\u0103nescu, iar, postum, l-au \u201ecultivat\u201d Aura Christi, Octavian Soviany, Mariana Marin, Daniel B\u0103nulescu, Valeriu Mircea Popa, unii dintre ei revendic\u00e2ndu-se de la poezia \u201edomnului Nino\u201d, cum i se spunea \u00een cercul intim de prieteni.<\/p>\n<p>\u201e<em>Pentru a-\u0219i p\u0103stra memoria \u0219i identitatea, poezia rom\u00e2neasc\u0103 contemporan\u0103 a avut nevoie de um\u0103rul stabil \u0219i puternic al seniorilor discre\u021biei. George Almosnino a fost \u0219i este unul dintre ei<\/em>\u201d, scria despre poet Mariana Marin.<\/p>\n<p>\u201e<em>O personalitate poetic\u0103\u00a0 de penumbr\u0103<\/em>\u201d, cum \u00eel descria \u0219i criticul Marian Victor Buciu \u00een Contemporanul, George Almosnino a\u00a0 trecut prin \u201e\u0219coala oniricilor\u201d, iar poezia \u0219i proza sa aveau ceva crepuscular, fantastic \u0219i pregnant. Existen\u021bialist solitar, poetul a str\u0103b\u0103tut o carier\u0103 f\u0103r\u0103 mult\u0103 g\u0103l\u0103gie, a participat la cenacluri \u0219i festivaluri. Era original, neancorat niciunui curent modern, dar nici \u201erealismului socialist\u201d, at\u00e2t de d\u0103un\u0103tor evolu\u021biei multor scriitori.<\/p>\n<p>\u201e<em>So\u021bul meu, George Almosnino, spre marea mea bucurie, era \u0219i poet, \u0219i \u00eenc\u0103 unul de factura poeziei mele. Mai precis, era un poet rafinat \u0219i de o mare subtilitate, exact poetul care \u00eemi pl\u0103cea nu doar ca om. Admiram foarte mult la el amprenta de artist \u00een tot ce f\u0103cea \u0219i mai ales \u00een ce scria. Ne-am iubit foarte mult \u0219i am fost \u00eengrozitor de s\u0103raci, de o s\u0103r\u0103cie cumplit\u0103<\/em>\u201d, scria Nora Iuga, so\u021bia poetului.<\/p>\n<p>Evocarea ce va avea loc la Muzeul Na\u021bional al Literaturii Rom\u00e2ne este un gest de pietate, de reconstruc\u021bie dac\u0103 vre\u021bi a unei personalit\u0103\u021bi a poeziei noastre de odinioar\u0103.<\/p>\n<p>Intrarea este liber\u0103, \u00een limita locurilor disponibile.<\/p>\n<p>V\u0103 a\u0219tept\u0103m cu drag!<\/p>","protected":false},"excerpt":{"rendered":"<p>Muzeul Na\u021bional al Literaturii Rom\u00e2ne v\u0103 invit\u0103 la evocarea poetului George Almosnino ce va avea loc vineri, 19 ianuarie 2018,&#8230;<\/p>","protected":false},"author":1,"featured_media":4008,"comment_status":"closed","ping_status":"closed","sticky":false,"template":"","format":"standard","meta":{"_exactmetrics_skip_tracking":false,"_exactmetrics_sitenote_active":false,"_exactmetrics_sitenote_note":"","_exactmetrics_sitenote_category":0,"footnotes":""},"categories":[9],"tags":[],"class_list":["post-4007","post","type-post","status-publish","format-standard","has-post-thumbnail","hentry","category-evenimente"],"_links":{"self":[{"href":"https:\/\/mnlr.ro\/en\/wp-json\/wp\/v2\/posts\/4007","targetHints":{"allow":["GET"]}}],"collection":[{"href":"https:\/\/mnlr.ro\/en\/wp-json\/wp\/v2\/posts"}],"about":[{"href":"https:\/\/mnlr.ro\/en\/wp-json\/wp\/v2\/types\/post"}],"author":[{"embeddable":true,"href":"https:\/\/mnlr.ro\/en\/wp-json\/wp\/v2\/users\/1"}],"replies":[{"embeddable":true,"href":"https:\/\/mnlr.ro\/en\/wp-json\/wp\/v2\/comments?post=4007"}],"version-history":[{"count":3,"href":"https:\/\/mnlr.ro\/en\/wp-json\/wp\/v2\/posts\/4007\/revisions"}],"predecessor-version":[{"id":4023,"href":"https:\/\/mnlr.ro\/en\/wp-json\/wp\/v2\/posts\/4007\/revisions\/4023"}],"wp:featuredmedia":[{"embeddable":true,"href":"https:\/\/mnlr.ro\/en\/wp-json\/wp\/v2\/media\/4008"}],"wp:attachment":[{"href":"https:\/\/mnlr.ro\/en\/wp-json\/wp\/v2\/media?parent=4007"}],"wp:term":[{"taxonomy":"category","embeddable":true,"href":"https:\/\/mnlr.ro\/en\/wp-json\/wp\/v2\/categories?post=4007"},{"taxonomy":"post_tag","embeddable":true,"href":"https:\/\/mnlr.ro\/en\/wp-json\/wp\/v2\/tags?post=4007"}],"curies":[{"name":"wp","href":"https:\/\/api.w.org\/{rel}","templated":true}]}}