{"id":4380,"date":"2018-02-14T14:55:07","date_gmt":"2018-02-14T12:55:07","guid":{"rendered":"http:\/\/mnlr.ro\/?p=4380"},"modified":"2018-02-14T14:58:38","modified_gmt":"2018-02-14T12:58:38","slug":"pentru-familii-si-scoli-dadece-literatura-muzeu","status":"publish","type":"post","link":"https:\/\/mnlr.ro\/en\/pentru-familii-si-scoli-dadece-literatura-muzeu\/","title":{"rendered":"Pentru familii \u0219i \u0219coli: Da\u2019DeCe are literatura muzeu?"},"content":{"rendered":"<p><strong><em>Dac\u0103 ai fi carte, cine ai fi?, Ce leg\u0103tur\u0103 exist\u0103 \u00eentre Gulliver \u0219i c\u0103r\u021bile din Muzeul Literaturii ROM\u00c2NE?, Expresii vechi la timpuri noi, Care este leg\u0103tura \u00eentre cuvintele vechi \u0219i hainele mici<\/em>? Acestea sunt unele dintre provoc\u0103rile pe care le lans\u0103m copiilor \u00eentr-o expozi\u021bie pe care dac\u0103 nu o \u0219ti\u021bi, e musai s-o descoperi\u021bi, iar dac\u0103 a\u021bi vizitat-o, o ve\u021bi descoperi cu noi \u00eentr-un mod diferit \u0219i mai atractiv.<\/strong><\/p>\n<p><em>Asocia\u021bia Da\u2019DeCe<\/em> \u00eempreun\u0103 cu <em>THE NATIONAL MUSEUM OF ROMANIAN LITERATURE<\/em> anun\u021b\u0103 un parteneriat consistent, public-privat, \u00een beneficiul publicului, pe parcursul anului 2018. \u00cen perioada februarie-decembrie se vor organiza vizite interactive \u0219i ateliere cu <strong>copii \u00eentre 6 \u0219i 12 ani veni\u021bi cu familia sau cu \u0219coala<\/strong> \u00een <strong>expozi\u021bia permanent\u0103<\/strong> a Muzeului din str. Nicolae Cre\u021bulescu, nr. 8 (\u00een spatele Bisericii Albe de pe Calea Victoriei). Programele de educa\u021bie muzeal\u0103 pornesc de la teme preferate de copii \u0219i constau \u00eentr-o <strong>vizit\u0103 activ\u0103<\/strong> \u0219i un <strong>atelier<\/strong> care dureaz\u0103 <strong>\u00eempreun\u0103 \u00eentre o or\u0103 \u0219i jum\u0103tate \u0219i dou\u0103<\/strong>, \u00een func\u021bie de v\u00e2rsta copiilor.<\/p>\n<p>\u00cen timpul vizitei vom lansa provoc\u0103rile de mai sus, sub form\u0103 de jocuri \u0219i discu\u021bii, iar La partea practic\u0103 a atelierului, copiii vor lucra \u00een diverse tehnici \u00een func\u021bie de v\u00e2rsta acestora: crearea unei pove\u0219ti inspirate de obiectele din muzeu \u0219i ilustrat\u0103 sau sub form\u0103 de band\u0103 desenat\u0103 (6-8 ani), realizarea de pictopoezii sau poezii \u00een stilul lui Gellu Naum, dup\u0103 poemul numit &#8222;Nigredo&#8221;(8-12 ani).<\/p>\n<p>Unul dintre principiile pe care le folosim este stimularea tuturor tipurilor de inteligen\u021b\u0103 prin jocuri diverse \u0219i abord\u0103ri care s\u0103-i atrag\u0103 pe to\u021bi copiii. \u00cen afar\u0103 de inteligen\u021ba lingvistic\u0103, cea care se simte acas\u0103 \u00een acest muzeu \u0219i face cas\u0103 bun\u0103 \u0219i cu educa\u021bia muzeal\u0103, se vor folosi scheme logice pentru cei care rezoneaz\u0103 cu aceast\u0103 muz\u0103 a ra\u021biunii (\u0219tia\u021bi c\u0103 exist\u0103 arborele genealogic a limbilor?), cei mai dinamici dintre copii vor avea de c\u0103utat diferite indicii \u00een ungherele muzeului \u0219i tot a\u0219a.<\/p>\n<p><strong>Programele pentru familii cu copii de 6-12 ani se desf\u0103\u0219oar\u0103 \u00een dimine\u021bile de s\u00e2mb\u0103t\u0103 \u0219i duminic\u0103<\/strong>, iar cele adresate <strong>gr\u0103dini\u021belor \u0219i claselor 0-VI<\/strong>, se deruleaz\u0103 <strong>de mar\u021bi p\u00e2n\u0103 vineri<\/strong>, ambele, <strong>numai pe baz\u0103 de programare (\u0219i confirmare din partea organizatorilor)<\/strong>.<\/p>\n<p><strong>Datele de desf\u0103\u0219urare a programelor pentru familii (cu \u00eenscriere individual\u0103 \u00eencep\u00e2nd cu lunea din s\u0103pt\u0103m\u00e2na c\u00e2nd se desf\u0103\u0219oar\u0103 programul):<\/strong><\/p>\n<p><strong>17 februarie, ora 11.00<\/strong>-program educativ adresat familiilor cu copii de la 6 la 8 ani;<\/p>\n<p><strong>18 februarie, ora 11.00<\/strong>\u2013program educativ adresat familiilor cu copii de la 8 la 10 ani;<\/p>\n<p><strong>24 februarie, ora 11.00<\/strong>-program educativ adresat familiilor cu copii de la 10 la 12 ani;<\/p>\n<p><strong>25 februarie, ora 11.00<\/strong>\u2013program educativ adresat familiilor cu copii de la 6 la 8 ani.<\/p>\n<p><strong>Pe scurt:<\/strong><\/p>\n<p>&#8211; Programele sunt g\u00e2ndite \u0219i propuse de categorii de v\u00e2rst\u0103 pentru ca interesele s\u0103 fie comune celor din grup (urm\u0103ri\u021bi programarea pe v\u00e2rste a\u0219adar!);<\/p>\n<p>&#8211; Clasele se vor \u00eent\u00e2lni cu informa\u021bii de la \u0219coal\u0103 (din curricul\u0103 adic\u0103) pe principiul c\u0103 e mai bine s\u0103-\u021bi desf\u0103\u0219ori ora de limba rom\u00e2n\u0103, comunicare sau oricare alta, la muzeu, nu \u00een clas\u0103 (dac\u0103 \u0218coala altfel se desf\u0103\u0219oar\u0103 \u00een aceast\u0103 perioad\u0103, profita\u021bi!);<\/p>\n<p>&#8211; Datele disponibile pentru programele cu \u0219coli sunt urm\u0103toarele: 20, 21, 22, 23, 27, 28 februarie \u0219i 1,2, 6-9, 13-16, 20-23, 27-30 martie.<\/p>\n<p>&#8211; \u00censcrierea la ambele tipuri de programe se face la adresa <a href=\"mailto:programari@asociatiadadece.ro\">programari@asociatiadadece.ro<\/a> \u0219i <strong>necesit\u0103 confirmarea de c\u0103tre organizatori<\/strong>;<\/p>\n<p>&#8211; La programele pentru familii \u00eenscrierea se face \u00eencep\u00e2nd cu <strong>lunea din s\u0103pt\u0103m\u00e2na \u00een care se desf\u0103\u0219oar\u0103 programul;<\/strong><\/p>\n<p>&#8211; La programele cu \u0219colile, program\u0103rile se fac din timp, \u00een ordinea solicit\u0103rilor;<\/p>\n<p>&#8211; Taxa de participare const\u0103 \u00een achitarea <strong>biletului de acces<\/strong> \u00een Muzeu care este 5 lei\/ adult \u0219i 2 lei\/ copil. Acest beneficiu este rezultatul parteneriatului dintr-o institu\u021bie public\u0103 de cultur\u0103 \u0219i un ONG de educa\u021bie cultural\u0103.<\/p>\n<p>***<\/p>\n<p>Asocia\u021bia DaDeCe reinventeaz\u0103 \u0219i adapteaz\u0103 conceptul de Muzeul al Copilului, prin expozi\u021bii tematice itinerate \u00een zone \u0219i comunit\u0103\u021bi diverse. Muzeul DaDeCe este locul unde patrimoniul \u0219i artele contemporane dau na\u0219tere la noi idei, \u00eentreb\u0103ri \u0219i emo\u021bii.\u00a0Este locul \u00een care copiii se implic\u0103 ca persoane creative \u0219i curioase, adopt\u0103 atitudini \u0219i valori noi \u0219i responsabile fa\u021b\u0103 de patrimoniu \u0219i exploreaz\u0103 forme inedite ale artelor contemporane, ca parte dintr-o comunitate con\u0219tient\u0103 de sine \u0219i de valorile acesteia. Valorile culturale clasice sau contemporane devin prin joac\u0103 dovada creativit\u0103\u021bii \u0219i inspira\u021biei copiilor \u0219i adolescen\u021bilor folosind mijloace digitale, naturale, de co-crea\u021bie, poveste, implicare, contact direct cu patrimoniul \u0219i \u00eent\u00e2lnirea cu arti\u0219tii.<\/p>\n<p>Evenimentele sunt organizate de Prim\u0103ria Municipiului Bucure\u0219ti prin Muzeul Na\u021bional al Literaturii Rom\u00e2ne.<\/p>\n<p>Parteneri media:\u00a0RFI, Radio Rom\u00e2nia Cultural, Radio Rom\u00e2nia Actualit\u0103\u021bi, TV City, Observator Cultural, Cultura, Contemporanul, Agen\u0163ia deCarte.ro, publica\u021bia on-line Iqool, Zeppelin, Roata Mare, Agenda cultural\u0103 pentru copii, C\u0103rture\u0219ti.<\/p>","protected":false},"excerpt":{"rendered":"<p>Dac\u0103 ai fi carte, cine ai fi?, Ce leg\u0103tur\u0103 exist\u0103 \u00eentre Gulliver \u0219i c\u0103r\u021bile din Muzeul Literaturii ROM\u00c2NE?, Expresii vechi&#8230;<\/p>","protected":false},"author":1,"featured_media":4381,"comment_status":"closed","ping_status":"closed","sticky":false,"template":"","format":"standard","meta":{"_exactmetrics_skip_tracking":false,"_exactmetrics_sitenote_active":false,"_exactmetrics_sitenote_note":"","_exactmetrics_sitenote_category":0,"footnotes":""},"categories":[9],"tags":[],"class_list":["post-4380","post","type-post","status-publish","format-standard","has-post-thumbnail","hentry","category-evenimente"],"_links":{"self":[{"href":"https:\/\/mnlr.ro\/en\/wp-json\/wp\/v2\/posts\/4380","targetHints":{"allow":["GET"]}}],"collection":[{"href":"https:\/\/mnlr.ro\/en\/wp-json\/wp\/v2\/posts"}],"about":[{"href":"https:\/\/mnlr.ro\/en\/wp-json\/wp\/v2\/types\/post"}],"author":[{"embeddable":true,"href":"https:\/\/mnlr.ro\/en\/wp-json\/wp\/v2\/users\/1"}],"replies":[{"embeddable":true,"href":"https:\/\/mnlr.ro\/en\/wp-json\/wp\/v2\/comments?post=4380"}],"version-history":[{"count":4,"href":"https:\/\/mnlr.ro\/en\/wp-json\/wp\/v2\/posts\/4380\/revisions"}],"predecessor-version":[{"id":4385,"href":"https:\/\/mnlr.ro\/en\/wp-json\/wp\/v2\/posts\/4380\/revisions\/4385"}],"wp:featuredmedia":[{"embeddable":true,"href":"https:\/\/mnlr.ro\/en\/wp-json\/wp\/v2\/media\/4381"}],"wp:attachment":[{"href":"https:\/\/mnlr.ro\/en\/wp-json\/wp\/v2\/media?parent=4380"}],"wp:term":[{"taxonomy":"category","embeddable":true,"href":"https:\/\/mnlr.ro\/en\/wp-json\/wp\/v2\/categories?post=4380"},{"taxonomy":"post_tag","embeddable":true,"href":"https:\/\/mnlr.ro\/en\/wp-json\/wp\/v2\/tags?post=4380"}],"curies":[{"name":"wp","href":"https:\/\/api.w.org\/{rel}","templated":true}]}}