{"id":4448,"date":"2018-02-22T11:16:27","date_gmt":"2018-02-22T09:16:27","guid":{"rendered":"http:\/\/mnlr.ro\/?p=4448"},"modified":"2018-02-22T11:16:27","modified_gmt":"2018-02-22T09:16:27","slug":"ateliere-si-vizite-pentru-copii-la-casele-memoriale-ale-mnlr-2","status":"publish","type":"post","link":"https:\/\/mnlr.ro\/en\/ateliere-si-vizite-pentru-copii-la-casele-memoriale-ale-mnlr-2\/","title":{"rendered":"Ateliere \u0219i vizite pentru copii la Casele Memoriale ale MNLR"},"content":{"rendered":"<p><strong>S\u00e2mb\u0103t\u0103, 24 februarie 2018, ora 12.00, la Casa Memorial\u0103 \u201eTudor Arghezi &#8211;\u00a0<a href=\"https:\/\/maps.google.com\/?q=M%C4%83r%C8%9Bi%C8%99or%E2%80%9D+(Str.+M%C4%83r%C8%9Bi%C8%99or+26&amp;entry=gmail&amp;source=g\">M\u0103r\u021bi\u0219or\u201d (Str. M\u0103r\u021bi\u0219or 26<\/a>) invit\u0103m copiii cu v\u00e2rste de 6-10 ani la prima \u0219edin\u021b\u0103 din cadrul modulului \u201eAnimale \u0219i creaturi fantastice \u00een art\u0103\u201d.<\/strong><\/p>\n<p>O \u00eent\u00e2lnire inedit\u0103 cu Zdrean\u021b\u0103, cel mai iubit c\u00e2ine din literatura rom\u00e2n\u0103, dar \u0219i un pretext de a descoperi \u0219i al\u021bi c\u00e2ini simpatici din istoria artei (Thomas Gainsborough, David Hockney).<\/p>\n<p>Ne punem \u00eentreb\u0103rile: Ce rol au animalele de companie \u00een via\u021ba noastr\u0103? Ce animale de companie cunoa\u0219tem? De ce ne dorim animale de companie? Ce \u0219tim despre Zdrean\u021b\u0103, un c\u00e2ine at\u00e2t de iubit de familia Arghezi? Cum putem schi\u021ba portretul unui animal?<\/p>\n<p>Tehnic\u0103\/atelier practic: Folosind imaginile prezentate, vom desena un animal de companie. Urm\u0103rim detaliile fe\u021bei, expresia ei, surprindem ipostaze diferite.<br \/>\n______________<\/p>\n<p>Programul desf\u0103\u0219ur\u0103rii atelierelor din cadrul Modulului III:<br \/>\n&#8211; Casa Memorial\u0103 \u201eTudor Arghezi &#8211;\u00a0<a href=\"https:\/\/maps.google.com\/?q=M%C4%83r%C8%9Bi%C8%99or%E2%80%9D+(Str.+M%C4%83r%C8%9Bi%C8%99or+26&amp;entry=gmail&amp;source=g\">M\u0103r\u021bi\u0219or\u201d (Str. M\u0103r\u021bi\u0219or 26<\/a>), \u0219edin\u021ba 1, s\u00e2mb\u0103t\u0103, 24 februarie 2018, ora 12.00;<br \/>\n&#8211; Casa Memorial\u0103 \u201eGeorge \u0219i Agatha\u00a0<a href=\"https:\/\/maps.google.com\/?q=Bacovia%E2%80%9D+(Str.+George+Bacovia+63&amp;entry=gmail&amp;source=g\">Bacovia\u201d (Str. George Bacovia 63<\/a>), \u0219edin\u021ba 2, s\u00e2mb\u0103t\u0103, 3 martie 2018, ora 11.00;<br \/>\n&#8211; Casa Memorial\u0103 \u201eTudor Arghezi &#8211;\u00a0<a href=\"https:\/\/maps.google.com\/?q=M%C4%83r%C8%9Bi%C8%99or%E2%80%9D+(Str.+M%C4%83r%C8%9Bi%C8%99or+26&amp;entry=gmail&amp;source=g\">M\u0103r\u021bi\u0219or\u201d (Str. M\u0103r\u021bi\u0219or 26<\/a>), \u0219edin\u021ba 3, s\u00e2mb\u0103t\u0103, 10 martie 2018, ora 11.00;<br \/>\n&#8211; Casa Memorial\u0103 \u201eIon Minulescu \u0219i Claudia Millian\u201d \/ Casa Memorial\u0103 \u201eLiviu \u0219i Fanny Liviu Rebreanu\u201d (str. Gheorghe Marinescu 19), \u0219edin\u021ba 4, s\u00e2mb\u0103t\u0103, 17 martie 2018, ora 11.00.<\/p>\n<p>&#8211; \u00censcrierea la atelier se face exclusiv la adresa de e-mail:\u00a0<a href=\"mailto:andreea.draghicescu.proiecte@gmail.com\" target=\"_blank\" rel=\"noopener noreferrer\">andreea.draghicescu.proiecte@<wbr \/>gmail.com<\/a>, \u00een limita locurilor disponibile (max. 15 participan\u021bi\/\u0219edin\u021b\u0103 atelier);<br \/>\n&#8211; Copiii pot fi \u00eenscri\u0219i fie la toate cele patru \u0219edin\u021be organizate \u00een cadrul unui modul, fie la una\/mai multe dintre ele;<br \/>\n&#8211; La programele permanente pentru familii, cu program fix, anun\u021bate de noi, \u00eenscrierea se face \u00eencep\u00e2nd cu mar\u021bea din s\u0103pt\u0103m\u00e2na \u00een care se desf\u0103\u0219oar\u0103 programul, iar orice modificare \u00een programul dvs., v\u0103 rug\u0103m s\u0103 fie semnalat\u0103 din timp, pentru a oferi publicului nostru posibilitatea particip\u0103rii;<br \/>\n&#8211; La programele pentru \u0219coli, program\u0103rile se fac din timp, cu cel pu\u021bin dou\u0103 s\u0103pt\u0103m\u00e2ni \u00eenainte fa\u021b\u0103 de data solicitat\u0103 pentru desf\u0103\u0219urarea atelierelor;<br \/>\n&#8211; Taxa de participare const\u0103 \u00een achitarea biletului de atelier de 5 lei\/participant \u0219i a biletului de vizitare a casei de 2 lei\/ copil \u0219i 4 lei\/p\u0103rinte.<br \/>\n________________<\/p>\n<p>Atelierele organizate de MNLR \u0219i Artcrowd la Casele Memoriale ale MNLR vor fi organizate pe parcursul a 12 module lunare \u0219i vor porni de la o tem\u0103 general\u0103 anun\u021bat\u0103 la \u00eenceputul fiec\u0103rui modul, urm\u00e2nd a fi inspirate de c\u00e2te un obiect de patrimoniu din toate cele patru case memoriale, precum \u0219i de informa\u021bii despre vie\u021bile celor patru scriitori ale c\u0103ror case le vom descoperi \u00eempreun\u0103 (Tudor Arghezi, George Bacovia, Ion Minulescu, Liviu Rebreanu). Ele se vor adresa publicului \u00eentre 3-18 ani, fiecare atelier urm\u00e2nd a fi personalizat \u00een func\u021bie de v\u00e2rst\u0103, \u0219i vor con\u021bine exerci\u021bii \u0219i sub-teme adaptate v\u00e2rstelor participan\u021bilor.<\/p>\n<p>Scopul atelierelor este de a dezvolta g\u00e2ndirea critic\u0103 &#8211; prin observarea, analizarea \u0219i compararea obiectelor \u0219i imaginilor, g\u00e2ndirea creativ\u0103 (prin g\u0103sirea unor solu\u021bii variate pentru o tem\u0103 dat\u0103) \u0219i abilitatea de a lucra \u00een echip\u0103, prin intermediul exerci\u021biilor de colaborare. Contribuim astfel la formarea publicului t\u00e2n\u0103r \u0219i la descoperirea \u0219i promovarea patrimoniului cultural al Caselor Memoriale ale MNLR, oferind acces la educa\u021bie non-formal\u0103 \u0219i la cunoa\u0219terea alternativ\u0103 a istoriei literaturii \u0219i artelor.<\/p>","protected":false},"excerpt":{"rendered":"<p>S\u00e2mb\u0103t\u0103, 24 februarie 2018, ora 12.00, la Casa Memorial\u0103 \u201eTudor Arghezi &#8211;\u00a0M\u0103r\u021bi\u0219or\u201d (Str. M\u0103r\u021bi\u0219or 26) invit\u0103m copiii cu v\u00e2rste de&#8230;<\/p>","protected":false},"author":1,"featured_media":4449,"comment_status":"closed","ping_status":"closed","sticky":false,"template":"","format":"standard","meta":{"_exactmetrics_skip_tracking":false,"_exactmetrics_sitenote_active":false,"_exactmetrics_sitenote_note":"","_exactmetrics_sitenote_category":0,"footnotes":""},"categories":[9],"tags":[],"class_list":["post-4448","post","type-post","status-publish","format-standard","has-post-thumbnail","hentry","category-evenimente"],"_links":{"self":[{"href":"https:\/\/mnlr.ro\/en\/wp-json\/wp\/v2\/posts\/4448","targetHints":{"allow":["GET"]}}],"collection":[{"href":"https:\/\/mnlr.ro\/en\/wp-json\/wp\/v2\/posts"}],"about":[{"href":"https:\/\/mnlr.ro\/en\/wp-json\/wp\/v2\/types\/post"}],"author":[{"embeddable":true,"href":"https:\/\/mnlr.ro\/en\/wp-json\/wp\/v2\/users\/1"}],"replies":[{"embeddable":true,"href":"https:\/\/mnlr.ro\/en\/wp-json\/wp\/v2\/comments?post=4448"}],"version-history":[{"count":1,"href":"https:\/\/mnlr.ro\/en\/wp-json\/wp\/v2\/posts\/4448\/revisions"}],"predecessor-version":[{"id":4450,"href":"https:\/\/mnlr.ro\/en\/wp-json\/wp\/v2\/posts\/4448\/revisions\/4450"}],"wp:featuredmedia":[{"embeddable":true,"href":"https:\/\/mnlr.ro\/en\/wp-json\/wp\/v2\/media\/4449"}],"wp:attachment":[{"href":"https:\/\/mnlr.ro\/en\/wp-json\/wp\/v2\/media?parent=4448"}],"wp:term":[{"taxonomy":"category","embeddable":true,"href":"https:\/\/mnlr.ro\/en\/wp-json\/wp\/v2\/categories?post=4448"},{"taxonomy":"post_tag","embeddable":true,"href":"https:\/\/mnlr.ro\/en\/wp-json\/wp\/v2\/tags?post=4448"}],"curies":[{"name":"wp","href":"https:\/\/api.w.org\/{rel}","templated":true}]}}