{"id":4462,"date":"2018-02-22T15:02:20","date_gmt":"2018-02-22T13:02:20","guid":{"rendered":"http:\/\/mnlr.ro\/?p=4462"},"modified":"2018-03-14T11:32:19","modified_gmt":"2018-03-14T09:32:19","slug":"fugato-labile-camille-claudel","status":"publish","type":"post","link":"https:\/\/mnlr.ro\/en\/fugato-labile-camille-claudel\/","title":{"rendered":"\u201eFugato labile: Camille Claudel\u201d"},"content":{"rendered":"<p><strong>\u00cen cadrul proiectului \u201eFemei celebre\u201d, Muzeul Na\u021bional al Literaturii Rom\u00e2ne v\u0103 prezint\u0103 un spectacol-eveniment cu piesa \u201eFugato labile: Camille Claudel\u201d, dup\u0103 textul \u201eFugato labile pour Camille Claudel\u201d de Georgette Garbes Putzel, miercuri, 7 martie 2018, ora 19.00, \u00een sediul din Str. Nicolae Cre\u021bulescu nr. 8 (\u00een spatele Bisericii Albe).<\/strong><\/p>\n<p>\u00cen distribu\u021bie: Liana Ceterchi, Teodora Toader, Cezara Munteanu. Regia: Liana Cetrechi. Coregrafia: Georgiana Dobre. Costume: Alina Nica Gurgu\u0163\u0103 \u2013 Elida Toma. Efecte video, sunet, lumin\u0103: Luca Achim.<\/p>\n<p>\u201eFugato labile: Camille Claudel\u201d este povestea dragostei, a artei \u0219i a provoc\u0103rii de a fi diferit. Camille Claudel a avut un destin remarcabil, at\u00e2t prin for\u021ba cu care a p\u0103truns \u0219i a reu\u0219it \u00een lumea artistic\u0103, c\u00e2t \u0219i prin tragismul care i-a marcat sf\u00e2r\u0219itul. Genial\u0103, inteligent\u0103, cultivat\u0103, de o frumuse\u021be izbitoare, Camille Claudel a adus sculptura \u00eentr-un punct \u00een care echilibrul sfida zborul. Camille Claudel a luptat cu fiecare NU al timpului ei, devenind ea \u00eens\u0103\u0219i un NU, refuz\u00e2nd s\u0103 mai lucreze, s\u0103 mai existe. A trebuit s\u0103 treac\u0103 aproape un secol pentru a i se recunoa\u0219te geniul. Camille este simbolul Artistului cu mult \u00eenaintea vremurilor lui, simbolul deschiz\u0103torului de drumuri. Piesa prezint\u0103 publicului rom\u00e2n o perspectiv\u0103 actual\u0103 asupra biografiei \u0219i crea\u021biei sculptori\u021bei, \u00eentr-o perioad\u0103 \u00een care opera ei este recuperat\u0103 la nivel interna\u021bional prin expozi\u021bii temporare \u0219i cataloage dedicate, evenimente care au culminat cu deschiderea unui muzeu \u00eenchinat lui Camille Claudel la Paris.<\/p>\n<p>Piesa Georgettei Garb\u00e8s Putzel \u00een\u015fir\u0103 bucurii \u015fi triste\u0163i, \u00eentr-o limb\u0103 de mare frumuse\u0163e \u015fi muzicalitate, text tradus de t\u00e2n\u0103ra scriitoare Edith Negulici. Camille s-a n\u0103scut la 8 decembrie 1864, \u00een minuscula a\u015fezare din F\u00e8re-en-Tardenois, \u00een celebra regiune medieval\u0103 numit\u0103 Hauts-de-France, \u00een zodia S\u0103get\u0103torului. A murit la 19 octombrie 1943, la Montdevergues, Avignon, \u00eentr-un ospiciu. Muzeul Na\u0163ional de Art\u0103 al Rom\u00e2niei de\u021bine dou\u0103 lucr\u0103ri ale artistei Camille Claudel: Sculptorul Rodin (gips patinat) \u015fi Tors de femeie (bronz), \u00een Sala de art\u0103 francez\u0103 din secolele XVIII-XIX, al\u0103turi de pictorii Claude Monet, Paul Signac, Alfred Sisley \u015fi de sculptorii Auguste Rodin \u015fi Antoine Bourdelle.<\/p>\n<p>\u201eFugato labile: Camille Claudel\u201d \u00eenseamn\u0103 revenirea pe scen\u0103 (ca actri\u021b\u0103) dup\u0103 20 de ani a Lianei Ceterchi \u0219i este un omagiu adus artistei Camille Claudel, femeie de geniu, elev\u0103, prieten\u0103 \u015fi iubit\u0103 a sculptorului Auguste Rodin, ale c\u0103rei lucr\u0103ri au dep\u0103\u0219it faima ilustrului s\u0103u profesor. \u201eE ca atunci c\u00e2nd re\u00eenve\u021bi s\u0103 mergi dup\u0103 ce ai stat cu picioarele \u00een ghips. Se refac mu\u0219chii \u0219i vrei s\u0103 mergi din ce \u00een ce mai bine, mai repede, vrei s\u0103 zbori. E ca \u00eent\u00e2lnirea cu un prieten drag, vechi \u0219i credincios, de care ai uitat, \u00eent\u00e2lnirea cu o parte din tine care \u021bi-a lipsit, dar nu \u0219tiai c\u0103-\u021bi lipse\u0219te. Afli abia acum\u201d, spune Liana Ceterchi, regizoarea spectacolului \u00een care cuv\u00e2ntul este expresiv precum gestul.<\/p>\n<p>Accesul la eveniment este gratuit \u0219i se face \u00een ordinea sosirii participan\u021bilor, \u00een limita locurilor disponibile, acest lucru realiz\u00e2ndu-se \u00eentre orele 18.30-19.00. Dup\u0103 \u00eenceperea spectacolului, accesul este interzis.<\/p>\n<p>V\u0103 a\u0219tept\u0103m cu drag!<\/p>","protected":false},"excerpt":{"rendered":"<p>\u00cen cadrul proiectului \u201eFemei celebre\u201d, Muzeul Na\u021bional al Literaturii Rom\u00e2ne v\u0103 prezint\u0103 un spectacol-eveniment cu piesa \u201eFugato labile: Camille Claudel\u201d,&#8230;<\/p>","protected":false},"author":1,"featured_media":4463,"comment_status":"closed","ping_status":"closed","sticky":false,"template":"","format":"standard","meta":{"_exactmetrics_skip_tracking":false,"_exactmetrics_sitenote_active":false,"_exactmetrics_sitenote_note":"","_exactmetrics_sitenote_category":0,"footnotes":""},"categories":[9],"tags":[],"class_list":["post-4462","post","type-post","status-publish","format-standard","has-post-thumbnail","hentry","category-evenimente"],"_links":{"self":[{"href":"https:\/\/mnlr.ro\/en\/wp-json\/wp\/v2\/posts\/4462","targetHints":{"allow":["GET"]}}],"collection":[{"href":"https:\/\/mnlr.ro\/en\/wp-json\/wp\/v2\/posts"}],"about":[{"href":"https:\/\/mnlr.ro\/en\/wp-json\/wp\/v2\/types\/post"}],"author":[{"embeddable":true,"href":"https:\/\/mnlr.ro\/en\/wp-json\/wp\/v2\/users\/1"}],"replies":[{"embeddable":true,"href":"https:\/\/mnlr.ro\/en\/wp-json\/wp\/v2\/comments?post=4462"}],"version-history":[{"count":1,"href":"https:\/\/mnlr.ro\/en\/wp-json\/wp\/v2\/posts\/4462\/revisions"}],"predecessor-version":[{"id":4464,"href":"https:\/\/mnlr.ro\/en\/wp-json\/wp\/v2\/posts\/4462\/revisions\/4464"}],"wp:featuredmedia":[{"embeddable":true,"href":"https:\/\/mnlr.ro\/en\/wp-json\/wp\/v2\/media\/4463"}],"wp:attachment":[{"href":"https:\/\/mnlr.ro\/en\/wp-json\/wp\/v2\/media?parent=4462"}],"wp:term":[{"taxonomy":"category","embeddable":true,"href":"https:\/\/mnlr.ro\/en\/wp-json\/wp\/v2\/categories?post=4462"},{"taxonomy":"post_tag","embeddable":true,"href":"https:\/\/mnlr.ro\/en\/wp-json\/wp\/v2\/tags?post=4462"}],"curies":[{"name":"wp","href":"https:\/\/api.w.org\/{rel}","templated":true}]}}