{"id":4716,"date":"2018-03-11T21:16:16","date_gmt":"2018-03-11T19:16:16","guid":{"rendered":"http:\/\/mnlr.ro\/?p=4716"},"modified":"2018-03-22T10:11:10","modified_gmt":"2018-03-22T08:11:10","slug":"poezia-este-vie-happening-sinestezic","status":"publish","type":"post","link":"https:\/\/mnlr.ro\/en\/poezia-este-vie-happening-sinestezic\/","title":{"rendered":"Poezia este vie. Happening sinestezic"},"content":{"rendered":"<p><strong>Muzeul Na\u021bional al Literaturii Rom\u00e2ne v\u0103 a\u0219teapt\u0103 la un eveniment menit s\u0103 demonstreze c\u0103 Poezia este vie. De echinoc\u021biu, momentul care marcheaz\u0103 \u00eenceputul prim\u0103verii astronomice, mar\u021bi, 20 martie, la ora 18.00, \u0219i \u00eenainte de Ziua Interna\u0163ional\u0103 a Poeziei, declarat\u0103 de UNESCO \u00eencep\u00e2nd din anul 1999 drept o recunoa\u015ftere a faptului c\u0103 oamenii de litere \u015fi de cultur\u0103, poe\u0163ii \u015fi scriitorii din \u00eentreaga lume \u015fi-au adus o contribu\u0163ie remarcabil\u0103 la \u00eembog\u0103\u0163irea culturii \u015fi spiritualit\u0103\u0163ii universale, \u00een Mansarda MNLR din Str. Nicolae Cre\u021bulescu, nr. 8 (\u00een spatele Bisericii Albe) va avea loc un happening sinestezic numit \u201ePoezia este vie\u201d la care particip\u0103 Oana Popa &#8211; recitare, Emy Dr\u0103goi &#8211; jazz acordeon \u0219i Mariana Pachis &#8211; sand art.<\/strong><\/p>\n<p>Evenimentul sus\u021bine stabilirea unui dialog \u00eentre poezie \u015fi restul artelor, dar \u015fi promovarea poeziei ca art\u0103 deschis\u0103 oamenilor. 100 de versuri esen\u021biale din lirica modern\u0103 rom\u00e2neasc\u0103, de la Tudor Arghezi \u0219i Lucian Blaga la Ana Blandiana, Ion Barbu, \u0218tefan Augustin Doina\u0219, Nina Cassian, Gelu Naum, Nicolae Labi\u0219, Nichita St\u0103nescu, Ion Minulescu, Adrian P\u0103unescu omagiaz\u0103 100 de ani de Rom\u00e2nie Modern\u0103.<\/p>\n<p>Oana Popa este ini\u021biatoarea \u0219i sus\u021bin\u0103toarea unor proiecte cultural-artistice destinate tinerelor genera\u021bii precum: \u0218coala de joac\u0103 (\u00een satul Piscu\/Ciolpani), Ziua iei pentru copii, desf\u0103\u0219urat\u0103 simultan \u00een 26 de \u021b\u0103ri, Caravana de joac\u0103, un maraton al jocurilor copil\u0103riei \u201egenera\u021biei cu cheia de g\u00e2t\u201d, cu participarea deopotriv\u0103 a copiilor \u0219i p\u0103rin\u021bilor, Tab\u0103ra de ol\u0103rit de la Piscu, Cu cartea \u00een fa\u021ba blocului (Festival de literatur\u0103 pentru copii).<\/p>\n<p>Mariana Pachis este regizor \u0219i scenograf. De numele ei se leag\u0103 evenimente importante Festivalul Callatis, DreamFest, Festivalul Filmului Ecologic, dar \u0219i produc\u021bii de televiziune ca \u201eDanutz srl\u201d, \u201eBravo Bravissimo\u201d \u2013 TVR1. Este artist \u00eenregistrat de Guinness Book (pentru activitate ne\u00eentrerupt\u0103 timp de 10 ore la &#8211; 6 grade) \u0219i inventator multiplu patentat. Dintre realiz\u0103rile ei \u00een domeniul teatrului\/film de anima\u021bie \u00een nisip \u00een timp real se num\u0103r\u0103: momentul artistic de la Vatican dedicat sanctific\u0103rii Papei Ioan Paul al II-lea, Spectacolul dedicat Centenarului Br\u00e2ncu\u0219i \u00een Madrid, Campania pentru sprijinirea mamelor aflate la lucru \u00een Italia \u00een comunicarea cu copiii r\u0103ma\u0219i \u00een Rom\u00e2nia.<\/p>\n<p>Emy Dr\u0103goi provine dintr-o familie de muzican\u021bi prahoveni. \u0218i-a dovedit geniul interpretativ de la 3 ani, c\u00e2nd a reprodus la un mini-acordeon, f\u0103r\u0103 nicio gre\u0219eal\u0103, piesa \u201eTrurli\u201d, pe care a auzit-o de la bunicul s\u0103u. Plecat la Paris la doar 20 ani, pentru un contract la cafe-teatru, devine \u201estudentul minune\u201d care-\u0219i \u00eentrece \u00eentr-un singur an profesorul de pian, la celebra Academie de jazz Bill Evens. Ajunge rapid s\u0103 c\u00e2nte pe scenele importante din Fran\u021ba \u0219i din lume. Primul album solo, \u201eBallade pour Claudia\u201d, editat de Soft Records, i-a adus titlul de \u201eArtistul Anului 2005 pentru jazz\u201d \u00een Fran\u021ba, iar albumul \u201eEthnofonia\u201d a fost distribuit \u00een 34 de \u021b\u0103ri. Revenit \u00een \u021bar\u0103, realizeaz\u0103 10 edi\u021bii ale Festivalului Interna\u021bional de acordeon (\u201eNop\u021bi albe de acordeon\u201d). \u00cen ultimii ani poate fi urm\u0103rit lunar pe scena TNB, unde realizeaz\u0103 coloana sonor\u0103 live a spectacolului \u201eMagic National\u201d al\u0103turi de trei genera\u021bii de muzicieni din familia sa.<\/p>\n<p>Intrarea este liber\u0103, \u00een limita locurilor disponibile. V\u0103 a\u0219tept\u0103m cu drag!<\/p>","protected":false},"excerpt":{"rendered":"<p>Muzeul Na\u021bional al Literaturii Rom\u00e2ne v\u0103 a\u0219teapt\u0103 la un eveniment menit s\u0103 demonstreze c\u0103 Poezia este vie. De echinoc\u021biu, momentul&#8230;<\/p>","protected":false},"author":1,"featured_media":4717,"comment_status":"closed","ping_status":"closed","sticky":false,"template":"","format":"standard","meta":{"_exactmetrics_skip_tracking":false,"_exactmetrics_sitenote_active":false,"_exactmetrics_sitenote_note":"","_exactmetrics_sitenote_category":0,"footnotes":""},"categories":[9],"tags":[],"class_list":["post-4716","post","type-post","status-publish","format-standard","has-post-thumbnail","hentry","category-evenimente"],"_links":{"self":[{"href":"https:\/\/mnlr.ro\/en\/wp-json\/wp\/v2\/posts\/4716","targetHints":{"allow":["GET"]}}],"collection":[{"href":"https:\/\/mnlr.ro\/en\/wp-json\/wp\/v2\/posts"}],"about":[{"href":"https:\/\/mnlr.ro\/en\/wp-json\/wp\/v2\/types\/post"}],"author":[{"embeddable":true,"href":"https:\/\/mnlr.ro\/en\/wp-json\/wp\/v2\/users\/1"}],"replies":[{"embeddable":true,"href":"https:\/\/mnlr.ro\/en\/wp-json\/wp\/v2\/comments?post=4716"}],"version-history":[{"count":1,"href":"https:\/\/mnlr.ro\/en\/wp-json\/wp\/v2\/posts\/4716\/revisions"}],"predecessor-version":[{"id":4718,"href":"https:\/\/mnlr.ro\/en\/wp-json\/wp\/v2\/posts\/4716\/revisions\/4718"}],"wp:featuredmedia":[{"embeddable":true,"href":"https:\/\/mnlr.ro\/en\/wp-json\/wp\/v2\/media\/4717"}],"wp:attachment":[{"href":"https:\/\/mnlr.ro\/en\/wp-json\/wp\/v2\/media?parent=4716"}],"wp:term":[{"taxonomy":"category","embeddable":true,"href":"https:\/\/mnlr.ro\/en\/wp-json\/wp\/v2\/categories?post=4716"},{"taxonomy":"post_tag","embeddable":true,"href":"https:\/\/mnlr.ro\/en\/wp-json\/wp\/v2\/tags?post=4716"}],"curies":[{"name":"wp","href":"https:\/\/api.w.org\/{rel}","templated":true}]}}