{"id":4722,"date":"2018-03-12T11:58:10","date_gmt":"2018-03-12T09:58:10","guid":{"rendered":"http:\/\/mnlr.ro\/?p=4722"},"modified":"2018-03-12T15:07:21","modified_gmt":"2018-03-12T13:07:21","slug":"audiopovesteamuzeului","status":"publish","type":"post","link":"https:\/\/mnlr.ro\/en\/audiopovesteamuzeului\/","title":{"rendered":"#AudioPovesteaMuzeului"},"content":{"rendered":"<p>Vrei ca preferin\u021bele tale s\u0103 devin\u0103 poveste? Vrei ca ceea ce-\u021bi dore\u0219ti \u00eentr-un muzeu s\u0103 se transforme \u00eentr-o bucurie \u0219i pentru ceilal\u021bi? Dac\u0103 da, vino la o \u00eent\u00e2lnire cu echipele Da\u2019DeCe \u0219i Muzeul Literaturii \u0219i spune-ne\/ arat\u0103-ne\/ inventeaz\u0103 ce ai vrea s\u0103 auzi \u00een timpul unui audioghidaj (vizita aceea cu c\u0103\u0219ti la urechi de unde \u021bi se susur\u0103 ceva \u00een plus, frumos \u0219i valoros, despre ceea ce vizitezi). P\u0103rerile tale vor fi apoi transformate de muzeografi, educatori muzeali \u0219i un dramaturg, \u00eentr-o poveste numai bun\u0103 de spus la urechile celor de v\u00e2rsta ta, \u00een timp ce viziteaz\u0103 muzeul. Adapt\u0103m astfel muzeul la un public foarte t\u00e2n\u0103r, creativ \u0219i curios!<\/p>\n<p><strong>Atelierele au loc astfel:<\/strong><\/p>\n<p><strong>&#8211; miercuri, 21 martie ora 13.00 \u2013 14.30 (pentru copii de 6-12 ani)<\/strong><\/p>\n<p><strong>&#8211; s\u00e2mb\u0103t\u0103, 24 martie, ora 10.30-12.30 (pentru tineri de 14-20 de ani)<\/strong><\/p>\n<p>\u00censcrierile se fac folosind formularul din dreapta paginii acesteia: <a href=\"http:\/\/www.asociatiadadece.ro\/program\/audiopovesteamuzeului\">http:\/\/www.asociatiadadece.ro\/program\/audiopovesteamuzeului<\/a> \u00a0sau la email <a href=\"mailto:programari@asociatiadadece.ro\">programari@asociatiadadece.ro<\/a><\/p>\n<p>Num\u0103rul participan\u021bilor este limitat, astfel \u00eenc\u00e2t numai primele \u00eenscrieri vor putea fi onorate. Participarea este gratuit\u0103 dar \u00eenscrierile trebuie s\u0103 fie ferme.<\/p>\n<p>***<\/p>\n<p>Ini\u021biativa face parte din proiectul <strong><em>#AudioPovesteaMuzeului <\/em><\/strong>realizat \u00een parteneriatul dintre Muzeul Literaturii Rom\u00e2ne \u0219i Asocia\u021bia Da\u2019DeCe care are drept scop dezvoltarea unui audioghidaj pentru dou\u0103 categoorii de public: copii de 6-12 ani \u0219i tineri de 14-20 de ani. Aceste texte vor fi realizate \u021bin\u00e2nd cont de 3 componente importante: nevoile\/ preferin\u021bele\/ \u00eentreb\u0103rile publicului (care vor fi identificate \u00een cadrul atelierelor de mai sus), informa\u021bia documentar\u0103 despre scriitorii, artefactele \u0219i contextul literar asociat expunerii muzeului (prin colaborarea dintre muzeografi \u0219i educatori culturali) \u0219i interven\u021bia unui dramaturg care va adapta con\u021binuturile anterioare \u00eentr-o poveste coerent\u0103, atractiv\u0103 \u0219i elocvent\u0103 pentru public.<\/p>\n<p>Rezultatul final va fi reprezentat de dou\u0103 ghidaje audio de tip <em>storytelling <\/em>pe care vizitatorii muzeului o vor asculta pe parcursul vizit\u0103rii muzeului, \u00eencep\u00e2nd cu sf\u00e2r\u0219itul acestui an.<\/p>","protected":false},"excerpt":{"rendered":"<p>Vrei ca preferin\u021bele tale s\u0103 devin\u0103 poveste? Vrei ca ceea ce-\u021bi dore\u0219ti \u00eentr-un muzeu s\u0103 se transforme \u00eentr-o bucurie \u0219i&#8230;<\/p>","protected":false},"author":1,"featured_media":4729,"comment_status":"closed","ping_status":"closed","sticky":false,"template":"","format":"standard","meta":{"_exactmetrics_skip_tracking":false,"_exactmetrics_sitenote_active":false,"_exactmetrics_sitenote_note":"","_exactmetrics_sitenote_category":0,"footnotes":""},"categories":[13,9],"tags":[],"class_list":["post-4722","post","type-post","status-publish","format-standard","has-post-thumbnail","hentry","category-anunturi","category-evenimente"],"_links":{"self":[{"href":"https:\/\/mnlr.ro\/en\/wp-json\/wp\/v2\/posts\/4722","targetHints":{"allow":["GET"]}}],"collection":[{"href":"https:\/\/mnlr.ro\/en\/wp-json\/wp\/v2\/posts"}],"about":[{"href":"https:\/\/mnlr.ro\/en\/wp-json\/wp\/v2\/types\/post"}],"author":[{"embeddable":true,"href":"https:\/\/mnlr.ro\/en\/wp-json\/wp\/v2\/users\/1"}],"replies":[{"embeddable":true,"href":"https:\/\/mnlr.ro\/en\/wp-json\/wp\/v2\/comments?post=4722"}],"version-history":[{"count":3,"href":"https:\/\/mnlr.ro\/en\/wp-json\/wp\/v2\/posts\/4722\/revisions"}],"predecessor-version":[{"id":4730,"href":"https:\/\/mnlr.ro\/en\/wp-json\/wp\/v2\/posts\/4722\/revisions\/4730"}],"wp:featuredmedia":[{"embeddable":true,"href":"https:\/\/mnlr.ro\/en\/wp-json\/wp\/v2\/media\/4729"}],"wp:attachment":[{"href":"https:\/\/mnlr.ro\/en\/wp-json\/wp\/v2\/media?parent=4722"}],"wp:term":[{"taxonomy":"category","embeddable":true,"href":"https:\/\/mnlr.ro\/en\/wp-json\/wp\/v2\/categories?post=4722"},{"taxonomy":"post_tag","embeddable":true,"href":"https:\/\/mnlr.ro\/en\/wp-json\/wp\/v2\/tags?post=4722"}],"curies":[{"name":"wp","href":"https:\/\/api.w.org\/{rel}","templated":true}]}}