{"id":4837,"date":"2018-03-19T14:57:59","date_gmt":"2018-03-19T12:57:59","guid":{"rendered":"http:\/\/mnlr.ro\/?p=4837"},"modified":"2018-03-30T11:44:03","modified_gmt":"2018-03-30T08:44:03","slug":"evocare-edgar-papu-25-de-ani-de-la-moarte","status":"publish","type":"post","link":"https:\/\/mnlr.ro\/en\/evocare-edgar-papu-25-de-ani-de-la-moarte\/","title":{"rendered":"Evocare Edgar Papu \u2013 25 de ani de la moarte"},"content":{"rendered":"<p><strong>La 30 martie se \u00eemplinesc 25 de ani de la moartea marelui c\u0103rturar rom\u00e2n Edgar Papu (1909 &#8211; 1993). Muzeul Na\u021bional al Literaturii Rom\u00e2ne omagiaz\u0103 personalitatea acestuia printr-un eveniment numit \u201e\u00centre sincronism \u0219i protocronism\u201d, la sediul din Str. Nicolae Cre\u021bulescu nr. 8 (\u00een spatele Bisericii Albe). Invita\u021bi sunt acad. Eugen Simion, prof. univ. dr. Mircea Martin, m. c. al Academiei Rom\u00e2ne, prof. univ. dr. Liviu Papadima, prorector al Univ. Bucure\u0219ti, prof. univ. dr. Carmen Mu\u0219at, conf. univ. dr. Paul Cernat, Valentin Ajder, director al Editurii Eikon, Vlad-Ion Pappu \u0219i dr. Aurel Vainer, pre\u0219edintele Federa\u021biei Comunit\u0103\u021bilor Evreie\u0219ti din Rom\u00e2nia.<\/strong><\/p>\n<p>Eseist \u0219i critic literar rom\u00e2n, profesor universitar, ales membru post-mortem al Academiei Rom\u00e2ne \u00een 2006, Edgar Papu este considerat unul dintre cei mai importan\u021bi comparati\u0219ti rom\u00e2ni postbelici, autorul unor studii de literatur\u0103 universal\u0103 \u0219i teorie literar\u0103 \u0219i \u201ep\u0103rintele protocronismului rom\u00e2nesc\u201d modern, dup\u0103 Hasdeu (\u201eEtymologicum magnum Romaniae\u201d) \u0219i Densu\u0219ianu (\u201eDacia preistoric\u0103\u201d). Protocronismul vine din gr. protos \u2013 primul \u0219i chronos \u2013 timp. Este \u201eun curent de idei care urm\u0103re\u0219te s\u0103 pun\u0103 \u00een valoare anticip\u0103rile creatoare pe plan universal \u00een domeniul culturii \u0219i civiliza\u021biei, pe care orice popor le poate revendica\u201d, \u201eo constatare de bun sim\u0163, o realitate cultural\u0103 prezent\u0103 \u00een oricare form\u0103 de comparatism care admite realitatea evolu\u0163iei paradigmelor culturale de-a lungul istoriei\u201d. Conform acestui curent, continuitatea rom\u00e2neasc\u0103 \u0219i cre\u0219tineasc\u0103 pe acest p\u0103m\u00e2nt a contribuit definitoriu \u0219i primordial la dezvoltarea civiliza\u021biei europene.<\/p>\n<p>Ultima carte a profesorului Edgar Papu, \u201eEminescu \u00eentr-o nou\u0103 viziune\u201d, la care a lucrat, aproape orb, p\u00e2n\u0103 \u00een cea din urm\u0103 clip\u0103 a vie\u021bii sale, a ap\u0103rut postum la Editura Princeps (Ia\u015fi, 2005), \u0219i a fost \u00eengrijit\u0103 de fiul s\u0103u, Vlad-Ion Pappu, cu o prefa\u0163\u0103 de Zoe Dumitrescu-Bu\u015fulenga \u2013 Maica Benedicta. Eminescu, despre care Edgar Papu afirma: \u201ePe plan na\u021bional, Eminescu se dovede\u0219te un exponent nedezmin\u021bit al p\u0103m\u00e2ntului nostru.\u201d<\/p>\n<p>Printre cursurile \u0163inute \u00een cei opt ani de carier\u0103 s-au eviden\u0163iat cel de \u201eIstoria literaturii latine\u201d, cel despre \u201eLirica italian\u0103 a Rena\u015fterii\u201d sau \u201eTeatrul clasic spaniol\u201d. Edgar Papu introduce la seminarii lectura pe roluri a operelor studiate, \u00eentr-un spectacol cvasi-teatral sus\u0163inut de c\u0103tre tineri actori, fapt ce i se va repro\u0219a \u00een denun\u021burile \u201ecolegiale\u201d.<\/p>\n<p>La 15 decembrie 1961 este arestat, fiind acuzat de \u201e\u00eenalt\u0103 tr\u0103dare\u201d \u0219i condamnat la opt ani de \u00eenchisoare. I se confisc\u0103 averea \u0219i face \u00eenchisoare la Bac\u0103u \u00een grajdurile din apropierea ora\u0219ului. Dup\u0103 eliberarea sa, \u00een 1964, duce o via\u021b\u0103 de om marginalizat, nemaifiind primit la Universitate sau \u00een vreun alt loc de munc\u0103, a\u015fa c\u0103 se vede nevoit s\u0103 accepte colabor\u0103ri f\u0103r\u0103 drept de semn\u0103tur\u0103. \u00cen asemenea condi\u021bii va lucra la traducerea \u201ebrut\u0103\u201d a \u201eInfernului\u201d din Divina Comedie. Tot \u00een regim de colaborare va mai \u0163ine un curs de \u201eTeoria artei\u201d la Institutul de Arte Frumoase sau de \u201eTeoria spectacolului\u201d la IATC \u015fi va conferen\u0163ia frecvent la Universitatea Popular\u0103 (Sala Dalles), p\u00e2n\u0103 \u00een 1988. Edgar Papu a fost supus unui adev\u0103rat lin\u0219aj pe termen lung, de cele mai multe ori cei care \u00eel executau fiind total lipsi\u021bi de orice cuno\u0219tin\u021b\u0103 asupra operei \u0219i valorilor exprimate de marele g\u00e2nditor. La 25 decembrie 1989 \u00eencredin\u0163eaz\u0103 spre publicare cotidianului \u201eRom\u00e2nia liber\u0103\u201d poemul \u201eSemenilor mei\u201d (compus \u00een anii de deten\u0163ie), dar este refuzat. La 30 martie 1993 se stinge din via\u0163\u0103 la Bucure\u015fti.<\/p>\n<p>Intrarea este liber\u0103, \u00een limita locurilor disponibile.<\/p>\n<p>V\u0103 a\u0219tept\u0103m cu drag!<\/p>","protected":false},"excerpt":{"rendered":"<p>La 30 martie se \u00eemplinesc 25 de ani de la moartea marelui c\u0103rturar rom\u00e2n Edgar Papu (1909 &#8211; 1993). Muzeul&#8230;<\/p>","protected":false},"author":1,"featured_media":4838,"comment_status":"closed","ping_status":"closed","sticky":false,"template":"","format":"standard","meta":{"_exactmetrics_skip_tracking":false,"_exactmetrics_sitenote_active":false,"_exactmetrics_sitenote_note":"","_exactmetrics_sitenote_category":0,"footnotes":""},"categories":[9,12],"tags":[],"class_list":["post-4837","post","type-post","status-publish","format-standard","has-post-thumbnail","hentry","category-evenimente","category-evocari"],"_links":{"self":[{"href":"https:\/\/mnlr.ro\/en\/wp-json\/wp\/v2\/posts\/4837","targetHints":{"allow":["GET"]}}],"collection":[{"href":"https:\/\/mnlr.ro\/en\/wp-json\/wp\/v2\/posts"}],"about":[{"href":"https:\/\/mnlr.ro\/en\/wp-json\/wp\/v2\/types\/post"}],"author":[{"embeddable":true,"href":"https:\/\/mnlr.ro\/en\/wp-json\/wp\/v2\/users\/1"}],"replies":[{"embeddable":true,"href":"https:\/\/mnlr.ro\/en\/wp-json\/wp\/v2\/comments?post=4837"}],"version-history":[{"count":1,"href":"https:\/\/mnlr.ro\/en\/wp-json\/wp\/v2\/posts\/4837\/revisions"}],"predecessor-version":[{"id":4839,"href":"https:\/\/mnlr.ro\/en\/wp-json\/wp\/v2\/posts\/4837\/revisions\/4839"}],"wp:featuredmedia":[{"embeddable":true,"href":"https:\/\/mnlr.ro\/en\/wp-json\/wp\/v2\/media\/4838"}],"wp:attachment":[{"href":"https:\/\/mnlr.ro\/en\/wp-json\/wp\/v2\/media?parent=4837"}],"wp:term":[{"taxonomy":"category","embeddable":true,"href":"https:\/\/mnlr.ro\/en\/wp-json\/wp\/v2\/categories?post=4837"},{"taxonomy":"post_tag","embeddable":true,"href":"https:\/\/mnlr.ro\/en\/wp-json\/wp\/v2\/tags?post=4837"}],"curies":[{"name":"wp","href":"https:\/\/api.w.org\/{rel}","templated":true}]}}