{"id":4898,"date":"2018-03-22T11:33:11","date_gmt":"2018-03-22T09:33:11","guid":{"rendered":"http:\/\/mnlr.ro\/?p=4898"},"modified":"2018-04-02T09:33:32","modified_gmt":"2018-04-02T06:33:32","slug":"cine-nevoie-de-teatru-ziua-mondiala-teatrului","status":"publish","type":"post","link":"https:\/\/mnlr.ro\/en\/cine-nevoie-de-teatru-ziua-mondiala-teatrului\/","title":{"rendered":"CINE ARE NEVOIE DE TEATRU? \u2013 Ziua Mondial\u0103 a Teatrului"},"content":{"rendered":"<p><strong>Muzeul Na\u021bional al Literaturii Rom\u00e2ne v\u0103 a\u0219teapt\u0103 la o s\u0103rb\u0103toare special\u0103 cu ocazia Zilei Mondiale a Teatrului, mar\u021bi, 27 martie 2018, de la ora 17.00 \u00een sediul din Str. Nicolae Cre\u021bulescu nr. 8 (\u00een spatele Bisericii Albe) &#8211; CINE ARE NEVOIE DE TEATRU?<\/strong><\/p>\n<p>Un <strong>Dialog \u00eentre genera\u021bii<\/strong> cu Rodica Mandache \u0219i studen\u021bii s\u0103i de la Universitatea Hyperion: Diana Iorgu, Emanuel Varga, Gabriela Enescu, Lauren\u021biu Bondarenco, Gianina Criv\u0103\u021b, Drago\u0219 Stoica, Ionela Buzatu, Daniel Bi\u021bescu, Alexandra Zamfirescu, Magdalena Pisaltu.<\/p>\n<p>Se va vorbi despre teatru, despre arta actoriceasc\u0103, despre sim\u021buri, speran\u021be \u0219i dragoste pentru teatru. Profesorul, Rodica Mandache, \u0219i studen\u021bii r\u0103spund cu texte din Platon, Tennessee Williams, Nina Berberova, Anton Cehov, Geo Bogza, Robert de Niro, Ovidiu Drimba, Matei Millo, Ingmar Bergman, Marin Sorescu \u0219i Nichita St\u0103nescu, pe marginea unor piese despre condi\u021bia actorului. Nu vom uita s\u0103 trecem \u00een revist\u0103 \u0219i discu\u021biile, mesajele, cuvintele unor mari personalit\u0103\u021bi din domeniul teatrului. \u00cen cadrul evenimentului se vor juca scene din<strong> \u201eDou\u0103 fete\u201d <\/strong>de Antoaneta Zaharia, pies\u0103 de teatru \u00een care se trateaz\u0103 condi\u021bia actorului \u0219i nevoia lumii de actori, \u0219i din <strong>\u201eP\u0103durea\u201d<\/strong> de Alexandr <em>Ostrovski<\/em>, care pune \u00een prim-plan doi actori: fericitul \u0219i nefericitul.<\/p>\n<p>Intrarea este liber\u0103, \u00een limita locurilor disponibile.<\/p>\n<p>V\u0103 a\u0219tept\u0103m cu drag!<\/p>","protected":false},"excerpt":{"rendered":"<p>Muzeul Na\u021bional al Literaturii Rom\u00e2ne v\u0103 a\u0219teapt\u0103 la o s\u0103rb\u0103toare special\u0103 cu ocazia Zilei Mondiale a Teatrului, mar\u021bi, 27 martie&#8230;<\/p>","protected":false},"author":1,"featured_media":4899,"comment_status":"closed","ping_status":"closed","sticky":false,"template":"","format":"standard","meta":{"_exactmetrics_skip_tracking":false,"_exactmetrics_sitenote_active":false,"_exactmetrics_sitenote_note":"","_exactmetrics_sitenote_category":0,"footnotes":""},"categories":[9],"tags":[],"class_list":["post-4898","post","type-post","status-publish","format-standard","has-post-thumbnail","hentry","category-evenimente"],"_links":{"self":[{"href":"https:\/\/mnlr.ro\/en\/wp-json\/wp\/v2\/posts\/4898","targetHints":{"allow":["GET"]}}],"collection":[{"href":"https:\/\/mnlr.ro\/en\/wp-json\/wp\/v2\/posts"}],"about":[{"href":"https:\/\/mnlr.ro\/en\/wp-json\/wp\/v2\/types\/post"}],"author":[{"embeddable":true,"href":"https:\/\/mnlr.ro\/en\/wp-json\/wp\/v2\/users\/1"}],"replies":[{"embeddable":true,"href":"https:\/\/mnlr.ro\/en\/wp-json\/wp\/v2\/comments?post=4898"}],"version-history":[{"count":1,"href":"https:\/\/mnlr.ro\/en\/wp-json\/wp\/v2\/posts\/4898\/revisions"}],"predecessor-version":[{"id":4900,"href":"https:\/\/mnlr.ro\/en\/wp-json\/wp\/v2\/posts\/4898\/revisions\/4900"}],"wp:featuredmedia":[{"embeddable":true,"href":"https:\/\/mnlr.ro\/en\/wp-json\/wp\/v2\/media\/4899"}],"wp:attachment":[{"href":"https:\/\/mnlr.ro\/en\/wp-json\/wp\/v2\/media?parent=4898"}],"wp:term":[{"taxonomy":"category","embeddable":true,"href":"https:\/\/mnlr.ro\/en\/wp-json\/wp\/v2\/categories?post=4898"},{"taxonomy":"post_tag","embeddable":true,"href":"https:\/\/mnlr.ro\/en\/wp-json\/wp\/v2\/tags?post=4898"}],"curies":[{"name":"wp","href":"https:\/\/api.w.org\/{rel}","templated":true}]}}