{"id":5056,"date":"2018-03-30T12:52:19","date_gmt":"2018-03-30T09:52:19","guid":{"rendered":"http:\/\/mnlr.ro\/?p=5056"},"modified":"2018-04-05T11:12:23","modified_gmt":"2018-04-05T08:12:23","slug":"lansare-de-carte-amintiri-despre-eminescu-de-teodor-v-stefanelli","status":"publish","type":"post","link":"https:\/\/mnlr.ro\/en\/lansare-de-carte-amintiri-despre-eminescu-de-teodor-v-stefanelli\/","title":{"rendered":"Lansare de carte \u201eAmintiri despre Eminescu\u201d, de Teodor V. \u0218tefanelli"},"content":{"rendered":"<p><strong>Muzeul Na\u021bional al Literaturii Rom\u00e2ne v\u0103 invit\u0103 la evenimentul de lansare a c\u0103r\u021bii \u201eAmintiri despre Eminescu\u201d, mar\u021bi, 3 aprilie 2018, ora 18.00, la sediul din Str. Nicolae Cre\u021bulescu nr. 8 (\u00een spatele Bisericii Albe), \u00een Sala Perpessicius. Aceast\u0103 carte, scris\u0103 de colegul \u0219i prietenul marelui poet na\u021bional al rom\u00e2nilor, Teodor V. \u0218tefanelli, a ap\u0103rut la Editura Cununi de Stele anul acesta. <\/strong><\/p>\n<p>Publicul cititor este \u00eencurajat s\u0103 cunoasc\u0103 \u201e\u00eemprejur\u0103rile \u00een care a tr\u0103it \u0219i mediul \u00een care s-a mi\u0219cat \u0219i care l-a \u00eenconjurat pe timpul c\u00e2nd Eminescu a \u00eenceput s\u0103-\u0219i formeze mintea \u0219i inima \u0219i s\u0103-\u0219i adune cuno\u0219tin\u021bele trebuitoare pentru o cre\u0219tere aleas\u0103\u201d. Particip\u0103 la eveniment editorul c\u0103r\u021bii, Carmen Mu\u0219at Coman, dar \u0219i admiratori ai generozit\u0103\u021bii lui Eminescu, oameni simpli, doritori de adev\u0103r.<\/p>\n<p>N\u0103scu\u021bi, dup\u0103 unele izvoare, \u00een acelasi an &#8211; 1849 &#8211; \u0218tefanelli vorbe\u0219te despre colegul \u0219i prietenul lui cu duio\u0219ia unui frate mai mare. Dincolo de informatiile ample legate de \u0219coal\u0103 (1860-1863 la Cern\u0103u\u021bi \u0219i toamna lui 1869 &#8211; vara 1872 la Viena) &#8211; program\u0103, modul de examinare, anexe cu foile matricole ale elevului Eminoviciu &#8211; Eminowicz la Cern\u0103uti, profesori, date ce refac un traseu aproape ne\u0219tiut al poetului, \u00eel afl\u0103m pe Eminescu &#8211; \u201ebun de inim\u0103\u201d &#8211; cu buzunarele pline de covrigi, \u00eendulcind astfel o pedeaps\u0103 dat\u0103 lui \u0218tefanelli; \u00eel vedem plimb\u00e2ndu-se cu o carte de istorie sub bra\u021b, de care era nedesp\u0103r\u021bit \u0219i \u00een care se aflau miturile \u0219i pove\u0219tile vechilor popoare; \u00eel vedem ordon\u00e2nd c\u0103r\u021bile \u00een biblioteca lui Aron Pumnul, ferit\u0103 de ochii profesorilor str\u0103ini, singura biblioteca rom\u00e2neasc\u0103 din Cern\u0103u\u021bi &#8211; \u201e\u00eent\u00e2ia bibliotec\u0103 consultat\u0103 de Eminescu\u201d \u0219i, prin ochii lui \u0218tefanelli, scriind prima lui poezie, \u201eLa moartea lui Aron Pumnul\u201d. \u00cen plin regim austro-ungar, la Viena, Eminescu \u00ee\u0219i saluta colegii \u201eTr\u0103iasc\u0103 na\u021bia!\u201d, iar ace\u0219tia \u00eei r\u0103spundeau \u201eSus cu d\u00e2nsa\u201d. Tot \u0218tefanelli scrie despre glumele lui Eminescu, expresiile favorite, c\u00e2ntecele preferate, atmosfera din b\u0103c\u0103nia lui Tata Moritz sau \u00een vizit\u0103 la \u201e\u00eengerul cu p\u0103rul blond\u201d ce pare a-i fi fost surs\u0103 de inspira\u021bie lui Eminescu.<\/p>\n<p>Intrarea este liber\u0103, \u00een limita locurilor disponibile.<\/p>\n<p>V\u0103 a\u0219tept\u0103m cu drag!<\/p>","protected":false},"excerpt":{"rendered":"<p>Muzeul Na\u021bional al Literaturii Rom\u00e2ne v\u0103 invit\u0103 la evenimentul de lansare a c\u0103r\u021bii \u201eAmintiri despre Eminescu\u201d, mar\u021bi, 3 aprilie 2018,&#8230;<\/p>","protected":false},"author":1,"featured_media":5058,"comment_status":"closed","ping_status":"closed","sticky":false,"template":"","format":"standard","meta":{"_exactmetrics_skip_tracking":false,"_exactmetrics_sitenote_active":false,"_exactmetrics_sitenote_note":"","_exactmetrics_sitenote_category":0,"footnotes":""},"categories":[9],"tags":[],"class_list":["post-5056","post","type-post","status-publish","format-standard","has-post-thumbnail","hentry","category-evenimente"],"_links":{"self":[{"href":"https:\/\/mnlr.ro\/en\/wp-json\/wp\/v2\/posts\/5056","targetHints":{"allow":["GET"]}}],"collection":[{"href":"https:\/\/mnlr.ro\/en\/wp-json\/wp\/v2\/posts"}],"about":[{"href":"https:\/\/mnlr.ro\/en\/wp-json\/wp\/v2\/types\/post"}],"author":[{"embeddable":true,"href":"https:\/\/mnlr.ro\/en\/wp-json\/wp\/v2\/users\/1"}],"replies":[{"embeddable":true,"href":"https:\/\/mnlr.ro\/en\/wp-json\/wp\/v2\/comments?post=5056"}],"version-history":[{"count":1,"href":"https:\/\/mnlr.ro\/en\/wp-json\/wp\/v2\/posts\/5056\/revisions"}],"predecessor-version":[{"id":5059,"href":"https:\/\/mnlr.ro\/en\/wp-json\/wp\/v2\/posts\/5056\/revisions\/5059"}],"wp:featuredmedia":[{"embeddable":true,"href":"https:\/\/mnlr.ro\/en\/wp-json\/wp\/v2\/media\/5058"}],"wp:attachment":[{"href":"https:\/\/mnlr.ro\/en\/wp-json\/wp\/v2\/media?parent=5056"}],"wp:term":[{"taxonomy":"category","embeddable":true,"href":"https:\/\/mnlr.ro\/en\/wp-json\/wp\/v2\/categories?post=5056"},{"taxonomy":"post_tag","embeddable":true,"href":"https:\/\/mnlr.ro\/en\/wp-json\/wp\/v2\/tags?post=5056"}],"curies":[{"name":"wp","href":"https:\/\/api.w.org\/{rel}","templated":true}]}}