{"id":5176,"date":"2018-04-11T16:18:47","date_gmt":"2018-04-11T13:18:47","guid":{"rendered":"http:\/\/mnlr.ro\/?p=5176"},"modified":"2018-04-18T12:53:19","modified_gmt":"2018-04-18T09:53:19","slug":"lansare-de-carte-george-popescu-despre-marin-mincu","status":"publish","type":"post","link":"https:\/\/mnlr.ro\/en\/lansare-de-carte-george-popescu-despre-marin-mincu\/","title":{"rendered":"Lansare de carte | George Popescu despre Marin Mincu"},"content":{"rendered":"<p><strong>Muzeul Na\u021bional al Literaturii Rom\u00e2ne organizeaz\u0103 vineri, 20 aprilie 2018, de la ora 18.00, la sediul din Str. Nicolae Cre\u021bulescu nr. 8 (\u00een spatele Bisericii Albe) lansarea c\u0103r\u021bii <em>Marin Mincu. Narcis \u00eentre oglinzi complementare: literatura ca prob\u0103 existen\u0163ial\u0103<\/em>\u00a0de\u00a0 George Popescu.\u00a0La eveniment sunt invita\u021bi s\u0103 vorbeasc\u0103 \u0218tefania Mincu, George Popescu, Paul Cernat \u0219i Emil Lungeanu. Moderator Ioan Cristescu, directorul general al MNLR.<\/strong><\/p>\n<p>Marin MINCU s-a n\u0103scut la 28 august 1944, \u00een Slatina, \u015fi a decedat la 4 decembrie 2009, \u00een Bucure\u015fti. A absolvit Facultatea de filologie a Universit\u0103\u0163ii bucure\u015ftene \u00een 1967 \u015fi s-a specializat \u00een semiotica literar\u0103 la Facultatea de Litere \u015fi Filozofie a Universit\u0103\u0163ii din Torino (1974-1978). \u00cen 1971, a devenit doctor \u00een filologie la Universitatea din Bucure\u015fti, tema lucr\u0103rii lui fiind <em>Opera literar\u0103 a lui Ion Barbu<\/em>. A fost, printre altele, lector universitar la Facultatea de Litere \u015fi Filosofie a Universit\u0103\u0163ilor din Torino \u015fi Milano (1974 &#8211; 1978), conferen\u0163iar universitar doctor la Facultatea din Constan\u0163a (1979), profesor titular asociat la Facultatea de Litere \u015fi Filosofie a Universit\u0103\u0163ii din Floren\u0163a (1978-1994). A debutat editorial, \u00een poezie, cu volumul <em>Cump\u0103n\u0103<\/em> (1968), \u00een critic\u0103 &#8211; cu <em>Critice<\/em> (1969), iar \u00een roman &#8211; cu <em>Intermezzo<\/em> (1984). A fondat \u015fi a condus mai mul\u0163i ani cenaclul literar \u201eEuridice\u201d. \u00cen 1996, i-a fost decernat Premiul Herder.<\/p>\n<p>\u201eMarin Mincu a marcat indiscutabil confruntarea din miezul literaturii noastre din ultimele patru decenii de o manier\u0103 mai important\u0103 dec\u00e2t sunt unii dispu\u015fi s\u0103 accepte. C\u0103 a indus, \u00een spa\u0163iul autohton, direc\u0163ii \u015fi idei \u00eennoitoare de pe frontul italian \u00eentr-un moment de fierbere, cu radicaliz\u0103ri conceptuale \u015fi de direc\u0163ie, este pe c\u00e2t de adev\u0103rat, pe c\u00e2t el \u00eensu\u015fi le-a asumat \u015fi le-a sus\u0163inut, nu f\u0103r\u0103 un imperturbabil apetit polemic. [&#8230;]<\/p>\n<p>La 74 de ani, c\u00e2\u0163i ar fi avut acum, Marin Mincu nu s-ar fi \u00eemp\u0103cat cu multe dintre \u00eent\u00e2mpl\u0103rile noastre literare. \u015ei culturale, civice, poate. Cu siguran\u0163\u0103 c\u0103 \u015fi-ar fi continuat, consecvent, b\u0103t\u0103lia sa \u00een verificarea riguroas\u0103 \u015fi atent\u0103 a unor adev\u0103ruri marcate, uneori, de iner\u0163ie \u015fi de excesiv relativism. \u00eens\u0103 nu v\u0103d nimic mali\u0163ios, cu at\u00e2t mai pu\u0163in perdant, \u00eentr-o astfel de b\u0103t\u0103lie. Cel mult, o cutezan\u0163\u0103. \u00cen absen\u0163a c\u0103reia, timpul \u00eennoirii se suspend\u0103, \u00een a\u015fteptare\u201d, afirm\u0103 George Popescu, autorul c\u0103r\u021bii.<\/p>\n<p>Cartea reprezint\u0103 o reevaluare critic\u0103 a personalit\u0103\u0163ii lui Marin Mincu, \u00een esen\u0163\u0103, un studiu monografic al operei unuia dintre protagoni\u015ftii fenomenului literar autohton de ieri \u015fi din actualitate \u2013 \u00een postura de poet, prozator \u015fi mai ales de observator atent \u015fi deseori p\u0103tima\u015f al acestui fenomen.<\/p>\n<p>Intrarea este liber\u0103, \u00een limita locurilor disponibile.<\/p>\n","protected":false},"excerpt":{"rendered":"<p>Muzeul Na\u021bional al Literaturii Rom\u00e2ne organizeaz\u0103 vineri, 20 aprilie 2018, de la ora 18.00, la sediul din Str. Nicolae Cre\u021bulescu&#8230;<\/p>","protected":false},"author":1,"featured_media":5386,"comment_status":"closed","ping_status":"closed","sticky":false,"template":"","format":"standard","meta":{"_exactmetrics_skip_tracking":false,"_exactmetrics_sitenote_active":false,"_exactmetrics_sitenote_note":"","_exactmetrics_sitenote_category":0,"footnotes":""},"categories":[9,8],"tags":[],"class_list":["post-5176","post","type-post","status-publish","format-standard","has-post-thumbnail","hentry","category-evenimente","category-recomandari"],"_links":{"self":[{"href":"https:\/\/mnlr.ro\/en\/wp-json\/wp\/v2\/posts\/5176","targetHints":{"allow":["GET"]}}],"collection":[{"href":"https:\/\/mnlr.ro\/en\/wp-json\/wp\/v2\/posts"}],"about":[{"href":"https:\/\/mnlr.ro\/en\/wp-json\/wp\/v2\/types\/post"}],"author":[{"embeddable":true,"href":"https:\/\/mnlr.ro\/en\/wp-json\/wp\/v2\/users\/1"}],"replies":[{"embeddable":true,"href":"https:\/\/mnlr.ro\/en\/wp-json\/wp\/v2\/comments?post=5176"}],"version-history":[{"count":3,"href":"https:\/\/mnlr.ro\/en\/wp-json\/wp\/v2\/posts\/5176\/revisions"}],"predecessor-version":[{"id":5387,"href":"https:\/\/mnlr.ro\/en\/wp-json\/wp\/v2\/posts\/5176\/revisions\/5387"}],"wp:featuredmedia":[{"embeddable":true,"href":"https:\/\/mnlr.ro\/en\/wp-json\/wp\/v2\/media\/5386"}],"wp:attachment":[{"href":"https:\/\/mnlr.ro\/en\/wp-json\/wp\/v2\/media?parent=5176"}],"wp:term":[{"taxonomy":"category","embeddable":true,"href":"https:\/\/mnlr.ro\/en\/wp-json\/wp\/v2\/categories?post=5176"},{"taxonomy":"post_tag","embeddable":true,"href":"https:\/\/mnlr.ro\/en\/wp-json\/wp\/v2\/tags?post=5176"}],"curies":[{"name":"wp","href":"https:\/\/api.w.org\/{rel}","templated":true}]}}