{"id":5208,"date":"2018-04-10T14:22:41","date_gmt":"2018-04-10T11:22:41","guid":{"rendered":"http:\/\/mnlr.ro\/?p=5208"},"modified":"2018-04-12T14:41:29","modified_gmt":"2018-04-12T11:41:29","slug":"dadece-literatura-muzeu-seria-2-cum-sa-fac-si-cum-sa-zic-poate-ne-miscam-un-pic","status":"publish","type":"post","link":"https:\/\/mnlr.ro\/en\/dadece-literatura-muzeu-seria-2-cum-sa-fac-si-cum-sa-zic-poate-ne-miscam-un-pic\/","title":{"rendered":"Da\u2019DeCe are literatura muzeu? | seria 2: Cum s\u0103 fac \u0219i cum s\u0103 zic, poate ne mi\u0219c\u0103m un pic"},"content":{"rendered":"<p><strong>Seria de programe de educa\u021bie muzeal\u0103 Da\u2019DeCe continu\u0103 la\u00a0Muzeul Na\u021bional al Literaturii Rom\u00e2ne\u00a0(str. Nicolae Cre\u021bulescu, nr. 8, \u00een spatele Bisericii Albe de pe Calea Victoriei) cu tema \u201eCum s\u0103 fac \u0219i cum s\u0103 zic, poate ne mi\u0219c\u0103m un pic\u201d \u00een care\u00a0familiile cu copii de 6-12 ani \u0219i clasele 0-VI\u00a0pot explora expozi\u021bia permanent\u0103 a muzeului prin jocuri, inclusiv\u00a0prin mi\u0219care. Este vorba de c\u00e2t de important este cum te exprimi, dar \u0219i de folosirea mi\u0219c\u0103rii ca mod de exprimare personal\u0103 \u00een raport cu povestea muzeului.<\/strong><\/p>\n<p>Scenariul programului porne\u0219te de la o sal\u0103 cu indicii ascunse \u00een cerneal\u0103 invizibil\u0103 care vor dezv\u0103lui pe parcursul vizitei, din sal\u0103 \u00een sal\u0103, pove\u0219ti sau jocuri asociate acestora. Copiii vor afla despre via\u021ba unui autor cunoscut care a \u00eenv\u0103\u021bat limba francez\u0103 cu dic\u021bionarul, a fost fotograf \u0219i apoi s-a folosit de aceast\u0103 experien\u021b\u0103 ca s\u0103 surprind\u0103 \u00een cuvinte instantanee ca \u00een imaginea format\u0103 printr-un click (Panait Istrati). Vor c\u0103uta \u00een expunere\u00a0scriitoare \u0219i vor capta sunetele muzeului. Dar probabil cel mai popular joc al vizitei va fi cel despre ma\u0219ina de scris \u00een care fiecare copil este o tast\u0103, iar mi\u0219c\u0103rile celor implica\u021bi vor ilustra propozi\u021biile dictate.<\/p>\n<p><strong>Programele pentru familii cu copii de 6-12 ani se desf\u0103\u0219oar\u0103 \u00een dimine\u021bile de s\u00e2mb\u0103t\u0103 \u0219i duminic\u0103, iar cele adresate claselor 0-VI, se deruleaz\u0103 de mar\u021bi p\u00e2n\u0103 vineri, ambele, numai pe baz\u0103 de programare (\u0219i confirmare din partea organizatorilor).<\/strong><\/p>\n<p>Pentru grupurile organizate (altele dec\u00e2t cele \u0219colare) se poate face rezervare din timp, \u00een afara datelor pentru programele pentru familii, cu cel pu\u021bin 2 s\u0103pt\u0103m\u00e2ni \u00een avans.<\/p>\n<p>Urm\u0103toarele date de desf\u0103\u0219urare a programelor pentru familii (cu \u00eenscriere individual\u0103 \u00eencep\u00e2nd cu lunea din s\u0103pt\u0103m\u00e2na c\u00e2nd se desf\u0103\u0219oar\u0103 programul \u0219i confirmarea \u00eenscrierii de c\u0103tre organizatori):<\/p>\n<p><strong>S\u00e2mb\u0103t\u0103, 14 aprilie<\/strong>, de la ora 11:00 la programele pentru\u00a0<strong>familii cu copii de 6-8 ani<\/strong>;<\/p>\n<p><strong>Duminic\u0103, 15 aprilie<\/strong>, de la ora 11:00 la programul pentru\u00a0<strong>familii cu copii de 8-10 ani<\/strong>;<\/p>\n<p><strong>S\u00e2mb\u0103t\u0103, 21 aprilie<\/strong>, de la ora 11:00 la programele pentru\u00a0<strong>familii cu copii de 10-12 ani<\/strong>;<\/p>\n<p><strong>Duminic\u0103, 22 aprilie<\/strong>, de la ora 11:00 la programul pentru\u00a0<strong>familii cu copii de 6-8 ani<\/strong>.<\/p>\n<p>Date disponibile pentru \u00eenscrieri ale grupurilor \u0219colare:<br \/>\n<strong>APRILIE:<\/strong> 11-13, 17-20, 24-27, 30<br \/>\n<strong>MAI<\/strong>: 3, 4, 8-11, 15-18, 22-25, 29-31<br \/>\n<strong>IUNIE<\/strong>: 5-8, 12-15.<\/p>\n<p><strong>Pe scurt:<\/strong><\/p>\n<p>\u2013 Programele sunt g\u00e2ndite \u0219i propuse de categorii de v\u00e2rst\u0103 pentru ca interesele s\u0103 fie comune celor din grup (urm\u0103ri\u021bi programarea pe v\u00e2rste a\u0219adar!);<\/p>\n<p>\u2013 Clasele se vor \u00eent\u00e2lni cu informa\u021bii de la \u0219coal\u0103 (din curricul\u0103 adic\u0103) pe principiul c\u0103 e mai bine s\u0103-\u021bi desf\u0103\u0219ori ora de limba rom\u00e2n\u0103, comunicare sau oricare alta, la muzeu, nu \u00een clas\u0103 (dac\u0103 \u0218coala altfel se desf\u0103\u0219oar\u0103 \u00een aceast\u0103 perioad\u0103, profita\u021bi!);<\/p>\n<p>\u2013 \u00censcrierea la ambele tipuri de programe se face la adresa <strong>programari@asociatiadadece.ro<\/strong> \u0219i necesit\u0103 confirmarea de c\u0103tre organizatori;<\/p>\n<p>\u2013 La programele pentru familii \u00eenscrierea se face \u00eencep\u00e2nd cu lunea din s\u0103pt\u0103m\u00e2na \u00een care se desf\u0103\u0219oar\u0103 programul \u0219i se confirm\u0103 printr-un email de c\u0103tre organizatori;<\/p>\n<p>\u2013 La programele cu \u0219colile, program\u0103rile se fac din timp, \u00een ordinea solicit\u0103rilor;<\/p>\n<p>\u2013\u00a0<strong>Taxa de participare<\/strong>\u00a0const\u0103 \u00een achitarea biletului de acces \u00een Muzeu care este 5 lei\/ adult \u0219i 2 lei\/ copil. Acest beneficiu este rezultatul parteneriatului dintr-o institu\u021bie public\u0103 de cultur\u0103 \u0219i un ONG de educa\u021bie cultural\u0103.<\/p>\n<p>Evenimentele sunt organizate de Prim\u0103ria Municipiului Bucure\u0219ti prin Muzeul Na\u021bional al Literaturii Rom\u00e2ne.<\/p>","protected":false},"excerpt":{"rendered":"<p>Seria de programe de educa\u021bie muzeal\u0103 Da\u2019DeCe continu\u0103 la\u00a0Muzeul Na\u021bional al Literaturii Rom\u00e2ne\u00a0(str. Nicolae Cre\u021bulescu, nr. 8, \u00een spatele Bisericii&#8230;<\/p>","protected":false},"author":1,"featured_media":5209,"comment_status":"closed","ping_status":"closed","sticky":false,"template":"","format":"standard","meta":{"_exactmetrics_skip_tracking":false,"_exactmetrics_sitenote_active":false,"_exactmetrics_sitenote_note":"","_exactmetrics_sitenote_category":0,"footnotes":""},"categories":[13,9],"tags":[],"class_list":["post-5208","post","type-post","status-publish","format-standard","has-post-thumbnail","hentry","category-anunturi","category-evenimente"],"_links":{"self":[{"href":"https:\/\/mnlr.ro\/en\/wp-json\/wp\/v2\/posts\/5208","targetHints":{"allow":["GET"]}}],"collection":[{"href":"https:\/\/mnlr.ro\/en\/wp-json\/wp\/v2\/posts"}],"about":[{"href":"https:\/\/mnlr.ro\/en\/wp-json\/wp\/v2\/types\/post"}],"author":[{"embeddable":true,"href":"https:\/\/mnlr.ro\/en\/wp-json\/wp\/v2\/users\/1"}],"replies":[{"embeddable":true,"href":"https:\/\/mnlr.ro\/en\/wp-json\/wp\/v2\/comments?post=5208"}],"version-history":[{"count":3,"href":"https:\/\/mnlr.ro\/en\/wp-json\/wp\/v2\/posts\/5208\/revisions"}],"predecessor-version":[{"id":5212,"href":"https:\/\/mnlr.ro\/en\/wp-json\/wp\/v2\/posts\/5208\/revisions\/5212"}],"wp:featuredmedia":[{"embeddable":true,"href":"https:\/\/mnlr.ro\/en\/wp-json\/wp\/v2\/media\/5209"}],"wp:attachment":[{"href":"https:\/\/mnlr.ro\/en\/wp-json\/wp\/v2\/media?parent=5208"}],"wp:term":[{"taxonomy":"category","embeddable":true,"href":"https:\/\/mnlr.ro\/en\/wp-json\/wp\/v2\/categories?post=5208"},{"taxonomy":"post_tag","embeddable":true,"href":"https:\/\/mnlr.ro\/en\/wp-json\/wp\/v2\/tags?post=5208"}],"curies":[{"name":"wp","href":"https:\/\/api.w.org\/{rel}","templated":true}]}}