{"id":5442,"date":"2018-04-25T09:20:49","date_gmt":"2018-04-25T06:20:49","guid":{"rendered":"http:\/\/mnlr.ro\/?p=5442"},"modified":"2018-05-02T09:22:23","modified_gmt":"2018-05-02T06:22:23","slug":"ateliere-publice-fuzion1","status":"publish","type":"post","link":"https:\/\/mnlr.ro\/en\/ateliere-publice-fuzion1\/","title":{"rendered":"Ateliere publice | In.Fuzion#1"},"content":{"rendered":"<p><strong>Gr\u0103dina Muzeului Na\u021bional al Literaturii\u00a0<a href=\"https:\/\/maps.google.com\/?q=Rom%C3%A2ne+(+Strada+Nicolae+Cre%C8%9Bulescu+8&amp;entry=gmail&amp;source=g\">Rom\u00e2ne (<\/a><a href=\"https:\/\/mnlr.us16.list-manage.com\/track\/click?u=9d8daeb9344f52fc116dbbc7b&amp;id=30063fefed&amp;e=ad50adfd9e\" target=\"_blank\" rel=\"noopener noreferrer\" data-saferedirecturl=\"https:\/\/www.google.com\/url?hl=ro&amp;q=https:\/\/mnlr.us16.list-manage.com\/track\/click?u%3D9d8daeb9344f52fc116dbbc7b%26id%3D30063fefed%26e%3Dad50adfd9e&amp;source=gmail&amp;ust=1525328268852000&amp;usg=AFQjCNEneUGNLHinvPcCbQAWUiu07vO0mA\">Strada\u00a0Nicolae Cre\u021bulescu 8<\/a>) va g\u0103zdui, \u00een perioada 26-28 aprilie 2018, \u00een cadrul proiectului\u00a0<em>In.Fuzion#1<\/em>, trei ateliere publice la care vor participa personalit\u0103\u021bi ale vie\u021bii literare \u0219i ale artelor vizuale din Rom\u00e2nia.<\/strong><\/p>\n<p>Proiectul\u00a0<em>In.Fuzion\u00a0<\/em>aduce laolalt\u0103 12 arti\u0219ti vizuali \u0219i 12 scriitori din genera\u021bii diferite. Ace\u0219tia vor lucra \u00een echipe de c\u00e2te doi \u2013 un scriitor \u0219i un artist \u2013, fiecare echip\u0103 propun\u00e2nd la final c\u00e2te dou\u0103 texte \u0219i dou\u0103 lucr\u0103ri de art\u0103 ce vor fi incluse \u00eentr-o carte-album \u0219i pe CD-ul\u00a0<em>making-of\u00a0<\/em>al proiectului. Proiectul se adreseaz\u0103 publicului de specialitate, cunosc\u0103tor al scenei artistice \u0219i literare, dar \u0219i liceenilor, studen\u021bilor, iubitorilor de cultur\u0103 \u00een general.<br \/>\nProgramul workshop-urilor este urm\u0103torul:<\/p>\n<p><strong>Joi, 26 aprilie<\/strong><br \/>\nora 18.30<br \/>\nAtelier\u00a0<em>Improviza\u021bie \u0219i premeditare\u00a0<\/em><br \/>\nInvita\u021bi: Nora Iuga, Simona Popescu, R\u00f3bert K\u00f6teles, Anca Maria Ciof\u00eerl\u0103, Naiana V\u0103tavu, Sofia Ovejan, Mirela Iordache, Suzana Dan,\u00a0Robert Gabriel Elekes.<\/p>\n<p><strong>Vineri, 27 aprilie<\/strong><br \/>\nora 18.30<br \/>\nAtelier<em>\u00a0Noi ce mai reinvent<\/em><em>\u0103m?<\/em><br \/>\nInvita\u021bi: Mircia Dumitrescu, Andrei Ruse, Eugen Raportoru, Anca Maria Ciof\u00eerl\u0103, Sofia Ovejan.<\/p>\n<p><strong>S\u00e2mb\u0103t\u0103, 28 aprilie\u00a0<\/strong><br \/>\nora 13<br \/>\nAtelier\u00a0<em>Travelling Around<\/em>\u00a0\u2013\u00a0<em>Arta \u00een\u00a0mi\u0219care<\/em><br \/>\nInvita\u021bi: Marius Chivu, Marin M\u0103laicu-Hondrari,\u00a0Marcel Tolcea, Lavinia Brani\u0219te, Alexandru Jakabhazi, Anca Maria Ciof\u00eerl\u0103, Sofia Ovejan.<\/p>\n<p><strong>Intrarea este liber\u0103, \u00een limita locurilor disponibile.<\/strong><br \/>\nEvenimentul, produs de Asocia\u021bia Montage, este sus\u021binut de Prim\u0103ria Capitalei, parteneri fiind Muzeul Na\u021bional al Literaturii Rom\u00e2ne \u0219i Centrul Cultural Palatele Br\u00e2ncovene\u0219ti.<\/p>","protected":false},"excerpt":{"rendered":"<p>Gr\u0103dina Muzeului Na\u021bional al Literaturii\u00a0Rom\u00e2ne (Strada\u00a0Nicolae Cre\u021bulescu 8) va g\u0103zdui, \u00een perioada 26-28 aprilie 2018, \u00een cadrul proiectului\u00a0In.Fuzion#1, trei ateliere&#8230;<\/p>","protected":false},"author":1,"featured_media":5443,"comment_status":"closed","ping_status":"closed","sticky":false,"template":"","format":"standard","meta":{"_exactmetrics_skip_tracking":false,"_exactmetrics_sitenote_active":false,"_exactmetrics_sitenote_note":"","_exactmetrics_sitenote_category":0,"footnotes":""},"categories":[9],"tags":[],"class_list":["post-5442","post","type-post","status-publish","format-standard","has-post-thumbnail","hentry","category-evenimente"],"_links":{"self":[{"href":"https:\/\/mnlr.ro\/en\/wp-json\/wp\/v2\/posts\/5442","targetHints":{"allow":["GET"]}}],"collection":[{"href":"https:\/\/mnlr.ro\/en\/wp-json\/wp\/v2\/posts"}],"about":[{"href":"https:\/\/mnlr.ro\/en\/wp-json\/wp\/v2\/types\/post"}],"author":[{"embeddable":true,"href":"https:\/\/mnlr.ro\/en\/wp-json\/wp\/v2\/users\/1"}],"replies":[{"embeddable":true,"href":"https:\/\/mnlr.ro\/en\/wp-json\/wp\/v2\/comments?post=5442"}],"version-history":[{"count":1,"href":"https:\/\/mnlr.ro\/en\/wp-json\/wp\/v2\/posts\/5442\/revisions"}],"predecessor-version":[{"id":5444,"href":"https:\/\/mnlr.ro\/en\/wp-json\/wp\/v2\/posts\/5442\/revisions\/5444"}],"wp:featuredmedia":[{"embeddable":true,"href":"https:\/\/mnlr.ro\/en\/wp-json\/wp\/v2\/media\/5443"}],"wp:attachment":[{"href":"https:\/\/mnlr.ro\/en\/wp-json\/wp\/v2\/media?parent=5442"}],"wp:term":[{"taxonomy":"category","embeddable":true,"href":"https:\/\/mnlr.ro\/en\/wp-json\/wp\/v2\/categories?post=5442"},{"taxonomy":"post_tag","embeddable":true,"href":"https:\/\/mnlr.ro\/en\/wp-json\/wp\/v2\/tags?post=5442"}],"curies":[{"name":"wp","href":"https:\/\/api.w.org\/{rel}","templated":true}]}}