{"id":5707,"date":"2018-05-16T12:19:16","date_gmt":"2018-05-16T09:19:16","guid":{"rendered":"http:\/\/mnlr.ro\/?p=5707"},"modified":"2018-05-16T13:22:09","modified_gmt":"2018-05-16T10:22:09","slug":"festivalul-international-de-poezie-bucuresti-editia-ix-program-16-mai-2018","status":"publish","type":"post","link":"https:\/\/mnlr.ro\/en\/festivalul-international-de-poezie-bucuresti-editia-ix-program-16-mai-2018\/","title":{"rendered":"FESTIVALUL INTERNA\u021aIONAL DE POEZIE BUCURE\u0218TI, EDI\u021aIA A IX-A | PROGRAM 16 MAI 2018"},"content":{"rendered":"<p><strong>MIERCURI, 16 mai<\/strong><\/p>\n<p><strong>\u0218coala Central\u0103, Strada Icoanei 3-5<\/strong><br \/>\n12.00: FIPB = POETRY \u2013 FACE TO FACE<br \/>\nLecturi \u0219i dialog cu: Jan H. Mysjkin (Belgia), Pavel \u0218u\u0219ar\u0103 (Rom\u00e2nia)<br \/>\nModerator: Flaviu Predescu<br \/>\nProfesor coordonator: M\u0103d\u0103lina Scarlat<\/p>\n<p><strong>Muzeul Na\u021bional al Literaturii Rom\u00e2ne, Calea Grivi\u021bei 64-66<\/strong><br \/>\n12.00: Atelier de manuscrise, coordonat de Ioana Tom\u0219a<br \/>\nInvita\u021bi: Carmen Apetrei, Simona Popescu, Carla \u0218tefania Duschka<\/p>\n<p><strong>Liceul \u201eSpiru Haret\u201d, Strada Italian\u0103 17<\/strong><br \/>\n13.00: Lecturi publice de poezie: Elena Armenescu, Gheorghe Daragiu, Simona-Grazia Dima,<br \/>\nIoana Greceanu, Vasile Menzel, Ofelia Prodan<br \/>\nModerator: Horia G\u00e2rbea<\/p>\n<p><strong>Muzeul Na\u021bional al Literaturii Rom\u00e2ne, Strada Nicolae Cre\u021bulescu 8<\/strong><br \/>\n15.00: Ioana Nicolaie \u00een dialog cu Cosmin Ciotlo\u0219 \u2013 Romanul \u0219i provoc\u0103rile realit\u0103\u021bii de ast\u0103zi<\/p>\n<p><strong>C\u0103rture\u0219ti \u2013 Gr\u0103dina Verona, Strada Pictor Arthur Verona 13-15<\/strong><br \/>\n16.30: \u00cent\u00e2lnire cu Victor Ivanovici<br \/>\nTema: \u201eTraducerea contrafactual\u0103\u201d<br \/>\nModerator: Silviu Angelescu<\/p>\n<p><strong>Muzeul Na\u021bional al Literaturii Rom\u00e2ne, Strada Nicolae Cre\u021bulescu 8 \u2013 Mansard\u0103<\/strong><br \/>\n17.00: Urs Poetica (performance) \u2013 Jan Mysjkin (Belgia)<br \/>\nProiect coordonat de Wanda Mihuleac<\/p>\n<p><strong>Aula Bibliotecii Centrale Universitare \u201eCarol I\u201d, Calea Victoriei 88<\/strong><br \/>\n18.00: Lecturi publice de poezie: Daniel B\u0103nulescu, Dan Coman, Ioana Cr\u0103ciunescu, Teodor<br \/>\nDun\u0103, Mircea Dan Du\u021b\u0103, Ioana Ieronim, Nora Iuga, Angela Marinescu, Andrei-C\u0103lin Mih\u0103ilescu, Ion Mure\u0219an, Cosmin Per\u021ba, Ioan Es. Pop, Eugen Suciu, Robert \u0218erban, Pavel \u0218u\u0219ar\u0103, Liliana Ursu<br \/>\nMuzica: Mircea Tiberian (pian), Ana-Cristina Leonte (voce)<br \/>\nModeratori: Ioan Gro\u0219an \u0219i Ioan Cristescu<\/p>\n<p><strong>Tramvaiul 26, Strada Cercului 6<\/strong><br \/>\n19.00: Lecturi publice de poezie: Dan Dediu, Vlad Dr\u0103goi, Iuliana Miu, Tiberiu Neac\u0219u, Emilian Pal, Tara Skurtu, R\u0103zvan \u021aupa, Alex V\u0103sie\u0219<br \/>\nModeratori: C\u0103t\u0103lina Matei, Andra Rotaru<\/p>\n<p><strong>POINT, Strada Eremia Grigorescu 10<\/strong><br \/>\n19.30: Cafeneaua critic\u0103<br \/>\nInvita\u021bi: Bruno Mazzoni, Victor Ivanovici<br \/>\nAmfitrion: Ion Bogdan Lefter<br \/>\nGazd\u0103: Ioan Cristescu<\/p>\n<p><strong>Sala ARCUB, Strada Lipscani nr. 84 \u2013 90<\/strong><br \/>\n20.00: S\u00e2mb\u0103ta sonor\u0103 \u2013 Concert HERETICS cu Anne-James Chaton (Fran\u021ba) &amp; Andy Moor<br \/>\n(Anglia\/Olanda)<\/p>","protected":false},"excerpt":{"rendered":"<p>MIERCURI, 16 mai \u0218coala Central\u0103, Strada Icoanei 3-5 12.00: FIPB = POETRY \u2013 FACE TO FACE Lecturi \u0219i dialog cu:&#8230;<\/p>","protected":false},"author":1,"featured_media":5598,"comment_status":"closed","ping_status":"closed","sticky":false,"template":"","format":"standard","meta":{"_exactmetrics_skip_tracking":false,"_exactmetrics_sitenote_active":false,"_exactmetrics_sitenote_note":"","_exactmetrics_sitenote_category":0,"footnotes":""},"categories":[9],"tags":[],"class_list":["post-5707","post","type-post","status-publish","format-standard","has-post-thumbnail","hentry","category-evenimente"],"_links":{"self":[{"href":"https:\/\/mnlr.ro\/en\/wp-json\/wp\/v2\/posts\/5707","targetHints":{"allow":["GET"]}}],"collection":[{"href":"https:\/\/mnlr.ro\/en\/wp-json\/wp\/v2\/posts"}],"about":[{"href":"https:\/\/mnlr.ro\/en\/wp-json\/wp\/v2\/types\/post"}],"author":[{"embeddable":true,"href":"https:\/\/mnlr.ro\/en\/wp-json\/wp\/v2\/users\/1"}],"replies":[{"embeddable":true,"href":"https:\/\/mnlr.ro\/en\/wp-json\/wp\/v2\/comments?post=5707"}],"version-history":[{"count":1,"href":"https:\/\/mnlr.ro\/en\/wp-json\/wp\/v2\/posts\/5707\/revisions"}],"predecessor-version":[{"id":5708,"href":"https:\/\/mnlr.ro\/en\/wp-json\/wp\/v2\/posts\/5707\/revisions\/5708"}],"wp:featuredmedia":[{"embeddable":true,"href":"https:\/\/mnlr.ro\/en\/wp-json\/wp\/v2\/media\/5598"}],"wp:attachment":[{"href":"https:\/\/mnlr.ro\/en\/wp-json\/wp\/v2\/media?parent=5707"}],"wp:term":[{"taxonomy":"category","embeddable":true,"href":"https:\/\/mnlr.ro\/en\/wp-json\/wp\/v2\/categories?post=5707"},{"taxonomy":"post_tag","embeddable":true,"href":"https:\/\/mnlr.ro\/en\/wp-json\/wp\/v2\/tags?post=5707"}],"curies":[{"name":"wp","href":"https:\/\/api.w.org\/{rel}","templated":true}]}}