{"id":5796,"date":"2018-05-22T09:00:28","date_gmt":"2018-05-22T06:00:28","guid":{"rendered":"http:\/\/mnlr.ro\/?p=5796"},"modified":"2018-05-22T11:47:08","modified_gmt":"2018-05-22T08:47:08","slug":"cafeneaua-critica-alexander-hausvater","status":"publish","type":"post","link":"https:\/\/mnlr.ro\/en\/cafeneaua-critica-alexander-hausvater\/","title":{"rendered":"Cafeneaua critic\u0103 | Alexander Hausvater"},"content":{"rendered":"<p><strong><u>ATEN\u021aIE:<\/u><\/strong><br \/>\n<strong><u>MIERCURI!<\/u><\/strong><br \/>\n<strong><u>\u00ceN GR\u0102DINA MUZEULUI NA\u0162IONAL AL LITERATURII ROM\u00c2NE!<\/u><\/strong><\/p>\n<p><em>Unul dintre cei mai importan\u0163i regizori de teatru rom\u00e2ni \u2013 de fapt rom\u00e2no-canadian sau interna\u0163ional, f\u0103r\u0103 limite locale ori regionale \u2013 vine la\u00a0<\/em><strong>Cafeneaua critic\u0103<\/strong><em>: <strong>Alexander Hausvater<\/strong>. Dup\u0103 ce \u015fi-a tr\u0103it copil\u0103ria \u00een Rom\u00e2nia \u015fi adolescen\u0163a \u00een Israel, dup\u0103 studii de teatru<\/em><em>\/\u00a0<\/em><em>dramaturgie \u015fi dup\u0103 \u00eenceputuri scenice \u00een Irlanda, la Dublin, Alexander Hausvater (n\u0103scut pe 11 iunie 1949 \u00een Bucure\u015fti) s-a stabilit \u00een Canada (din 1971), a montat \u015fi monteaz\u0103 \u015fi pe alte meridiane, iar dup\u0103 c\u0103derea regimului comunist din Rom\u00e2nia a f\u0103cut \u201enaveta\u201d \u00eentre cultura de provenien\u0163\u0103 \u015fi cea de adop\u0163ie, continu\u00eendu-\u015fi \u015fi cariera interna\u0163ional\u0103. Este \u2013 de asemenea \u2013 autor dramatic, semnatar al mai multor volume cu piese de teatru, iar de cur\u00eend a publicat proz\u0103 memorialistic\u0103 \u00een\u00a0<strong>Ce dac\u0103<\/strong>(Editura Integral, 2017, cu o variant\u0103 \u00een limba german\u0103:\u00a0<strong>Was w\u04d3re wenn<\/strong>, aceea\u015fi editur\u0103, 2018). Despre opera sa au ap\u0103rut \u00een Rom\u00e2nia dou\u0103 c\u0103r\u0163i:\u00a0<strong>M\u0103\u015ftile lui Hausvater<\/strong>\u00a0de Cristina Modreanu (Funda\u0163ia Cultural\u0103 \u201eCamil Petrescu\u201d, 2005) \u015fi\u00a0<strong>Despre dictatori \u015fi al\u0163i demoni. Iulius Caesar, jurnal de repeti\u0163ii<\/strong>\u00a0de Cristina Rusiecki (Teatrul Na\u0163ional din Timi\u015foara, 2013).<\/em><br \/>\n<em>La\u00a0<\/em><strong>Cafeneaua critic\u0103<\/strong><em>, Alexander Hausvater va vorbi despre via\u0163a \u015fi despre cariera sa.<\/em><br \/>\nAmfitrion: Ion Bogdan Lefter.<br \/>\nEdi\u0163ie realizat\u0103 \u00een colaborare cu Muzeul Na\u0163ional al Literaturii Rom\u00e2ne, \u00een Gr\u0103dina Muzeului.<\/p>\n<p><strong>Cafeneaua critic\u0103<\/strong>\u00a0este un proiect de dezbateri culturale pe teme de actualitate. Prima serie s-a desf\u0103\u015furat \u00een anii 1994-1998 \u00een Cafeneaua Facult\u0103\u0163ii de Litere a Universit\u0103\u0163ii din Bucure\u015fti. Seria a doua a debutat \u00een noiembrie 2008 la Clubul TSC \u015fi a continuat la Clubul A, la Club Control, din nou la Club A, la POINT \u015fi la Muzeul Na\u0163ional al Literaturii Rom\u00e2ne \u2013 MNLR. De asemenea,\u00a0<strong>Cafeneaua critic\u0103<\/strong>\u00a0organizeaz\u0103 \u015fi edi\u0163ii \u201e\u00een deplasare\u201d, \u00een mijlocul evenimentelor culturale pe care le dezbate.<\/p>\n<p>*<\/p>\n<p><strong>Cafeneaua critic\u0103<\/strong><br \/>\nMiercuri 23 mai 2018, orele 19.00-22.00<br \/>\nGr\u0103dina\u00a0<em>MNLR\/\u00a0<\/em>Muzeul Na\u0163ional al Literaturii Rom\u00e2ne din\u00a0<a href=\"https:\/\/maps.google.com\/?q=Bucure%C5%9Fti+%0D%0AStr.+Nicolae+Cre%C5%A3ulescu+nr.+8&amp;entry=gmail&amp;source=g\">Bucure\u015fti<\/a><br \/>\nStr. Nicolae Cre\u0163ulescu nr. 8 (\u00een spatele Bisericii Albe de pe Calea Victoriei \u015fi \u00een spatele UNITER)<br \/>\nContact: 0731-00.30.22 (Andreea Dr\u0103ghicescu); 0737-210.978 (Paul Radu)<\/p>\n<p>_______________<\/p>\n<p>* Invita\u0163ii \u201estagiunii\u201d 2017-2018 \u015fi participan\u0163ii la discu\u0163ii: Geta Br\u0103tescu (prin imagini filmate \u00een atelier), Magda C\u00e2rneci, Ioana Cr\u0103ciunescu, Alina Ledeanu, Luiza Palanciuc-\u015eora, Mihai \u015eora \u015fi Simona Bondoc, Sergiu Celac, Ruxandra Dreptu, Dinu Dumbr\u0103vician, Ion Grigorescu, Radu Igazsag, Eugen Vasiliu (despre Geta Br\u0103tescu: prezentare a volumului\u00a0<strong>Atelier continuu<\/strong>, proiect al Funda\u0163iei Culturale Secolul 21) (edi\u0163ia a 214-a); Mircea Florian, Florin Manca, Oana Sav (despre tulnice, buciume \u015fi tr\u00eembi\u0163e) (edi\u0163ia a 215-a); Mihai \u015eora, Luiza Palanciuc-\u015eora \u015fi George Anca, Mircea Florian, Mihai Lauren\u021biu G\u00e2nj, Florin Manca (moment cu bucium!) (Mihai \u015eora \u2013 101 ani!) (edi\u0163ia a 216-a);\u00a0<em>Valery Oi\u015fteanu, Doru Ionescu<\/em>\u00a0\u015fi Mircea Florian, Andrei Oi\u015fteanu (aniversare Club A 49;<em>cultura alternativ\u0103 a anilor \u201960-\u201980<\/em>) (edi\u0163ia a 217-a); Sorin Antohi, Romulus Br\u00e2ncoveanu, Bogdan Ghiu, Magda C\u00e2rneci, Ioan Gro\u0219an, Valentin Petculescu, Simona Popescu, C\u0103lin Vlasie (despre Cenaclul de Luni) (edi\u0163ia a 218-a); Sorin Antohi, Anda Avr\u0103mu\u0163, Magda C\u00e2rneci, Simona Popescu, Paul Radu, Emanuel Ulubeanu (<em>excursie la Cenaclul de Luni, la Casa de Cultur\u0103 a Studen\u0163ilor<\/em>) (edi\u0163ia a 219-a);\u00a0<em>Mihai Zgondoiu, Dan Mircea Cipariu \u015fi Adrian Branea, C\u0103t\u0103lin Burcea, Mircea Deaca, Gabi Stamate (despre Galeria Atelier 030202)\u00a0<\/em>(edi\u0163ia a 220-a); Ioan Cristescu, Dinu Fl\u0103m\u00e2nd, Andra Rotaru, C\u0103t\u0103lina Matei, Cosmin Per\u0163a, Andreea Dr\u0103ghicescu (despre Festivalul Interna\u0163ional de Poezie Bucure\u015fti 2018) (edi\u0163ia a 221-a);\u00a0<em>Victor Ivanovici, Bruno Mazzoni \u015fi Silviu Angelescu, \u015eerban Anghelescu, Gheorghe Constantin, Andrei Oi\u015fteanu (despre medierea cultural\u0103)\u00a0<\/em>(edi\u0163ia a 222-a).<\/p>","protected":false},"excerpt":{"rendered":"<p>ATEN\u021aIE: MIERCURI! \u00ceN GR\u0102DINA MUZEULUI NA\u0162IONAL AL LITERATURII ROM\u00c2NE! Unul dintre cei mai importan\u0163i regizori de teatru rom\u00e2ni \u2013 de&#8230;<\/p>","protected":false},"author":1,"featured_media":5797,"comment_status":"closed","ping_status":"closed","sticky":false,"template":"","format":"standard","meta":{"_exactmetrics_skip_tracking":false,"_exactmetrics_sitenote_active":false,"_exactmetrics_sitenote_note":"","_exactmetrics_sitenote_category":0,"footnotes":""},"categories":[9],"tags":[],"class_list":["post-5796","post","type-post","status-publish","format-standard","has-post-thumbnail","hentry","category-evenimente"],"_links":{"self":[{"href":"https:\/\/mnlr.ro\/en\/wp-json\/wp\/v2\/posts\/5796","targetHints":{"allow":["GET"]}}],"collection":[{"href":"https:\/\/mnlr.ro\/en\/wp-json\/wp\/v2\/posts"}],"about":[{"href":"https:\/\/mnlr.ro\/en\/wp-json\/wp\/v2\/types\/post"}],"author":[{"embeddable":true,"href":"https:\/\/mnlr.ro\/en\/wp-json\/wp\/v2\/users\/1"}],"replies":[{"embeddable":true,"href":"https:\/\/mnlr.ro\/en\/wp-json\/wp\/v2\/comments?post=5796"}],"version-history":[{"count":1,"href":"https:\/\/mnlr.ro\/en\/wp-json\/wp\/v2\/posts\/5796\/revisions"}],"predecessor-version":[{"id":5798,"href":"https:\/\/mnlr.ro\/en\/wp-json\/wp\/v2\/posts\/5796\/revisions\/5798"}],"wp:featuredmedia":[{"embeddable":true,"href":"https:\/\/mnlr.ro\/en\/wp-json\/wp\/v2\/media\/5797"}],"wp:attachment":[{"href":"https:\/\/mnlr.ro\/en\/wp-json\/wp\/v2\/media?parent=5796"}],"wp:term":[{"taxonomy":"category","embeddable":true,"href":"https:\/\/mnlr.ro\/en\/wp-json\/wp\/v2\/categories?post=5796"},{"taxonomy":"post_tag","embeddable":true,"href":"https:\/\/mnlr.ro\/en\/wp-json\/wp\/v2\/tags?post=5796"}],"curies":[{"name":"wp","href":"https:\/\/api.w.org\/{rel}","templated":true}]}}