{"id":6080,"date":"2018-06-22T14:02:02","date_gmt":"2018-06-22T11:02:02","guid":{"rendered":"http:\/\/mnlr.ro\/?p=6080"},"modified":"2018-06-22T16:30:13","modified_gmt":"2018-06-22T13:30:13","slug":"sesiune-de-autografe-margareta-paslaru-jurul-albumului-providenta-60-de-ani-de-activitate","status":"publish","type":"post","link":"https:\/\/mnlr.ro\/en\/sesiune-de-autografe-margareta-paslaru-jurul-albumului-providenta-60-de-ani-de-activitate\/","title":{"rendered":"Sesiune de autografe Margareta P\u00e2slaru | 60 de ani de activitate"},"content":{"rendered":"<p><strong>Muzeul Na\u021bional al Literaturii Rom\u00e2ne v\u0103 invit\u0103 joi, 28 iunie 2018, ora 18.00, la sediul din Str. Nicolae Cre\u021bulescu nr. 8 (\u00een spatele Bisericii Albe), la o sesiune de autografe Margareta P\u00e2slaru \u00een jurul albumului \u201eProviden\u021ba\u201d, prilejuit\u0103 de aniversarea a 60 de ani de activitate ne\u00eentrerupt\u0103 pe multiple planuri.<\/strong><\/p>\n<p>Artista a debutat \u00een 1958 la Casa de Cultur\u0103 \u201eGrivi\u0163a Ro\u015fie\u201d, fiind acompaniat\u0103 de Paul Ghentzer. T\u00e2n\u0103rul George Grigoriu o remarc\u0103 \u0219i compune special pentru timbrul elevei <strong>P\u00e2slaru Margareta<\/strong> \u201eChemarea m\u0103rii\u201d, \u00eenregistrat\u0103 \u00een 1959 la Radio. Liviu Ciulei \u00eei ofer\u0103 \u00een 1962 rolul Polly din piesa \u201eOpera de trei parale\u201d de B. Brecht, al\u0103turi de Toma Caragiu.\u00a0 Inaugureaz\u0103 Festivalul Mamaia \u00een 1963. Pentru rolul Iulia &#8211; coproduc\u021bia \u201eTUNELUL\u201d regia F. Munteanu &#8211; Margareta prime\u0219te \u00een 1966 \u201eDiploma de debut \u00een cinematografie\u201d. A dat tonul cu primul recital One Woman Show la Casa Armatei serb\u00e2nd zece ani de activitate \u0219i cu Discul de aur, primit tot \u00een 1968.\u00a0 Este invitat\u0103 la MIDEM &#8211; Cannes 1969, de unde se \u00eentoarce cu Discul de Marmur\u0103-Trofeul MIDEM. Versuri semnate de Blaga, Minulescu, Horea, Carianopol, Eminescu, devin o surs\u0103 de inspira\u021bie \u0219i Margareta compune. \u00cent\u00e2lnirea cu Maria T\u0103nase, sfatul primit, \u00eei d\u0103 curajul de a aborda \u0219i muzica popular\u0103. De mai bine de 25 de ani, toate albumele realizate \u015fi lansate au avut o finalitate umanitar\u0103. \u015ei de data acesta, drepturile de autor ob\u0163inute din v\u00e2nzarea albumului vor fi donate Asocia\u0163iei Nev\u0103z\u0103torilor din Rom\u00e2nia. \u015ei toate acestea pentru c\u0103, a\u015fa cum spunea Margareta P\u00e2slaru, \u201e\u00een tinere\u0163e ne str\u0103duim s\u0103 ne facem un nume. La maturitate trebuie s\u0103 folosim spre binele altora\u201d\u2026<\/p>\n<p>\u201e<em>\u00cenc\u0103 de la prima afirmare \u00een carier\u0103, Margareta P\u00e2slaru a entuziasmat cu glasul s\u0103u absolut singular \u00een panorama vocalit\u0103\u021bii genului at\u00e2t pe plan na\u021bional, c\u00e2t \u0219i interna\u021bional. \u021aes\u0103tura \u0219i ambitusul tonal de contralt\u0103 autentic\u0103 se desf\u0103\u0219oar\u0103 \u00eentr-o sonoritate cu multiple rezonan\u021be poten\u021bate de bog\u0103\u021bia timbral\u0103 a expresivit\u0103\u021bii filtrate printr-o sensibilitate multiplu preg\u0103tit\u0103 \u0219i antrenat\u0103 prin studii de pian \u0219i balet de la cea mai fraged\u0103 v\u00e2rst\u0103 \u0219i \u00eentreprinse cu mae\u0219tri de prim\u0103 m\u0103rime<\/em>\u201d, scria dr. Stephan Poen, doctor \u00een Medicin\u0103 \u0219i Muzicologie, despre doamna Margareta P\u00e2slaru.<\/p>\n<p>Albumul de autor, ce cuprinde 25 de melodii, este un proiect discografic produs de \u201ee-Multimedia\u201d (Andrei Enescu, director Radio Clasic, unde emisiunea \u201eMargareta P\u00e2slaru de vorb\u0103 cu\u2026.\u201d se bucur\u0103 de mare audien\u0163\u0103) \u015fi sponsorizat de Ion Antonescu (Marshal) \u015fi UCIN. \u00cenregistr\u0103rile au avut loc \u00een studioul compozitorului Jolt Kerestely, cu care artista lucreaz\u0103 din anul 1964, iar masteriz\u0103rile au fost realizate de Andrei Kerestely. Muzica apar\u0163ine Margaretei P\u00e2slaru, care semneaz\u0103 \u015fi versurile c\u00e2torva dintre piese.<\/p>\n<p>\u201e<em>Fericit\u0103 coinciden\u021b\u0103! 2018 marcheaz\u0103 Marea Unire, 90 de ani de Radio, iar pentru mine 60 de ani activi de la debutul care a creat un impact durabil. Tulburarea st\u00e2rnit\u0103 de versurile unor poe\u021bi prezen\u021bi pe albumul de autor \u00abProviden\u021ba\u00bb, precum Ana Blandiana, George Bacovia, George \u021a\u0103rnea, Oscar Wilde, Constan\u021ba Buzea, Marius Tuc\u0103, vibreaz\u0103 \u00een glas. Am reg\u0103sit printre strofe propriul univers, solitudinea necesar\u0103. Piscurile reu\u0219itelor r\u0103m\u00e2n, nu se repet\u0103, evolu\u0103m \u00een pas cu dinamica autentic\u0103 din noi \u00een\u0219ine<\/em>\u201d, m\u0103rturisea doamna Margareta P\u00e2slaru, cre\u00e2nd astfel o punte \u00eentre muzic\u0103 \u0219i vers, \u00eentre dumneaei \u0219i Muzeul Na\u021bional al Literaturii Rom\u00e2ne.<\/p>\n<p>Intrarea este liber\u0103, \u00een limita locurilor disponibile.V\u0103 a\u0219tept\u0103m cu drag!<\/p>","protected":false},"excerpt":{"rendered":"<p>Muzeul Na\u021bional al Literaturii Rom\u00e2ne v\u0103 invit\u0103 joi, 28 iunie 2018, ora 18.00, la sediul din Str. Nicolae Cre\u021bulescu nr&#8230;.<\/p>","protected":false},"author":1,"featured_media":6081,"comment_status":"closed","ping_status":"closed","sticky":false,"template":"","format":"standard","meta":{"_exactmetrics_skip_tracking":false,"_exactmetrics_sitenote_active":false,"_exactmetrics_sitenote_note":"","_exactmetrics_sitenote_category":0,"footnotes":""},"categories":[9],"tags":[],"class_list":["post-6080","post","type-post","status-publish","format-standard","has-post-thumbnail","hentry","category-evenimente"],"_links":{"self":[{"href":"https:\/\/mnlr.ro\/en\/wp-json\/wp\/v2\/posts\/6080","targetHints":{"allow":["GET"]}}],"collection":[{"href":"https:\/\/mnlr.ro\/en\/wp-json\/wp\/v2\/posts"}],"about":[{"href":"https:\/\/mnlr.ro\/en\/wp-json\/wp\/v2\/types\/post"}],"author":[{"embeddable":true,"href":"https:\/\/mnlr.ro\/en\/wp-json\/wp\/v2\/users\/1"}],"replies":[{"embeddable":true,"href":"https:\/\/mnlr.ro\/en\/wp-json\/wp\/v2\/comments?post=6080"}],"version-history":[{"count":4,"href":"https:\/\/mnlr.ro\/en\/wp-json\/wp\/v2\/posts\/6080\/revisions"}],"predecessor-version":[{"id":6088,"href":"https:\/\/mnlr.ro\/en\/wp-json\/wp\/v2\/posts\/6080\/revisions\/6088"}],"wp:featuredmedia":[{"embeddable":true,"href":"https:\/\/mnlr.ro\/en\/wp-json\/wp\/v2\/media\/6081"}],"wp:attachment":[{"href":"https:\/\/mnlr.ro\/en\/wp-json\/wp\/v2\/media?parent=6080"}],"wp:term":[{"taxonomy":"category","embeddable":true,"href":"https:\/\/mnlr.ro\/en\/wp-json\/wp\/v2\/categories?post=6080"},{"taxonomy":"post_tag","embeddable":true,"href":"https:\/\/mnlr.ro\/en\/wp-json\/wp\/v2\/tags?post=6080"}],"curies":[{"name":"wp","href":"https:\/\/api.w.org\/{rel}","templated":true}]}}