{"id":6234,"date":"2018-07-24T15:37:26","date_gmt":"2018-07-24T12:37:26","guid":{"rendered":"http:\/\/mnlr.ro\/?p=6234"},"modified":"2018-08-30T10:23:38","modified_gmt":"2018-08-30T07:23:38","slug":"ducu-bertzi-si-irina-furdui-in-gradina-la-muzeu","status":"publish","type":"post","link":"https:\/\/mnlr.ro\/en\/ducu-bertzi-si-irina-furdui-in-gradina-la-muzeu\/","title":{"rendered":"Ducu Bertzi \u0219i Irina Furdui \u00een gr\u0103din\u0103 la Muzeu"},"content":{"rendered":"<p><strong>Muzeul Na\u021bional al Literaturii Rom\u00e2ne v\u0103 invit\u0103 la o nou\u0103 \u00eent\u00e2lnire cu Ducu Bertzi \u0219i Irina Furdui \u00een gr\u0103dina din Str. Nicolae Cre\u021bulescu nr. 8 (\u00een spatele Bisericii Albe), mar\u021bi, 28 august 2018, de la ora 19.00.<\/strong><\/p>\n<p>Mama sa a fost educatoare \u015fi \u00eenv\u0103\u0163\u0103toare, iar tat\u0103l, profesor de matematic\u0103 \u015fi fizic\u0103. To\u0163i cei din familie au avut de-a face cu matematica \u015fi fizica, iar <strong>Ducu Bertzi<\/strong> spune z\u00e2mbind c\u0103 el a s\u0103rit oarecum din schem\u0103, pentru c\u0103, de\u015fi a terminat Politehnica, s-a sim\u0163it atras de lumea artistic\u0103. La Casa de Cultur\u0103 de la Sighet s-a \u00eent\u00e2lnit prima dat\u0103 cu vioara \u015fi chitara. \u00cen timpul liceului pere\u0163ii camerei sale erau tapeta\u0163i cu afi\u015fe cu Phoenix. A venit la Bucure\u015fti datorit\u0103 dorin\u0163ei de a face \u015fi o carier\u0103 artistic\u0103. \u015ei a reu\u015fit. \u00cencet, \u00eencet, s-a apropiat de folk, de poezie. A c\u00e2ntat \u00een grupul Song, condus de Ioan Luchian Mihalea,\u00a0 apoi la \u201eFlac\u0103ra\u201c, \u00een \u201976. Din 1985, dup\u0103 desfiin\u0163area Cenaclului Flac\u0103ra, a \u00eenregistrat piese noi care au devenit instantaneu \u015flag\u0103re: \u201e\u015ei de-ar fi\u201d, \u201eTrece dorul\u201d, \u201eFloare de col\u0163\u201d, \u201eFocul v\u00e2n\u0103t\u201d. Cu peste 4000 de spectacole la activ, Ducu Bertzi este o personalitate carismatic\u0103 ce reune\u015fte voce, har, inteligen\u0163\u0103, energie, magnetism, str\u0103lucire, ceva aproape inexplicabil, magic, legat de sacralitatea artei pe care a ales s\u0103 o slujeasc\u0103.<\/p>\n<p>Ducu Bertzi a acceptat invita\u021bia de a c\u00e2nta \u00een gr\u0103dina Muzeului Na\u021bional al Literaturii Rom\u00e2ne, pentru c\u0103 dintotdeauna Cuv\u00e2ntul, Poezia au contat pentru el. \u201eE foarte important s\u0103 nu-\u0163i ui\u0163i r\u0103d\u0103cinile, s\u0103 nu te rupi de ele. Cu c\u00e2t le sim\u0163i mai profund, cu at\u00e2t e\u015fti mai puternic. Iar Maramure\u015ful m-a \u00eenv\u0103\u0163at acest lucru. \u0102sta a fost norocul meu, s\u0103 m\u0103 nasc acolo. \u015ei de aceea spun povestea norocului de c\u00e2nd m\u0103 \u015ftiu\u201d, m\u0103rturise\u0219te Ducu Bertzi. \u201eMunca, dac\u0103 este f\u0103cut\u0103 cinstit, f\u0103r\u0103 prejudec\u0103\u0163i \u015fi orgolii, este, p\u00e2n\u0103 la urm\u0103, r\u0103spl\u0103tit\u0103. La performan\u0163e nu ajungi dec\u00e2t cu ajutorul celor care te sus\u0163in \u015fi r\u0103splata noastr\u0103, dup\u0103 ce interac\u0163ion\u0103m cu ace\u015ftia, este o poart\u0103 spre t\u0103r\u00e2muri prin care nu to\u0163i reu\u015fesc s\u0103 p\u0103trund\u0103. Aceast\u0103 poart\u0103 se nume\u015fte prietenie. \u00centr-o prietenie adev\u0103rat\u0103 fiecare d\u0103ruie\u015fte f\u0103r\u0103 s\u0103 i se cear\u0103. Nimeni nu e dator nim\u0103nui. Am r\u0103mas cu prietenii solide, care-mi fac bucurie, nu sunt multe, dar toate sunt deosebite\u201d.<\/p>\n<p>Intrarea la concert este liber\u0103, \u00een limita locurilor disponibile.<\/p>\n<p>V\u0103 a\u0219tept\u0103m cu drag!<\/p>","protected":false},"excerpt":{"rendered":"<p>Muzeul Na\u021bional al Literaturii Rom\u00e2ne v\u0103 invit\u0103 la o nou\u0103 \u00eent\u00e2lnire cu Ducu Bertzi \u0219i Irina Furdui \u00een gr\u0103dina din&#8230;<\/p>","protected":false},"author":8,"featured_media":6235,"comment_status":"closed","ping_status":"closed","sticky":false,"template":"","format":"standard","meta":{"_exactmetrics_skip_tracking":false,"_exactmetrics_sitenote_active":false,"_exactmetrics_sitenote_note":"","_exactmetrics_sitenote_category":0,"footnotes":""},"categories":[9],"tags":[],"class_list":["post-6234","post","type-post","status-publish","format-standard","has-post-thumbnail","hentry","category-evenimente"],"_links":{"self":[{"href":"https:\/\/mnlr.ro\/en\/wp-json\/wp\/v2\/posts\/6234","targetHints":{"allow":["GET"]}}],"collection":[{"href":"https:\/\/mnlr.ro\/en\/wp-json\/wp\/v2\/posts"}],"about":[{"href":"https:\/\/mnlr.ro\/en\/wp-json\/wp\/v2\/types\/post"}],"author":[{"embeddable":true,"href":"https:\/\/mnlr.ro\/en\/wp-json\/wp\/v2\/users\/8"}],"replies":[{"embeddable":true,"href":"https:\/\/mnlr.ro\/en\/wp-json\/wp\/v2\/comments?post=6234"}],"version-history":[{"count":3,"href":"https:\/\/mnlr.ro\/en\/wp-json\/wp\/v2\/posts\/6234\/revisions"}],"predecessor-version":[{"id":6238,"href":"https:\/\/mnlr.ro\/en\/wp-json\/wp\/v2\/posts\/6234\/revisions\/6238"}],"wp:featuredmedia":[{"embeddable":true,"href":"https:\/\/mnlr.ro\/en\/wp-json\/wp\/v2\/media\/6235"}],"wp:attachment":[{"href":"https:\/\/mnlr.ro\/en\/wp-json\/wp\/v2\/media?parent=6234"}],"wp:term":[{"taxonomy":"category","embeddable":true,"href":"https:\/\/mnlr.ro\/en\/wp-json\/wp\/v2\/categories?post=6234"},{"taxonomy":"post_tag","embeddable":true,"href":"https:\/\/mnlr.ro\/en\/wp-json\/wp\/v2\/tags?post=6234"}],"curies":[{"name":"wp","href":"https:\/\/api.w.org\/{rel}","templated":true}]}}