{"id":6246,"date":"2018-07-24T16:22:31","date_gmt":"2018-07-24T13:22:31","guid":{"rendered":"http:\/\/mnlr.ro\/?p=6246"},"modified":"2018-07-24T16:26:01","modified_gmt":"2018-07-24T13:26:01","slug":"mircea-vintila-in-gradina-la-muzeu","status":"publish","type":"post","link":"https:\/\/mnlr.ro\/en\/mircea-vintila-in-gradina-la-muzeu\/","title":{"rendered":"Mircea Vintil\u0103 \u00een gr\u0103din\u0103 la Muzeu"},"content":{"rendered":"<p><strong>Muzeul Na\u021bional al Literaturii Rom\u00e2ne v\u0103 a\u0219teapt\u0103 la concertul din gr\u0103din\u0103 sus\u021binut de cantautorul Mircea Vintil\u0103, mar\u021bi, 7 august 2018, ora 19.00, la sediul din Str. Nicolae Cre\u021bulescu nr. 8 (\u00een spatele Bisericii Albe).<\/strong><\/p>\n<p><strong>Mircea Vintil\u0103<\/strong> s-a n\u0103scut \u00een data de 23 martie 1949 la Bucure\u0219ti \u0219i a fost interesat de muzic\u0103 din copil\u0103rie. A urmat \u0218coala de Muzic\u0103, clasa viol\u0103. A terminat Liceul \u201eGheorghe Laz\u0103r\u201d \u0219i apoi a absolvit Institutul de Construc\u021bii din Bucure\u0219ti, \u00een anul 1974. Mircea Vintil\u0103 c\u00e2nt\u0103 al\u0103turi de al\u021bi prestigio\u0219i arti\u0219ti (Mircea Florian, Marcela Saftiuc, Doru St\u0103nculescu) la primul festival studen\u021besc de muzic\u0103 folk din anul 1971, la Clubul 303, apar\u021bin\u00e2nd Universit\u0103\u021bii Politehnice Bucure\u0219ti, apoi la Clubul Universitas, la Casa de Cultur\u0103 a Studen\u021bilor \u201eGrigore Preoteasa\u201d \u0219i \u00een Cenaclul Flac\u0103ra.<\/p>\n<p>Mircea Vintil\u0103 face parte din prima genera\u021bie de arti\u0219ti folk din Rom\u00e2nia, cea a anilor \u201970. A compus c\u00e2ntece pe versuri de George Co\u0219buc, Tudor Arghezi, Florian Pitti\u0219, Gheorghe Azap \u0219i al\u021bii. Este recunoscut pentru faptul c\u0103 o parte dintre c\u00e2ntecele sale recreeaz\u0103 atmosfera \u0219i farmecul Bucure\u0219tiului de odinioar\u0103. \u00cen 1992 fondeaz\u0103, \u00eempreun\u0103 cu Mircea Baniciu, Florian Pitti\u0219 \u0219i Vlady Cnejevici, grupul Pas\u0103rea Colibri, desf\u0103\u0219ur\u00e2nd o prestigioas\u0103 activitate discografic\u0103 \u0219i de turneu \u00een \u021bar\u0103 \u0219i str\u0103in\u0103tate.<\/p>\n<p>Pe Mircea Vintil\u0103 nu-l po\u021bi confunda cu nimeni. Este UNIC. \u201eAm acceptat s\u0103 vin \u00een gr\u0103dina Muzeului Na\u021bional al Literaturii Rom\u00e2ne cu g\u00e2ndul la Poezie, la bucuria de a m\u0103 \u00eent\u00e2lni cu oameni frumo\u0219i. Nu am cum s\u0103 uit c\u0103 \u00eent\u00e2lnirea mea cu poetul Adrian P\u0103unescu, at\u00e2t de natural\u0103 \u0219i de fireasc\u0103, a dat na\u0219tere unor lucruri minunate. \u00cen perioada \u00een care eu am debutat, s\u0103 ai o cronic\u0103 la spectacol \u00een revista Flac\u0103ra, s\u0103 fii difuzat la radio, era ceva de necrezut. Talentul este 1 la sut\u0103, restul este mult\u0103 transpira\u021bie \u0219i munc\u0103. Degeaba ai talent dac\u0103 nu faci nimic. Se nasc mul\u021bi oameni talenta\u021bi, dar nefiind educa\u021bi \u00een acest sens, neav\u00e2nd p\u0103rin\u021bi care s\u0103 vad\u0103 \u00een ei acel ceva numit talent nu \u00eei \u00eendrum\u0103 \u00een direc\u021bia \u00een care ace\u0219tia s\u0103-\u0219i construiasc\u0103 un viitor potrivit. Nu se \u0219tie niciodat\u0103, toate sunt ghidate cumva de sus. Este o munc\u0103 teribil\u0103 pe care o faci \u0219i tu, \u0219i al\u021bii, pentru c\u0103 e\u0219ti tot timpul pe drumuri. Sunt at\u00e2t de bucuros \u0219i at\u00e2t de fericit cu ceea ce fac, ceea ce simt \u0219i ceea ce tr\u0103iesc, \u00eenc\u00e2t mie nu-mi lipse\u0219te nimic\u201d, afirm\u0103 Mircea Vintil\u0103.<\/p>\n<p>Intrarea este liber\u0103, \u00een limita locurilor disponibile!<\/p>\n<p>V\u0103 a\u0219tept\u0103m cu drag!<\/p>","protected":false},"excerpt":{"rendered":"<p>Muzeul Na\u021bional al Literaturii Rom\u00e2ne v\u0103 a\u0219teapt\u0103 la concertul din gr\u0103din\u0103 sus\u021binut de cantautorul Mircea Vintil\u0103, mar\u021bi, 7 august 2018,&#8230;<\/p>","protected":false},"author":8,"featured_media":6247,"comment_status":"closed","ping_status":"closed","sticky":false,"template":"","format":"standard","meta":{"_exactmetrics_skip_tracking":false,"_exactmetrics_sitenote_active":false,"_exactmetrics_sitenote_note":"","_exactmetrics_sitenote_category":0,"footnotes":""},"categories":[9],"tags":[],"class_list":["post-6246","post","type-post","status-publish","format-standard","has-post-thumbnail","hentry","category-evenimente"],"_links":{"self":[{"href":"https:\/\/mnlr.ro\/en\/wp-json\/wp\/v2\/posts\/6246","targetHints":{"allow":["GET"]}}],"collection":[{"href":"https:\/\/mnlr.ro\/en\/wp-json\/wp\/v2\/posts"}],"about":[{"href":"https:\/\/mnlr.ro\/en\/wp-json\/wp\/v2\/types\/post"}],"author":[{"embeddable":true,"href":"https:\/\/mnlr.ro\/en\/wp-json\/wp\/v2\/users\/8"}],"replies":[{"embeddable":true,"href":"https:\/\/mnlr.ro\/en\/wp-json\/wp\/v2\/comments?post=6246"}],"version-history":[{"count":3,"href":"https:\/\/mnlr.ro\/en\/wp-json\/wp\/v2\/posts\/6246\/revisions"}],"predecessor-version":[{"id":6250,"href":"https:\/\/mnlr.ro\/en\/wp-json\/wp\/v2\/posts\/6246\/revisions\/6250"}],"wp:featuredmedia":[{"embeddable":true,"href":"https:\/\/mnlr.ro\/en\/wp-json\/wp\/v2\/media\/6247"}],"wp:attachment":[{"href":"https:\/\/mnlr.ro\/en\/wp-json\/wp\/v2\/media?parent=6246"}],"wp:term":[{"taxonomy":"category","embeddable":true,"href":"https:\/\/mnlr.ro\/en\/wp-json\/wp\/v2\/categories?post=6246"},{"taxonomy":"post_tag","embeddable":true,"href":"https:\/\/mnlr.ro\/en\/wp-json\/wp\/v2\/tags?post=6246"}],"curies":[{"name":"wp","href":"https:\/\/api.w.org\/{rel}","templated":true}]}}