{"id":6540,"date":"2018-09-13T10:29:40","date_gmt":"2018-09-13T07:29:40","guid":{"rendered":"http:\/\/mnlr.ro\/?p=6540"},"modified":"2018-09-13T10:29:40","modified_gmt":"2018-09-13T07:29:40","slug":"strada-copiilor","status":"publish","type":"post","link":"https:\/\/mnlr.ro\/en\/strada-copiilor\/","title":{"rendered":"Strada Copiilor"},"content":{"rendered":"<p><strong>Din 15 septembrie, \u00een recrea\u021bia mare, ne vedem pe\u00a0<em>Strada Copiilor<\/em>!<\/strong><\/p>\n<p>\u00cen perioada 10 &#8211; 23 septembrie 2018, Institutul de Management \u0219i Dezvoltare Durabil\u0103 (IMDD), \u00een parteneriat cu Biblioteca Central\u0103 Universitar\u0103 \u201eCarol I\u201d, Funda\u021bia Universitar\u0103 \u201eCarol I\u201d \u0219i Muzeul Na\u021bional al Literaturii Rom\u00e2ne, organizeaz\u0103\u00a0<em>Strada Copiilor<\/em>, parte a celui mai mare festival cultural \u00een aer liber,\u00a0<em>Strada de C\u2019Arte<\/em>. Ajuns\u0103 la a \u0219aptea edi\u021bie,\u00a0<em>Strada Copiilor<\/em>\u00a0are la baz\u0103 un set de ateliere cu caracter cultural \u0219i educativ, menite s\u0103 \u00eei introduc\u0103 pe cei mici \u00een lumea artei \u0219i a educa\u021biei non-formale, s\u0103 \u00eei ajute s\u0103 \u00ee\u0219i dezvolte abilit\u0103\u021bile, totul \u00een aer liber \u00een arealul statuii ecvestre a lui Carol I.<\/p>\n<p>Aceast\u0103 edi\u021bie aduce o nou\u0103 serie de ateliere de crea\u021bie, sus\u021binute de Sergiu Chihaia \u0219i\u00a0ArtCrowd, care\u00a0\u00eei vor \u00eencuraja pe tinerii participan\u021bi s\u0103 dea fr\u00e2u liber imagina\u021biei, concursuri \u015fi concerte dedicate copiilor.<\/p>\n<p><strong>Programul<\/strong>\u00a0activit\u0103\u021bilor de pe\u00a0<strong><em>Strada Copiilor<\/em>\u00a0<\/strong>este:<br \/>\n<u><strong>S\u00e2mb\u0103t\u0103, 15 septembrie<\/strong><\/u><br \/>\n11:00 &#8211; 13:00 &#8211; Ateliere pentru copii \u201eMuzeul, colec\u021bionarii \u0219i patrimoniul material\u201d, ArtCrowd, din programul educativ desf\u0103\u0219urat de Muzeul Na\u021bional al Literaturii Rom\u00e2ne prin Casele Memoriale pe care le administreaz\u0103, Strada Copiilor (IMDD)<\/p>\n<p><u><strong>Duminic\u0103, 16 septembrie<\/strong><\/u><br \/>\n11:00 &#8211; 13:00 &#8211; Ateliere pentru copii \u201eAnimale \u0219i creaturi fantastice \u00een art\u0103\u201d, ArtCrowd, din programul educativ desf\u0103\u0219urat de Muzeul Na\u021bional al Literaturii Rom\u00e2ne prin Casele Memoriale pe care le administreaz\u0103, Strada Copiilor (IMDD)<\/p>\n<p><u><strong>Luni, 17 septembrie<\/strong><\/u><br \/>\n19:30- 20:30 &#8211;\u00a0Concert al Corului Cantus Mundi Rom\u00e2nia, Corul Na\u021bional de Camer\u0103 \u201eMadrigal &#8211; Marin Constantin, Programul Na\u021bional Cantus Mundi\u201d,\u00a0Aul\u0103<\/p>\n<p><u><strong>Vineri, 21 septembrie<\/strong><\/u><br \/>\n16:00 &#8211; 17:30 &#8211; EDUCA\u021aIE LA FIRUL IERBII \u2013 dezbatere cu tema APA, \u201eS\u0103 nu uit\u0103m c\u0103 cercul apei \u0219i al vie\u021bii este acela\u0219i\u201d &#8211; Jacque Yves Cousteau, Aul\u0103<br \/>\n17:30 &#8211; 18:30 &#8211; Ateliere pentru copii \u201eReciclare creativ\u0103 cu Sergiu Chihaia\u201d, Strada Copiilor (IMDD)<br \/>\n18:00 &#8211; 19:00 &#8211; Concert al Corului Cantus Mundi Rom\u00e2nia, Corul Na\u021bional de Camer\u0103 \u201eMadrigal &#8211; Marin Constantin, Programul Na\u021bional Cantus Mundi\u201d, marcarea Centenarului Marii Uniri de la 1918, Aul\u0103<\/p>\n<p><u><strong>S\u00e2mb\u0103t\u0103, 22 septembrie<\/strong><\/u><br \/>\n11:00 &#8211; 13:00 &#8211; Ateliere pentru copii \u201ePortretul: reprezentare \u0219i autoreprezentare\u201d, ArtCrowd, din programul educativ desf\u0103\u0219urat de Muzeul Na\u021bional al Literaturii Rom\u00e2ne prin Casele Memoriale pe care le administreaz\u0103, Strada Copiilor (IMDD)<\/p>\n<p>\u00cen plus, Institutul de Management \u015fi Dezvoltare Durabil\u0103 organizeaz\u0103 cea de-a 9-a edi\u0163ie a dezbaterilor\u00a0<em>Educa\u0163ie la firul ierbii<\/em>. Dezbaterea va aduce \u00eempreun\u0103 reprezentan\u0163i ai organiza\u0163iilor neguvernamentale, profesori, elevi, oameni de cultur\u0103 \u015fi reprezentanti ai companiilor de profil.<br \/>\nAnul acesta, dezbaterea va aborda o tem\u0103 foarte actual\u0103 \u0219i sensibil\u0103, cea a resurselor naturale, APA &#8211; \u201eS\u0103 nu uit\u0103m c\u0103 cercul apei \u0219i al vie\u021bii este acela\u0219i\u201d. \u00a0\u00a0\u00a0\u00a0\u00a0\u00a0\u00a0\u00a0\u00a0\u00a0\u00a0\u00a0\u00a0\u00a0\u00a0\u00a0\u00a0\u00a0\u00a0\u00a0\u00a0\u00a0\u00a0\u00a0\u00a0\u00a0\u00a0\u00a0\u00a0\u00a0<wbr \/>\u00a0\u00a0\u00a0\u00a0\u00a0\u00a0\u00a0\u00a0\u00a0\u00a0\u00a0\u00a0\u00a0\u00a0\u00a0\u00a0\u00a0\u00a0\u00a0\u00a0\u00a0\u00a0\u00a0\u00a0\u00a0\u00a0\u00a0\u00a0\u00a0\u00a0<wbr \/>\u00a0\u00a0\u00a0\u00a0\u00a0\u00a0\u00a0\u00a0\u00a0\u00a0\u00a0\u00a0\u00a0\u00a0\u00a0\u00a0\u00a0\u00a0\u00a0\u00a0\u00a0\u00a0\u00a0\u00a0\u00a0\u00a0\u00a0\u00a0\u00a0\u00a0<wbr \/>\u00a0\u00a0\u00a0\u00a0\u00a0\u00a0\u00a0\u00a0\u00a0\u00a0\u00a0\u00a0\u00a0\u00a0\u00a0\u00a0\u00a0\u00a0\u00a0\u00a0\u00a0\u00a0\u00a0\u00a0\u00a0\u00a0\u00a0\u00a0\u00a0\u00a0<wbr \/>\u00a0\u00a0\u00a0\u00a0\u00a0\u00a0\u00a0\u00a0\u00a0\u00a0\u00a0\u00a0\u00a0\u00a0\u00a0\u00a0\u00a0\u00a0\u00a0\u00a0\u00a0\u00a0\u00a0\u00a0\u00a0\u00a0\u00a0\u00a0\u00a0\u00a0<wbr \/><br \/>\n\u00cen continuarea eforturilor de implicare social\u0103, IMDD va organiza \u015fi anul acesta campania de str\u00e2ngere de c\u0103r\u0163i \u201eFiecare copil merit\u0103 s\u0103 citeasc\u0103 \u2013 Doneaz\u0103 o carte!\u201d. To\u0163i participan\u0163ii la\u00a0<em>Strada Copiilor<\/em>\u00a0\u015fi\u00a0<em>Strada de C\u2019Arte<\/em>\u00a0sunt \u00eencuraja\u0163i s\u0103 ofere \u00een dar cel pu\u0163in o carte \u00een spa\u0163iul special amenajat, iar toate dona\u0163iile primite \u00een timpul evenimentului vor merge c\u0103tre organiza\u0163ii \u015fi centre pentru copii.<\/p>\n<p><strong><em>Despre Strada Copiilor<\/em><\/strong><br \/>\nStrada Copiilor este un proiect consacrat ajuns deja la a \u0219aptea edi\u021bie, care \u00ee\u0219i propune s\u0103 ofere fiec\u0103rui copil\/ t\u00e2n\u0103r, indiferent de mediul socio-economic din care provine, posibilitatea de a participa la evenimente culturale de valoare, \u00eentr-un cadru non-formal. Astfel, fiecare copil\/ t\u00e2n\u0103r are oportunitatea de a aprofunda interesul ori talentul s\u0103u pentru expresiile artistice \u00een cadrul atelierelor de crea\u021bie ce compun proiectul cultural.\u00a0<em>Strada Copiilor<\/em>\u00a0este parte dintr-un amplu program cultural care printr-o diversitate de manifest\u0103ri artistice (ateliere de crea\u021bie cu specific diferit) promoveaz\u0103 valorile culturale \u00een r\u00e2ndul copiilor\/ tinerilor \u0219i \u00een r\u00e2ndul\u00a0familiilor acestora. Proiectul ini\u021biat de IMDD a debutat \u00een anul 2011 \u00een cadrul\u00a0<em>Str\u0103zii de C\u2019Arte<\/em>, cel mai mare festival cultural organizat \u00een aer liber de c\u0103tre Biblioteca Centrala Universitar\u0103 \u201eCarol I\u201d \u0219i av\u00e2nd parteneri strategici Prim\u0103ria Municipiului Bucure\u0219ti \u0219i Muzeul Na\u021bional al Literaturii Rom\u00e2ne. \u00cen cifre, Strada Copiilor arat\u0103 astfel: peste 6000 de copii \u0219i tineri participan\u021bi la activit\u0103\u021bi (\u00een toate cele 6 edi\u021bii); peste 30 de ateliere \u0219i evenimente organizate; peste 60 de voluntari implica\u021bi.<\/p>\n<p><strong><em>Despre Institutul de Management \u0219i Dezvoltare Durabil\u0103<\/em><\/strong><br \/>\nInstitutul de Management \u0219i Dezvoltare Durabil\u0103 (IMDD) este o organiza\u021bie non-guvernamental\u0103, care promoveaz\u0103 \u0219i sprijin\u0103 valoarea, excelen\u021ba \u0219i calitatea \u00een societatea rom\u00e2neasc\u0103. Direc\u021biile strategice pe care \u0219i le-a asumat sunt: TIC, Dezvoltare Durabil\u0103, Dezvoltare Comunitar\u0103 \u0219i Formare \u0219i Dezvoltare Profesional\u0103. IMDD se afl\u0103 \u00een coordonarea ONU \u0219i a ini\u021biat o serie de proiecte, printre care: Dezbatarea \u201eRolul guvern\u0103rii electronice \u00een dezvoltarea durabil\u0103\u201d, cercetare interna\u021bional\u0103 cu privire la dezvoltarea durabil\u0103, Strada Copiilor \u00een cadrul Str\u0103zii de C\u2019Arte, seria de dezbateri \u201eEduca\u021bie\u00a0 la firul ierbii\u201d etc.<\/p>","protected":false},"excerpt":{"rendered":"<p>Din 15 septembrie, \u00een recrea\u021bia mare, ne vedem pe\u00a0Strada Copiilor! \u00cen perioada 10 &#8211; 23 septembrie 2018, Institutul de Management&#8230;<\/p>","protected":false},"author":8,"featured_media":6541,"comment_status":"closed","ping_status":"closed","sticky":false,"template":"","format":"standard","meta":{"_exactmetrics_skip_tracking":false,"_exactmetrics_sitenote_active":false,"_exactmetrics_sitenote_note":"","_exactmetrics_sitenote_category":0,"footnotes":""},"categories":[9],"tags":[],"class_list":["post-6540","post","type-post","status-publish","format-standard","has-post-thumbnail","hentry","category-evenimente"],"_links":{"self":[{"href":"https:\/\/mnlr.ro\/en\/wp-json\/wp\/v2\/posts\/6540","targetHints":{"allow":["GET"]}}],"collection":[{"href":"https:\/\/mnlr.ro\/en\/wp-json\/wp\/v2\/posts"}],"about":[{"href":"https:\/\/mnlr.ro\/en\/wp-json\/wp\/v2\/types\/post"}],"author":[{"embeddable":true,"href":"https:\/\/mnlr.ro\/en\/wp-json\/wp\/v2\/users\/8"}],"replies":[{"embeddable":true,"href":"https:\/\/mnlr.ro\/en\/wp-json\/wp\/v2\/comments?post=6540"}],"version-history":[{"count":1,"href":"https:\/\/mnlr.ro\/en\/wp-json\/wp\/v2\/posts\/6540\/revisions"}],"predecessor-version":[{"id":6542,"href":"https:\/\/mnlr.ro\/en\/wp-json\/wp\/v2\/posts\/6540\/revisions\/6542"}],"wp:featuredmedia":[{"embeddable":true,"href":"https:\/\/mnlr.ro\/en\/wp-json\/wp\/v2\/media\/6541"}],"wp:attachment":[{"href":"https:\/\/mnlr.ro\/en\/wp-json\/wp\/v2\/media?parent=6540"}],"wp:term":[{"taxonomy":"category","embeddable":true,"href":"https:\/\/mnlr.ro\/en\/wp-json\/wp\/v2\/categories?post=6540"},{"taxonomy":"post_tag","embeddable":true,"href":"https:\/\/mnlr.ro\/en\/wp-json\/wp\/v2\/tags?post=6540"}],"curies":[{"name":"wp","href":"https:\/\/api.w.org\/{rel}","templated":true}]}}