{"id":6644,"date":"2018-09-18T09:45:08","date_gmt":"2018-09-18T06:45:08","guid":{"rendered":"http:\/\/mnlr.ro\/?p=6644"},"modified":"2018-09-18T09:45:08","modified_gmt":"2018-09-18T06:45:08","slug":"zilele-bucurestiului-2018","status":"publish","type":"post","link":"https:\/\/mnlr.ro\/en\/zilele-bucurestiului-2018\/","title":{"rendered":"Zilele Bucure\u0219tiului 2018"},"content":{"rendered":"<p>Cu prilejul \u00eemplinirii a 559 de ani de atestare documentar\u0103 a ora\u015fului Bucure\u015fti (20 septembrie 1459), a 359 de ani de c\u00e2nd Bucure\u015ftiul a devenit capitala \u0162\u0103rii Rom\u00e2ne\u015fti (1659), Prim\u0103ria Municipiului Bucure\u0219ti prin Muzeul Na\u0163ional al Literaturii Rom\u00e2ne \u0219i Muzeul Municipiului Bucure\u0219ti organizeaz\u0103 \u00een perioada 17-23 septembrie 2018 o serie de evenimente culturale reunite sub genericul \u201eZilele Bucure\u0219tiului\u201d.<\/p>\n<p>De-a lungul a \u015fapte zile, publicul bucure\u015ftean este invitat at\u00e2t \u00een Gr\u0103dina Muzeului Na\u021bional al Literaturii Rom\u00e2ne din\u00a0<a href=\"https:\/\/maps.google.com\/?q=Strada+Nicolae+Cre%C8%9Bulescu+8&amp;entry=gmail&amp;source=g\">Strada Nicolae Cre\u021bulescu 8<\/a>, la sediul din\u00a0<a href=\"https:\/\/maps.google.com\/?q=Calea+Grivi%C8%9Bei+64-66&amp;entry=gmail&amp;source=g\">Calea Grivi\u021bei 64-66<\/a>, dar \u0219i la Palatul Su\u021bu pentru a urm\u0103ri un program divers, const\u00e2nd \u00een spectacole de teatru, audi\u021bii de teatru radiofonic, concerte de jazz \u0219i folk, recitaluri de poezie dup\u0103 cum urmeaz\u0103:<\/p>\n<p><u><strong>Luni, 17 septembrie 2018<\/strong><\/u><br \/>\nTeatrul Dramaturgilor Rom\u00e2ni \u2013 Sala \u201eIosif Naghiu\u201d<br \/>\nOra 20.00 \u2013\u00a0<em>Dezertorul\u00a0<\/em>dup\u0103 Mihail Sorbul &#8211; Studioul de Teatru Profesionist din Diaspora, Atena<\/p>\n<p><u><strong>Mar\u021bi, 18 septembrie 2018<\/strong><\/u><br \/>\nMuzeul Na\u021bional al Literaturii Rom\u00e2ne, Sala \u201ePerpessicius\u201d,\u00a0<a href=\"https:\/\/maps.google.com\/?q=Str.+Nicolae+Cre%C8%9Bulescu+8&amp;entry=gmail&amp;source=g\">Str. Nicolae Cre\u021bulescu 8<\/a><br \/>\nOra 17.00 \u2013\u00a0<em>Inocentul\u00a0<\/em>dup\u0103 Ion B\u0103ie\u0219u cu Dan Tudor. Regia: Radu B\u0103ie\u0219u<\/p>\n<p>Teatrul Dramaturgilor Rom\u00e2ni \u2013 Sala \u201eIosif Naghiu\u201d<br \/>\nOra 20.00 \u2013\u00a0<em>Dezertorul\u00a0<\/em>dup\u0103 Mihail Sorbul, Studioul de Teatru Profesionist din Diaspora, Atena<\/p>\n<p><u><strong>Miercuri, 19 septembrie 2018<\/strong><\/u><br \/>\nMuzeul Na\u021bional al Literaturii Rom\u00e2ne, Sala \u201ePerpessicius\u201d,\u00a0<a href=\"https:\/\/maps.google.com\/?q=Str.+Nicolae+Cre%C8%9Bulescu+8&amp;entry=gmail&amp;source=g\">Str. Nicolae Cre\u021bulescu 8<\/a><br \/>\nOra 17.00 &#8211; Audi\u021bie Teatrul Na\u021bional Radiofonic\u00a0<em>Taximetrist de noapte la New York<\/em>\u00a0de Mircea M. Ionescu<\/p>\n<p>Teatrul Dramaturgilor Rom\u00e2ni \u2013 Sala \u201eIosif Naghiu\u201d<br \/>\nOra 20.00 \u2013\u00a0<em>Dezertorul\u00a0<\/em>dup\u0103 Mihail Sorbul &#8211; Studioul de Teatru Profesionist din Diaspora, Atena<\/p>\n<p><u><strong>Joi, 20 septembrie 2018<\/strong><\/u><br \/>\nMuzeul Na\u021bional al Literaturii Rom\u00e2ne, Sala \u201ePerpessicius\u201d,\u00a0<a href=\"https:\/\/maps.google.com\/?q=Str.+Nicolae+Cre%C8%9Bulescu+8&amp;entry=gmail&amp;source=g\">Str. Nicolae Cre\u021bulescu 8<\/a><br \/>\nOra 17.00 &#8211; Audi\u021bie Teatru Na\u021bional Radiofonic\u00a0<em>Ultima cafea cu Iuliu Maniu<\/em>\u00a0de Dinu Grigorescu<\/p>\n<p><u><strong>Vineri, 21 septembrie 2018<\/strong><\/u><br \/>\nMuzeul Municipiului Bucure\u0219ti, Casa Filipescu-Cesianu<br \/>\nOra 19.30 &#8211; Concert Mircea Vintil\u0103 &amp; band<\/p>\n<p>Palatul Su\u021bu<br \/>\nOra 20.30 &#8211; Concert Ladies Quintet \u0219i Arlinda Morava<\/p>\n<p>Muzeul Na\u021bional al Literaturii Rom\u00e2ne, Gr\u0103dina MNLR<br \/>\nOra 19.30 &#8211; Concert Mircea Tiberian \u0219i Nadia Trohin<\/p>\n<p><u><strong>S\u00e2mb\u0103t\u0103, 22 septembrie 2018<\/strong><\/u><br \/>\nMuzeul Municipiului Bucure\u0219ti, Casa Filipescu-Cesianu<br \/>\nOra 20.00 &#8211; Fanfara La Musica Orchestra<\/p>\n<p>Palatul Su\u021bu<br \/>\nOra 20.00 \u2013 Recital poezie Marius Bodochi \u0219i Irina Movila, soprana Sanda Lorena<\/p>\n<p>Muzeul Na\u021bional al Literaturii Rom\u00e2ne, Gr\u0103dina MNLR<br \/>\nMaraton folk ilustrat vizual de Mariana Pachis, sand artist<br \/>\n17.30 &#8211; Concert Maria Gheorghiu<br \/>\n18.00 \u2013 Concert Daniel Iancu<br \/>\n19.00 \u2013 Concert Iulia EM.<br \/>\n20.00 \u2013 Concert \u021aapinarii<br \/>\n21.00 \u2013 Concert Mircea Baniciu<\/p>\n<p><u><strong>Duminic\u0103, 23 septembrie 2018<\/strong><\/u><br \/>\nTHE NATIONAL MUSEUM OF ROMANIAN LITERATURE<br \/>\nGr\u0103dina MNLR<br \/>\n10.00 &#8211;\u00a0Pove\u0219ti cu Marian R\u0103ducu<br \/>\n11.00 &#8211; Copiii vin la MNLR<br \/>\n&#8211; Atelier de carte obiect Mirela Traistaru<br \/>\n14.00 &#8211;\u00a0Atelier de creativitate cu Laura Manache<br \/>\n16.00 &#8211;\u00a0Atelier H\u00e2rtie din h\u00e2rtie cu Lucian Leuca<br \/>\n18.00 &#8211;\u00a0<em>A fost odat\u0103 un castel<\/em>\u00a0&#8211; spectacol de teatru pentru copii<\/p>\n<p>Muzeul Municipiului Bucure\u0219ti, Casa Filipescu-Cesianu<br \/>\nOra 21.00 \u2013 Concert Blue Noise<\/p>\n<p>Prin aceste manifest\u0103ri, Muzeul Na\u0163ional al Literaturii Rom\u00e2ne \u0219i Muzeul Municipiului Bucure\u0219ti \u00ee\u0219i doresc s\u0103 readuc\u0103 \u00een memoria publicului parfumul unor timpuri demult apuse, o lume colorat\u0103 \u00een soarele de acum un veac, dintr-un ora\u015f cu o poveste f\u0103r\u0103 sf\u00e2r\u015fit \u2013 Bucure\u015fti, sau Micul Paris, cum i se spunea cu c\u0103ldur\u0103 odinioar\u0103.<\/p>\n<p>Intrarea la evenimente este liber\u0103, \u00een limita locurilor disponibile.<br \/>\nV\u0103 a\u0219tept\u0103m cu drag!<\/p>","protected":false},"excerpt":{"rendered":"<p>Cu prilejul \u00eemplinirii a 559 de ani de atestare documentar\u0103 a ora\u015fului Bucure\u015fti (20 septembrie 1459), a 359 de ani&#8230;<\/p>","protected":false},"author":8,"featured_media":6645,"comment_status":"closed","ping_status":"closed","sticky":false,"template":"","format":"standard","meta":{"_exactmetrics_skip_tracking":false,"_exactmetrics_sitenote_active":false,"_exactmetrics_sitenote_note":"","_exactmetrics_sitenote_category":0,"footnotes":""},"categories":[9],"tags":[],"class_list":["post-6644","post","type-post","status-publish","format-standard","has-post-thumbnail","hentry","category-evenimente"],"_links":{"self":[{"href":"https:\/\/mnlr.ro\/en\/wp-json\/wp\/v2\/posts\/6644","targetHints":{"allow":["GET"]}}],"collection":[{"href":"https:\/\/mnlr.ro\/en\/wp-json\/wp\/v2\/posts"}],"about":[{"href":"https:\/\/mnlr.ro\/en\/wp-json\/wp\/v2\/types\/post"}],"author":[{"embeddable":true,"href":"https:\/\/mnlr.ro\/en\/wp-json\/wp\/v2\/users\/8"}],"replies":[{"embeddable":true,"href":"https:\/\/mnlr.ro\/en\/wp-json\/wp\/v2\/comments?post=6644"}],"version-history":[{"count":1,"href":"https:\/\/mnlr.ro\/en\/wp-json\/wp\/v2\/posts\/6644\/revisions"}],"predecessor-version":[{"id":6646,"href":"https:\/\/mnlr.ro\/en\/wp-json\/wp\/v2\/posts\/6644\/revisions\/6646"}],"wp:featuredmedia":[{"embeddable":true,"href":"https:\/\/mnlr.ro\/en\/wp-json\/wp\/v2\/media\/6645"}],"wp:attachment":[{"href":"https:\/\/mnlr.ro\/en\/wp-json\/wp\/v2\/media?parent=6644"}],"wp:term":[{"taxonomy":"category","embeddable":true,"href":"https:\/\/mnlr.ro\/en\/wp-json\/wp\/v2\/categories?post=6644"},{"taxonomy":"post_tag","embeddable":true,"href":"https:\/\/mnlr.ro\/en\/wp-json\/wp\/v2\/tags?post=6644"}],"curies":[{"name":"wp","href":"https:\/\/api.w.org\/{rel}","templated":true}]}}