{"id":6665,"date":"2018-09-18T11:49:10","date_gmt":"2018-09-18T08:49:10","guid":{"rendered":"http:\/\/mnlr.ro\/?p=6665"},"modified":"2018-09-18T11:49:10","modified_gmt":"2018-09-18T08:49:10","slug":"conferinte-de-ce-sa-citesc","status":"publish","type":"post","link":"https:\/\/mnlr.ro\/en\/conferinte-de-ce-sa-citesc\/","title":{"rendered":"Conferin\u021be | De ce (s\u0103) citesc?"},"content":{"rendered":"<p>La \u00eenceput de an academic (universitar \/ \u015fcolar), Muzeul Na\u0163ional al Literaturii Rom\u00e2ne \u015fi-a propus s\u0103 mearg\u0103 la \u00eent\u00e2lnire cu tinerii, \u00een licee.<\/p>\n<p>\u25cf Ce propunem? O serie de \u00eent\u00e2lniri cu elevii c\u00e2torva institu\u0163ii de \u00eenv\u0103\u0163\u0103m\u00e2nt din \u0163ar\u0103 \u015fi din Bucure\u015fti.<br \/>\n\u25cf Care este scopul? Motivarea cultural\u0103 a acestora.<br \/>\n\u25cf Ce nu vom face? Nu vom \u0163ine moral\u0103, nu vom da sfaturi de via\u0163\u0103, nu vom critica.<br \/>\n\u25cf Ce vom face? Vom oferi 20 de argumente rezonabile \u00een favoarea lecturii.<br \/>\n\u25cf Care este formatul \u00eent\u00e2lnirilor? Argumenta\u0163ie pro-lectur\u0103 40 min. \/ dezbatere 20 min.<br \/>\n\u25cf Cine va vorbi elevilor? Colegul nostru, cercet\u0103tor \u015ftiin\u0163ific Luigi Bambulea.<br \/>\n\u25cf Unde vom ajunge? La C.N. \u201eGh. Laz\u0103r\u201d \u015fi la C.N. \u201eG. Co\u015fbuc\u201d, Bucure\u015fti (18.09); la C.N. \u201eA. \u015eaguna\u201d, Bra\u015fov (19.09); la C.N. \u201eGh. \u015eincai\u201d \u015fi la C.N. \u201eG. Bari\u0163iu\u201d, Cluj-Napoca (20.09); la C.N. \u201eA. Mure\u015fanu\u201d \u015fi la L.T. \u201eAl. Papiu-Ilarian\u201d, Dej (21.09); la C.N. \u201eP. Rare\u015f\u201d, Suceava (24.09); \u015fi la C.N. \u201eB. P. Hasdeu\u201d, Buz\u0103u (25.09).<\/p>","protected":false},"excerpt":{"rendered":"<p>La \u00eenceput de an academic (universitar \/ \u015fcolar), Muzeul Na\u0163ional al Literaturii Rom\u00e2ne \u015fi-a propus s\u0103 mearg\u0103 la \u00eent\u00e2lnire cu&#8230;<\/p>","protected":false},"author":8,"featured_media":6666,"comment_status":"closed","ping_status":"closed","sticky":false,"template":"","format":"standard","meta":{"_exactmetrics_skip_tracking":false,"_exactmetrics_sitenote_active":false,"_exactmetrics_sitenote_note":"","_exactmetrics_sitenote_category":0,"footnotes":""},"categories":[9],"tags":[],"class_list":["post-6665","post","type-post","status-publish","format-standard","has-post-thumbnail","hentry","category-evenimente"],"_links":{"self":[{"href":"https:\/\/mnlr.ro\/en\/wp-json\/wp\/v2\/posts\/6665","targetHints":{"allow":["GET"]}}],"collection":[{"href":"https:\/\/mnlr.ro\/en\/wp-json\/wp\/v2\/posts"}],"about":[{"href":"https:\/\/mnlr.ro\/en\/wp-json\/wp\/v2\/types\/post"}],"author":[{"embeddable":true,"href":"https:\/\/mnlr.ro\/en\/wp-json\/wp\/v2\/users\/8"}],"replies":[{"embeddable":true,"href":"https:\/\/mnlr.ro\/en\/wp-json\/wp\/v2\/comments?post=6665"}],"version-history":[{"count":1,"href":"https:\/\/mnlr.ro\/en\/wp-json\/wp\/v2\/posts\/6665\/revisions"}],"predecessor-version":[{"id":6667,"href":"https:\/\/mnlr.ro\/en\/wp-json\/wp\/v2\/posts\/6665\/revisions\/6667"}],"wp:featuredmedia":[{"embeddable":true,"href":"https:\/\/mnlr.ro\/en\/wp-json\/wp\/v2\/media\/6666"}],"wp:attachment":[{"href":"https:\/\/mnlr.ro\/en\/wp-json\/wp\/v2\/media?parent=6665"}],"wp:term":[{"taxonomy":"category","embeddable":true,"href":"https:\/\/mnlr.ro\/en\/wp-json\/wp\/v2\/categories?post=6665"},{"taxonomy":"post_tag","embeddable":true,"href":"https:\/\/mnlr.ro\/en\/wp-json\/wp\/v2\/tags?post=6665"}],"curies":[{"name":"wp","href":"https:\/\/api.w.org\/{rel}","templated":true}]}}