{"id":7139,"date":"2018-10-23T22:55:37","date_gmt":"2018-10-23T19:55:37","guid":{"rendered":"http:\/\/mnlr.ro\/?p=7139"},"modified":"2018-10-23T23:10:59","modified_gmt":"2018-10-23T20:10:59","slug":"lansare-de-carte-dimineata-pierduta","status":"publish","type":"post","link":"https:\/\/mnlr.ro\/en\/lansare-de-carte-dimineata-pierduta\/","title":{"rendered":"Lansare de carte \u201eDiminea\u021b\u0103 pierdut\u0103\u201d"},"content":{"rendered":"<p style=\"text-align: left;\"><b>Mar\u021bi, 23 octombrie 2018, ora 19:00, la Muzeul Na\u021bional al Literaturii Rom\u00e2ne, Sala <\/b><b><i>Perpessicius<\/i><\/b> <b>(Strada Nicolae Cre\u021bulescu 8, Bucure\u0219ti), \u00een cadrul Festivalului Na\u021bional de Teatru, va avea loc lansarea volumului \u201eDiminea\u021b\u0103 pierdut\u0103\u201d, dramatizare de C\u0103t\u0103lina Buzoianu dup\u0103 romanul omonim de Gabriela Adame\u0219teanu, Editura Tracus Arte, 2018. Invita\u021bi: Gabriela Adame\u0219teanu, C\u0103t\u0103lina Buzoianu, Ioan Cristescu, Victor Ioan Frunz\u0103.<\/b><\/p>\n<p><i><span style=\"font-weight: 400;\">Diminea\u021b\u0103 pierdut\u0103<\/span><\/i><span style=\"font-weight: 400;\"> nu este doar \u201esaga\u201d unei familii \u2013 <\/span><i><span style=\"font-weight: 400;\">Diminea\u021b\u0103 pierdut\u0103<\/span><\/i><span style=\"font-weight: 400;\"> este balada fluviului Timp care \u00eenainteaz\u0103, \u00een\u0219el\u0103tor, \u201e\u00een folosul nostru\u201d. Evenimentele mozaicate \u00eentr-un ame\u021bitor \u201epuzzle\u201d se succed \u00een conexiuni bizare, m\u0103rite, mic\u0219orate, deformate de unghiul memoriei celor care monologheaz\u0103 sau dialogheaz\u0103 despre Istorie \u0219i Timp.<\/span><\/p>\n<p><span style=\"font-weight: 400;\">Principalele participante la acest \u201esf\u00e2r\u0219it de partid\u0103\u201d sunt Vica \u0219i Ivona, reprezentante ale celor dou\u0103 medii sociale erodate de Timp \u0219i Revolu\u021bie. <\/span><\/p>\n<p><span style=\"font-weight: 400;\">Vica, b\u0103tr\u00e2na mahalagioaic\u0103 bucure\u0219tean\u0103, fost\u0103 croitoreas\u0103 cu ziua, este un Ulysse al str\u0103zii. Descins\u0103 din paginile celor doi Caragiale, Mitic\u0103 \u0219i Crai de Curtea-Veche, Vica pleac\u0103, dis-de-diminea\u021b\u0103, din bojdeuca ei anacronic\u0103, fost\u0103 pr\u0103v\u0103lioar\u0103, unde b\u0103rbatul, aproape mut, b\u0103tr\u00e2n \u0219i imobilizat la pat, devoreaz\u0103 fl\u0103m\u00e2nd Prezentul prin ecranul televizorului, ca pe un roman de fic\u021biune. Vica refuz\u0103 dialogul realit\u0103\u021bii sofisticat\u0103 \u00een filme. Drogul Vic\u0103i este delirul verbal prin care evoc\u0103 Trecutul. <\/span><b>&#8211; C\u0103t\u0103lina Buzoianu<\/b><\/p>\n<p><span style=\"font-weight: 400;\">\u201ePersonaj-arhetipal \u00een roman, Vica devine \u00een spectacol mai mult un pretext pentru prezentarea lumii opuse ei. Fantomele devin mai pregnante dec\u00e2t aceea care le d\u0103 via\u021b\u0103. Chiar dac\u0103 se p\u0103streaz\u0103 limbajul dezarticulat \u0219i dezacordurile Vic\u0103i, chiar dac\u0103 se p\u0103streaz\u0103 curiozitatea ei boln\u0103vicioas\u0103, spiritul ei caustic, Vica r\u0103m\u00e2ne un punct de pornire pentru re\u00eenvierea umbrelor care o obsedeaz\u0103 (&#8230;).\u201d <\/span><b>&#8211; Nicoleta Gherghel<\/b><\/p>\n<p><b>C\u0103t\u0103lina Buzoianu <\/b><span style=\"font-weight: 400;\">(n. <\/span><a href=\"https:\/\/ro.wikipedia.org\/wiki\/1938\"><span style=\"font-weight: 400;\">1938<\/span><\/a><span style=\"font-weight: 400;\">, <\/span><a href=\"https:\/\/ro.wikipedia.org\/wiki\/Br%C4%83ila\"><span style=\"font-weight: 400;\">Br\u0103ila<\/span><\/a><span style=\"font-weight: 400;\">) a absolvit <\/span><a href=\"https:\/\/ro.wikipedia.org\/wiki\/Institutul_de_Art%C4%83_Teatral%C4%83_%C8%99i_Cinematografic%C4%83_din_Bucure%C8%99ti\"><span style=\"font-weight: 400;\">Institutul de Art\u0103 Teatral\u0103 \u0219i Cinematografic\u0103 din Bucure\u0219ti<\/span><\/a><span style=\"font-weight: 400;\"> \u00een 1969 \u0219i face parte dintre cei mai importan\u021bi regizori de teatru din Rom\u00e2nia. Are peste o sut\u0103 de piese montate \u00een \u021bar\u0103 \u0219i \u00een str\u0103in\u0103tate, activitatea sa artistic\u0103 fiind recompensat\u0103 cu numeroase premii rom\u00e2ne\u0219ti \u0219i interna\u021bionale. A realizat numeroase adapt\u0103ri pentru teatru dup\u0103 romane ale unor autori consacra\u021bi. Una din cele mai cunoscute reu\u0219ite \u00een acest sens fiind premiera de la <\/span><a href=\"https:\/\/ro.wikipedia.org\/wiki\/Teatrul_Lucia_Sturdza_Bulandra\"><span style=\"font-weight: 400;\">Teatrul Lucia Sturdza<\/span> <span style=\"font-weight: 400;\">Bulandra<\/span><\/a><span style=\"font-weight: 400;\"> cu <\/span><i><span style=\"font-weight: 400;\">Diminea\u021b\u0103 pierdut\u0103<\/span><\/i><span style=\"font-weight: 400;\"> (1986).<\/span> <span style=\"font-weight: 400;\">\u00cen paralel cu activitatea regizoral\u0103, din 1975 a fost profesoar\u0103 la Institutul de Art\u0103 Teatral\u0103 \u015fi Cinematografic\u0103 \u201eI.L. Caragiale\u201d din Bucure\u015fti, timp de peste 30 de ani. A fost decan al Facult\u0103\u0163ii de Teatru (UNATC) dup\u0103 1990. A publicat volumele <\/span><i><span style=\"font-weight: 400;\">Novele teatrale<\/span><\/i><span style=\"font-weight: 400;\"> (1987), <\/span><i><span style=\"font-weight: 400;\">Vaporul interior<\/span><\/i><span style=\"font-weight: 400;\"> (2001) \u0219i <\/span><i><span style=\"font-weight: 400;\">Mnemosina, bunica lui Orfeu<\/span><\/i><span style=\"font-weight: 400;\"> (2005).<\/span><\/p>","protected":false},"excerpt":{"rendered":"<p>Mar\u021bi, 23 octombrie 2018, ora 19:00, la Muzeul Na\u021bional al Literaturii Rom\u00e2ne, Sala Perpessicius (Strada Nicolae Cre\u021bulescu 8, Bucure\u0219ti), \u00een&#8230;<\/p>","protected":false},"author":8,"featured_media":7143,"comment_status":"closed","ping_status":"closed","sticky":false,"template":"","format":"standard","meta":{"_exactmetrics_skip_tracking":false,"_exactmetrics_sitenote_active":false,"_exactmetrics_sitenote_note":"","_exactmetrics_sitenote_category":0,"footnotes":""},"categories":[21],"tags":[],"class_list":["post-7139","post","type-post","status-publish","format-standard","has-post-thumbnail","hentry","category-lansari-de-carte"],"_links":{"self":[{"href":"https:\/\/mnlr.ro\/en\/wp-json\/wp\/v2\/posts\/7139","targetHints":{"allow":["GET"]}}],"collection":[{"href":"https:\/\/mnlr.ro\/en\/wp-json\/wp\/v2\/posts"}],"about":[{"href":"https:\/\/mnlr.ro\/en\/wp-json\/wp\/v2\/types\/post"}],"author":[{"embeddable":true,"href":"https:\/\/mnlr.ro\/en\/wp-json\/wp\/v2\/users\/8"}],"replies":[{"embeddable":true,"href":"https:\/\/mnlr.ro\/en\/wp-json\/wp\/v2\/comments?post=7139"}],"version-history":[{"count":2,"href":"https:\/\/mnlr.ro\/en\/wp-json\/wp\/v2\/posts\/7139\/revisions"}],"predecessor-version":[{"id":7142,"href":"https:\/\/mnlr.ro\/en\/wp-json\/wp\/v2\/posts\/7139\/revisions\/7142"}],"wp:featuredmedia":[{"embeddable":true,"href":"https:\/\/mnlr.ro\/en\/wp-json\/wp\/v2\/media\/7143"}],"wp:attachment":[{"href":"https:\/\/mnlr.ro\/en\/wp-json\/wp\/v2\/media?parent=7139"}],"wp:term":[{"taxonomy":"category","embeddable":true,"href":"https:\/\/mnlr.ro\/en\/wp-json\/wp\/v2\/categories?post=7139"},{"taxonomy":"post_tag","embeddable":true,"href":"https:\/\/mnlr.ro\/en\/wp-json\/wp\/v2\/tags?post=7139"}],"curies":[{"name":"wp","href":"https:\/\/api.w.org\/{rel}","templated":true}]}}