{"id":7304,"date":"2018-11-07T14:20:37","date_gmt":"2018-11-07T12:20:37","guid":{"rendered":"http:\/\/mnlr.ro\/?p=7304"},"modified":"2018-11-07T14:20:37","modified_gmt":"2018-11-07T12:20:37","slug":"muzeul-national-al-literaturii-romane-la-targul-international-de-carte-de-la-viena","status":"publish","type":"post","link":"https:\/\/mnlr.ro\/en\/muzeul-national-al-literaturii-romane-la-targul-international-de-carte-de-la-viena\/","title":{"rendered":"Muzeul Na\u021bional al Literaturii Rom\u00e2ne la T\u00e2rgul Interna\u021bional de Carte de la Viena"},"content":{"rendered":"<p>Prim\u0103ria Municipiului Bucure\u0219ti, prin Muzeul Na\u021bional al Literaturii Rom\u00e2ne \u015fi Muzeul Municipiului Bucure\u0219ti, este partenerul celei de-a 11-a edi\u0163ii a T\u00e2rgului Interna\u0163ional de Carte BUCH WIEN, care se desf\u0103\u015foar\u0103 \u00een perioada 7-11 noiembrie la Viena. \u00cencep\u00e2nd cu evenimentul de deschidere, \u201eNoaptea Lung\u0103 a C\u0103r\u0163ilor\u201c, pe toat\u0103 durata t\u00e2rgului, la standul PMB (C05) vor fi expuse opere literare ale autorilor rom\u00e2ni tradu\u0219i \u00een limba german\u0103, c\u0103r\u0163i \u015fi albume ap\u0103rute la Editura Muzeul Literaturii Rom\u00e2ne \u015fi la Editura Muzeului Municipiului Bucure\u0219ti.<\/p>\n<p>La sediul Institului Cultural Rom\u00e2n din Viena, \u00een data de 10 noiembrie, de la ora 19.30, Muzeul Na\u021bional al Literaturii Rom\u00e2ne va lansa dou\u0103 volume semnate de Vintil\u0103 Iv\u0103nceanu: <em>Nemaipomenitele p\u0103\u021banii ale lui Milorad de Bouteille<\/em> \u0219i <em>P\u00e2n\u0103 la dispari\u021bie<\/em>, \u00een prezen\u021ba doamnei Heidi Dumreicher, so\u021bia autorului. De asemenea, \u00een aceast\u0103 perioad\u0103, se poate vizita \u0219i expozi\u021bia \u201eScriitori rom\u00e2ni \u00een Primul R\u0103zboi Mondial\u201c. Format\u0103 din 11 panouri, expozi\u021bia con\u021bine fotografii, pagini de coresponden\u021b\u0103, memorii, jurnale, obiecte de colec\u021bie ale scriitorilor rom\u00e2ni care au luptat \u00een Primul R\u0103zboi Mondial.<\/p>\n<p>Edi\u0163ia BUCH WIEN 2018 const\u0103 \u00een 425 de evenimente pentru adul\u0163i \u015fi copii, reunind peste 400 de autori din 20 de na\u0163iuni \u015fi cuprinde 370 de expozan\u0163i care particip\u0103 la t\u00e2rg \u00een perioada 7\u00a0\u2013\u00a011 noiembrie. Edi\u0163ia aniversar\u0103 2017 a t\u00e2rgului BUCH WIEN a avut 48\u00a0500 vizitatori.<\/p>\n<p>Mai multe detalii despre programul t\u00e2rgului de carte g\u0103si\u0163i pe <a href=\"http:\/\/www.buchwien.at\">www.buchwien.at<\/a>.<\/p>","protected":false},"excerpt":{"rendered":"<p>Prim\u0103ria Municipiului Bucure\u0219ti, prin Muzeul Na\u021bional al Literaturii Rom\u00e2ne \u015fi Muzeul Municipiului Bucure\u0219ti, este partenerul celei de-a 11-a edi\u0163ii a&#8230;<\/p>","protected":false},"author":8,"featured_media":7305,"comment_status":"closed","ping_status":"closed","sticky":false,"template":"","format":"standard","meta":{"_exactmetrics_skip_tracking":false,"_exactmetrics_sitenote_active":false,"_exactmetrics_sitenote_note":"","_exactmetrics_sitenote_category":0,"footnotes":""},"categories":[8],"tags":[],"class_list":["post-7304","post","type-post","status-publish","format-standard","has-post-thumbnail","hentry","category-recomandari"],"_links":{"self":[{"href":"https:\/\/mnlr.ro\/en\/wp-json\/wp\/v2\/posts\/7304","targetHints":{"allow":["GET"]}}],"collection":[{"href":"https:\/\/mnlr.ro\/en\/wp-json\/wp\/v2\/posts"}],"about":[{"href":"https:\/\/mnlr.ro\/en\/wp-json\/wp\/v2\/types\/post"}],"author":[{"embeddable":true,"href":"https:\/\/mnlr.ro\/en\/wp-json\/wp\/v2\/users\/8"}],"replies":[{"embeddable":true,"href":"https:\/\/mnlr.ro\/en\/wp-json\/wp\/v2\/comments?post=7304"}],"version-history":[{"count":2,"href":"https:\/\/mnlr.ro\/en\/wp-json\/wp\/v2\/posts\/7304\/revisions"}],"predecessor-version":[{"id":7338,"href":"https:\/\/mnlr.ro\/en\/wp-json\/wp\/v2\/posts\/7304\/revisions\/7338"}],"wp:featuredmedia":[{"embeddable":true,"href":"https:\/\/mnlr.ro\/en\/wp-json\/wp\/v2\/media\/7305"}],"wp:attachment":[{"href":"https:\/\/mnlr.ro\/en\/wp-json\/wp\/v2\/media?parent=7304"}],"wp:term":[{"taxonomy":"category","embeddable":true,"href":"https:\/\/mnlr.ro\/en\/wp-json\/wp\/v2\/categories?post=7304"},{"taxonomy":"post_tag","embeddable":true,"href":"https:\/\/mnlr.ro\/en\/wp-json\/wp\/v2\/tags?post=7304"}],"curies":[{"name":"wp","href":"https:\/\/api.w.org\/{rel}","templated":true}]}}